{"id":117428,"date":"2025-12-19T13:20:38","date_gmt":"2025-12-19T13:20:38","guid":{"rendered":"https:\/\/www.europesays.com\/no\/117428\/"},"modified":"2025-12-19T13:20:38","modified_gmt":"2025-12-19T13:20:38","slug":"kjokkennedleggelse-nok-en-gang-rbnett-no","status":"publish","type":"post","link":"https:\/\/www.europesays.com\/no\/117428\/","title":{"rendered":"Kj\u00f8kkennedleggelse nok en gang &#8211; rbnett.no"},"content":{"rendered":"<p> Kort oppsummert<\/p>\n<ul data-testid=\"ul\" data-v-81d7dc2b=\"\" data-v-b2d275fa=\"\">\n<li data-testid=\"ul-list-item\" data-v-b2d275fa=\"\">\n<p data-testid=\"textWithMarkup-text\" data-v-b2d275fa=\"\" data-v-62d58f52=\"\">Det var planer om et sentralkj\u00f8kken i \u00c5ndalsnes for 10 \u00e5r siden.<\/p>\n<\/li>\n<li data-testid=\"ul-list-item\" data-v-b2d275fa=\"\">\n<p data-testid=\"textWithMarkup-text\" data-v-b2d275fa=\"\" data-v-62d58f52=\"\">Matomsorgsprisen 2017 ble tildelt for innsats i Molde matomsorg.<\/p>\n<\/li>\n<li data-testid=\"ul-list-item\" data-v-b2d275fa=\"\">\n<p data-testid=\"textWithMarkup-text\" data-v-b2d275fa=\"\" data-v-62d58f52=\"\">Forebygging og tilpasning er viktig for m\u00e5ltidskvaliteten i sykehjem og omsorgsinstitusjoner.<\/p>\n<\/li>\n<\/ul>\n<p>Oppsummeringen er laget av KI-verkt\u00f8yet ChatGPT og kvalitetssikret av v\u00e5re journalister.<br \/><a href=\"https:\/\/www.rbnett.no\/nyheter\/i\/5EJ9XX\/redaksjonelle-retningslinjer-for-bruk-av-kunstig-intelligens-i-romsdals-budstikke\" target=\"_blank\" rel=\"nofollow noopener\">Les mer om hvordan vi forholder oss til kunstig intelligens.<\/a>Vis mer <\/p>\n<p data-testid=\"textWithMarkup-text\" data-v-81d7dc2b=\"\" data-v-62d58f52=\"\">P\u00e5 denne tiden jobbet jeg som kj\u00f8kkensjef p\u00e5 Glomstua omsorgssenter i Molde. Jeg engasjerte meg i saken som er livsviktig for de som er avhengig av andre for \u00e5 f\u00e5 m\u00e5ltidene sine gjennom matomsorgen. Planene ble skrinlagt. <\/p>\n<p data-testid=\"textWithMarkup-text\" data-v-81d7dc2b=\"\" data-v-62d58f52=\"\">Jeg har pr\u00f8vd \u00e5 informere og \u00f8ke kompetansen p\u00e5 egne fagdager til b\u00e5de de som jobber innen matomsorgen, men ogs\u00e5 beslutningstakere og politikere. Bes\u00f8kende fra hele landet deltok. For denne innsatsen ble jeg tildelt Matomsorgsprisen i 2017. <\/p>\n<p data-testid=\"textWithMarkup-text\" data-v-81d7dc2b=\"\" data-v-62d58f52=\"\">Forslagsstiller og dav\u00e6rende ordf\u00f8rer Torgeir Dahl takket meg personlig da jeg flyttet til Oslo for: \u00abfantastisk innsats for matomsorgen i Molde og regionen. Du er et godt forbilde for alle medarbeidere som brenner for jobben og som v\u00e5ger \u00e5 g\u00e5 i front for kvalitet.\u00bb<\/p>\n<p data-testid=\"textWithMarkup-text\" data-v-81d7dc2b=\"\" data-v-62d58f52=\"\">Det var den gang det. Han fikk ogs\u00e5 med seg beregninger uf\u00f8rt av professor Arild Hervik, som dessverre nylig gikk bort, som viste at hvis matomb\u00e6ring til eldre i Molde kommune f\u00f8rte til et \u00e5rs utsettelse p\u00e5 innlegging p\u00e5 institusjon ville det forsvare hele kostnaden med denne tjenesten.<br \/>\nForebygging og tilrettelegging har en mye st\u00f8rre verdi enn man er klar over, men er vanskelig \u00e5 finne igjen i debatter n\u00e5r det gjelder \u00e5 legge ned kj\u00f8kkentjenesten.<\/p>\n<p data-testid=\"textWithMarkup-text\" data-v-81d7dc2b=\"\" data-v-62d58f52=\"\">Menon Economics kom med en rapport i 2022 som beregnet samfunnskostnadene med underern\u00e6ring til 31,7 milliarder kroner p\u00e5 \u00e5rsbasis i Norge. Det viser at n\u00e6ringsriktige og tilpassede m\u00e5ltider til en befolkningsgruppe som har en forekomst av underern\u00e6ring p\u00e5 mellom 30-60% har et enormt potensial.<\/p>\n<p>Les ogs\u00e5:<a class=\"article-link horizontal\" aria-label=\"Relatert artikkel\" href=\"https:\/\/www.rbnett.no\/nyheter\/n\/2p12jr\/stort-fakkeltog-for-aa-berge-kjoekkenet-i-et-hjem-lages-det-mat\" data-v-7b3bb948=\"\" data-v-abbe8158=\"\" rel=\"nofollow noopener\" target=\"_blank\">Her g\u00e5r bygda i fakkeltog mot Molde kommune <\/a><\/p>\n<p data-testid=\"textWithMarkup-text\" data-v-81d7dc2b=\"\" data-v-62d58f52=\"\">N\u00e5r man vurderer \u00e5 f\u00e5 m\u00e5ltider levert fra sykehuset p\u00e5 Hjelset m\u00e5 man jo undre hvorfor ikke sykehuset i \u00c5lesund \u00f8nsket \u00e5 f\u00e5 maten levert derfra. Innen samme helseforetaket?<\/p>\n<p data-testid=\"textWithMarkup-text\" data-v-81d7dc2b=\"\" data-v-62d58f52=\"\">Det er n\u00e6rheten til bruker\/pasient som er avgj\u00f8rende for kvaliteten p\u00e5 m\u00e5ltidene. Ikke n\u00f8dvendigvis beregnet n\u00e6ringsinnhold, men alle faktorer som bidrar om vedkommende faktisk spiser maten. Faktorer som matlyst, lukt, smak, konsistens, utseende, valgmulighet og s\u00e5 videre. De faktorer vi vurderer n\u00e5r vi selv spiser ute p\u00e5 restaurant, som gjest, og hvilken restaurant vi velger. De vi koker for innen matomsorgen har ikke det valget. Det er kj\u00f8kkenets oppgave og ansvar \u00e5 levere mat som de \u00f8nsker og klarer \u00e5 spise p\u00e5 det tidspunktet de er mottakelig for det. Den oppgaven greier man ikke n\u00e5r man ikke er tett p\u00e5 bruker. Det ansvaret greier man ikke \u00e5 oppfylle uten \u00e5 ha kokker med riktig kompetanse p\u00e5 stedet.<\/p>\n<p data-testid=\"textWithMarkup-text\" data-v-81d7dc2b=\"\" data-v-62d58f52=\"\">Et sykehuskj\u00f8kken produserer mat til pasienter som er innom i en begrenset periode og som ikke n\u00f8dvendigvis har samme behov og utfordringer til sykehjemsbeboere som er avhengig av riktig ern\u00e6ring, konsistens og tilpasninger over lengre perioder. Derfor b\u00f8r man skille disse fra hverandre fordi behovene er forskjellige.<\/p>\n<p>Les ogs\u00e5:<a class=\"article-link horizontal\" aria-label=\"Relatert artikkel\" href=\"https:\/\/www.rbnett.no\/nyheter\/n\/Gx1WqB\/kjoekkendebatten-varslet-statsforvalteren-om-mulig-lovbrudd\" data-v-7b3bb948=\"\" data-v-abbe8158=\"\" rel=\"nofollow noopener\" target=\"_blank\">Varslet om mulig lovbrudd <\/a><\/p>\n<p data-testid=\"textWithMarkup-text\" data-v-81d7dc2b=\"\" data-v-62d58f52=\"\">Om man legger ut middagsproduksjonen p\u00e5 anbud til eksterne mister man r\u00e5deretten over kvaliteten p\u00e5 maten man serverer til de svakeste innbyggere i kommunen. Til de som har bygd opp kommunen med alle sine fantastiske kvaliteter.<\/p>\n<p data-testid=\"textWithMarkup-text\" data-v-81d7dc2b=\"\" data-v-62d58f52=\"\">Ca 40% av beboerne p\u00e5 sykehjemmene har behov for tilpasninger i form av smak, lukt, konsistens eller enkelte eller kompliserte dietter eller allergier. 75-80% har nedsatt smak og luktesans som krever ekstra tiltak for at de skal f\u00e5 samme smaksopplevelse som vanlige friske folk.<\/p>\n<p data-testid=\"textWithMarkup-text\" data-v-81d7dc2b=\"\" data-v-62d58f52=\"\">Dette er gjerne de svakeste p\u00e5 sykehjemmene. Det er de som trenger \u00e5 f\u00e5 i seg all den n\u00e6ringen de kan, for ikke \u00e5 komme med p\u00e5 den stadig stigende andelen av statistikken som best\u00e5r av eldre som er underern\u00e6rt. Det finnes ingen ensformig, standardisert gruppe som heter &laquo;de eldre&raquo;. Den eldre delen av befolkningen best\u00e5r ogs\u00e5 i Molde av individer med egne behov, \u00f8nsker og aversjoner.<\/p>\n<p>Les ogs\u00e5:<a class=\"article-link horizontal\" aria-label=\"Relatert artikkel\" href=\"https:\/\/www.rbnett.no\/nyheter\/n\/K8vRe4\/har-dette-blitt-godt-nok-utredet\" data-v-7b3bb948=\"\" data-v-abbe8158=\"\" rel=\"nofollow noopener\" target=\"_blank\">Advarer mot \u00e5 legge ned: \u2013 Alle hjem har et kj\u00f8kken <\/a><\/p>\n<p data-testid=\"textWithMarkup-text\" data-v-81d7dc2b=\"\" data-v-62d58f52=\"\">For mange av beboerne p\u00e5 sykehjemmene er maten dagens h\u00f8ydepunkt og kanskje det eneste som fortsatt gir livslyst og livskvalitet. Da m\u00e5 man ikke fjerne dette. For selv om man kan f\u00e5 levert mat utenfra, s\u00e5 fjerner man matkompetansen fra sykehjemmene. Helsedirektoratet har nettopp fastsl\u00e5tt at manglende matkompetanse er en stor utfordring i kampen mot underern\u00e6ring.<\/p>\n<p data-testid=\"textWithMarkup-text\" data-v-81d7dc2b=\"\" data-v-62d58f52=\"\">Hvis man kan sette en pris p\u00e5 livskvalitet og multiplisere det med antall beboere p\u00e5 sykehjem dekker man fort inn det man &laquo;fantaserer&raquo; seg til som innsparte kostnader.<\/p>\n<p data-testid=\"textWithMarkup-text\" data-v-81d7dc2b=\"\" data-v-62d58f52=\"\">I tillegg kommer \u00f8kt matsvinn, forurensende plastbruk, microplast, manglende reaksjonsevne ved endrede dietter og andre kostnadsdrivende eller forurensende faktorer man aldri finner i beslutningsgrunnlaget.<\/p>\n<p data-testid=\"textWithMarkup-text\" data-v-81d7dc2b=\"\" data-v-62d58f52=\"\">Jeg h\u00e5per at kommunepolitikerne i Molde bruker den sunne fornuften jeg vet de har.<\/p>\n<p data-testid=\"textWithMarkup-text\" data-v-81d7dc2b=\"\" data-v-62d58f52=\"\">Jeg ber ikke for min egen syke mor, men for alle deres egne syke m\u00f8dre, fedre og eller beste- og oldeforeldre som trenger dere n\u00e5.<\/p>\n<p>Les ogs\u00e5:<a class=\"article-link horizontal\" aria-label=\"Relatert artikkel\" href=\"https:\/\/www.rbnett.no\/meninger\/n\/e71wX9\/kjoekken-ved-institusjoner-i-kommunen\" data-v-7b3bb948=\"\" data-v-abbe8158=\"\" rel=\"nofollow noopener\" target=\"_blank\"><\/p>\n<p> Molde by m\u00e5 vurdere dette med beredskap <\/p>\n<p><\/a>Les ogs\u00e5:<a class=\"article-link horizontal\" aria-label=\"Relatert artikkel\" href=\"https:\/\/www.rbnett.no\/nyheter\/n\/q6nxlO\/400-personer-i-fakkeltog-maa-kjempe-for-alt-vi-har\" data-v-7b3bb948=\"\" data-v-abbe8158=\"\" rel=\"nofollow noopener\" target=\"_blank\"><img decoding=\"async\" src=\"https:\/\/www.europesays.com\/no\/wp-content\/uploads\/2025\/12\/a9d6e0d79d29aaaad14d86a91d270f65.jpg\" alt=\"Relatert artikkel\" loading=\"lazy\" data-v-154b73f6=\"\" data-v-72acdf53=\"\"\/>400 m\u00f8tte opp: \u2013 M\u00e5 kjempe for alt vi har  <\/a> <\/p>\n","protected":false},"excerpt":{"rendered":"Kort oppsummert Det var planer om et sentralkj\u00f8kken i \u00c5ndalsnes for 10 \u00e5r siden. Matomsorgsprisen 2017 ble tildelt&hellip;\n","protected":false},"author":2,"featured_media":117429,"comment_status":"","ping_status":"","sticky":false,"template":"","format":"standard","meta":{"footnotes":""},"categories":[10],"tags":[20,21,24,25,15,22,23,13,30,28,29,14,16,26,27],"class_list":{"0":"post-117428","1":"post","2":"type-post","3":"status-publish","4":"format-standard","5":"has-post-thumbnail","7":"category-norge","8":"tag-breaking-news","9":"tag-breakingnews","10":"tag-featured-news","11":"tag-featurednews","12":"tag-headlines","13":"tag-latest-news","14":"tag-latestnews","15":"tag-news","16":"tag-no","17":"tag-norge","18":"tag-norway","19":"tag-nyheter","20":"tag-overskrifter","21":"tag-top-stories","22":"tag-topstories"},"share_on_mastodon":{"url":"https:\/\/pubeurope.com\/@no\/115746441021848021","error":""},"_links":{"self":[{"href":"https:\/\/www.europesays.com\/no\/wp-json\/wp\/v2\/posts\/117428","targetHints":{"allow":["GET"]}}],"collection":[{"href":"https:\/\/www.europesays.com\/no\/wp-json\/wp\/v2\/posts"}],"about":[{"href":"https:\/\/www.europesays.com\/no\/wp-json\/wp\/v2\/types\/post"}],"author":[{"embeddable":true,"href":"https:\/\/www.europesays.com\/no\/wp-json\/wp\/v2\/users\/2"}],"replies":[{"embeddable":true,"href":"https:\/\/www.europesays.com\/no\/wp-json\/wp\/v2\/comments?post=117428"}],"version-history":[{"count":0,"href":"https:\/\/www.europesays.com\/no\/wp-json\/wp\/v2\/posts\/117428\/revisions"}],"wp:featuredmedia":[{"embeddable":true,"href":"https:\/\/www.europesays.com\/no\/wp-json\/wp\/v2\/media\/117429"}],"wp:attachment":[{"href":"https:\/\/www.europesays.com\/no\/wp-json\/wp\/v2\/media?parent=117428"}],"wp:term":[{"taxonomy":"category","embeddable":true,"href":"https:\/\/www.europesays.com\/no\/wp-json\/wp\/v2\/categories?post=117428"},{"taxonomy":"post_tag","embeddable":true,"href":"https:\/\/www.europesays.com\/no\/wp-json\/wp\/v2\/tags?post=117428"}],"curies":[{"name":"wp","href":"https:\/\/api.w.org\/{rel}","templated":true}]}}