{"id":117430,"date":"2025-12-19T13:21:14","date_gmt":"2025-12-19T13:21:14","guid":{"rendered":"https:\/\/www.europesays.com\/no\/117430\/"},"modified":"2025-12-19T13:21:14","modified_gmt":"2025-12-19T13:21:14","slug":"chelsea-trener-enzo-maresca-om-manchester-city-ryktene","status":"publish","type":"post","link":"https:\/\/www.europesays.com\/no\/117430\/","title":{"rendered":"Chelsea-trener Enzo Maresca om Manchester City-ryktene"},"content":{"rendered":"\n<p class=\"_lead_o9xde_2 _lead_xtcu6_50 layout-component text-serif-m layout-normal text-serif-l layout-component layout-wide layout-padded _wide_17hqh_1 layout-padded\">Chelsea-trener Enzo Maresca har blitt lansert som Manchester City-trener.<\/p>\n<p><img alt=\"N\u00e5tid og mulig fremtid. Pep Guardiola er Manchester City-trener og Enzo Maresca lanseres som hans mulige arvtager. Foto: JASON CAIRNDUFF \/ Reuters\" class=\"_image_qp4xg_65 layout-component layout-wide\" data-fullscreen- data-track-element-type=\"Article image fullscreen\" data-track-name=\"ImageFullscreen\" fetchpriority=\"high\" decoding=\"sync\" loading=\"eager\" height=\"524\" itemprop=\"image\"  src=\"https:\/\/www.europesays.com\/no\/wp-content\/uploads\/2025\/12\/938894c7-b3cd-454e-8729-c6b8435c607a\"  style=\"object-position:0% 0%\" width=\"932\"\/>N\u00e5tid og mulig fremtid. Pep Guardiola er Manchester City-trener og Enzo Maresca lanseres som hans mulige arvtager. Foto: JASON CAIRNDUFF \/ Reuters<\/p>\n<ul aria-hidden=\"true\" class=\"_images_ntbth_112\">\n<li><a class=\"_link_ntbth_117\" href=\"https:\/\/www.vg.no\/forfatter\/mads-thygesen\" style=\"z-index:1\" title=\"Mads Thygesen\" rel=\"nofollow noopener\" target=\"_blank\"><img alt=\"Bilde av Mads Thygesen\" class=\"_image_ntbth_93\" fetchpriority=\"low\" loading=\"lazy\" decoding=\"async\" itemprop=\"image\"  src=\"https:\/\/www.europesays.com\/no\/wp-content\/uploads\/2025\/12\/1766150474_806_d82576b6-c31c-43fc-a223-28ce8745295c\"  width=\"480\"\/><\/a><\/li>\n<\/ul>\n<p> Oppdatert fredag 19. desember kl. 14:06    <\/p>\n<ul class=\"_list_o9xde_3 _list_64s2r_85 _unordered_o9xde_106 text-sans-m\">\n<li class=\"_item_o9xde_30\">Chelsea-trener Enzo Maresca avviser rykter om \u00e5 bli ny trener i Manchester City.<\/li>\n<li class=\"_item_o9xde_30\">Maresca sier ryktene kun er spekulasjoner og at han er fokusert p\u00e5 Chelsea.<\/li>\n<li class=\"_item_o9xde_30\">Anerkjent journalist David Ornstein hevder Pep Guardiola kan forlate City etter sesongen.<\/li>\n<li class=\"_item_o9xde_30\">Maresca avviser ogs\u00e5 rykter om en retur til Juventus.<\/li>\n<\/ul>\n<p>Vis mer <\/p>\n<p class=\"_paragraph_o9xde_4 _paragraph_xtcu6_10 layout-component text-serif-m layout-normal text-serif-m layout-padded\">P\u00e5 en pressekonferanse fredag tok italieneren bladet fra munnen og svarte p\u00e5 sp\u00f8rsm\u00e5l om ryktene som har florert de siste dagene.<\/p>\n<p class=\"_paragraph_o9xde_4 _paragraph_xtcu6_10 layout-component text-serif-m layout-normal text-serif-m layout-padded\">\u2013 Det p\u00e5virker meg ikke, fordi jeg vet at det er 100 prosent spekulasjon, og jeg har ikke tid til slike ting, svarte Maresca.<\/p>\n<p class=\"_paragraph_o9xde_4 _paragraph_xtcu6_10 layout-component text-serif-m layout-normal text-serif-m layout-padded\">Chelsea-sjefen ses p\u00e5 av mange som en h\u00f8yaktuell kandidat til \u00e5 bli Pep Guardiolas etterf\u00f8lger i <a href=\"https:\/\/www.vg.no\/tag\/manchester-city?utm_source=vg-article&amp;utm_medium=auto-tagger&amp;utm_campaign=JOool7\" class=\"_link_o9xde_39\" rel=\"nofollow noopener\" target=\"_blank\">Manchester City<\/a>. <\/p>\n<p class=\"_paragraph_o9xde_4 _paragraph_xtcu6_10 layout-component text-serif-m layout-normal text-serif-m layout-padded\">Torsdag tok anerkjente journalisten David Ornstein til ordet for at <a href=\"https:\/\/www.vg.no\/i\/j0P4bq\" data-track-element-type=\"Link\" data-track-id=\"link:j0P4bq\" class=\"_link_o9xde_39\" rel=\"nofollow noopener\" target=\"_blank\">spanjolen kan v\u00e6re ferdig<\/a> i klubben etter sesongen.<\/p>\n<p class=\"_paragraph_o9xde_4 _paragraph_xtcu6_10 layout-component text-serif-m layout-normal text-serif-m layout-padded\">Ornstein viste til kilder i og rundt klubben til Erling Braut Haaland og Oscar Bobb. Han skrev at det var en \u00ab\u00f8kende forventning\u00bb til at Guardiola takker for seg i mai.<\/p>\n<p class=\"_paragraph_o9xde_4 _paragraph_xtcu6_10 layout-component text-serif-m layout-normal text-serif-m layout-padded\">P\u00e5 sp\u00f8rsm\u00e5l om han sitter i sjefsstolen p\u00e5 Stamford Bridge ogs\u00e5 neste sesong svarte Maresca.<\/p>\n<p class=\"_paragraph_o9xde_4 _paragraph_xtcu6_10 layout-component text-serif-m layout-normal text-serif-m layout-padded\">\u2013 Ja, absolutt. Jeg har kontrakt fram til 2029. Det er spekulasjoner, 100 prosent. Jeg har ingenting \u00e5 si fordi jeg ikke f\u00f8lger med p\u00e5 spekulasjonene.<\/p>\n<p class=\"_root_1xq52_1\" lang=\"en\" dir=\"auto\">\ud83d\udea8 Enzo Maresca: \u201cMan City links? It\u2019s 100% speculation. No time for that\u201d.<\/p>\n<p>\u201cI have a contract here at Chelsea until 2029. My focus is just on this club and I am proud to be here\u201d.<\/p>\n<p>\u201cIt&#8217;s important to understand why this news was there but it is just speculation\u201d. <\/p>\n<p class=\"_paragraph_o9xde_4 _paragraph_xtcu6_10 layout-component text-serif-m layout-normal text-serif-m layout-padded\">\u2013 Fokuset mitt er \u00e5 p\u00e5 denne klubben og jeg er stolt over \u00e5 v\u00e6re her, fortsatte han.<\/p>\n<p class=\"_paragraph_o9xde_4 _paragraph_xtcu6_10 layout-component text-serif-m layout-normal text-serif-m layout-padded\">Samme dag noen timer senere holdt Pep Guardiola pressekonferanse og fikk sp\u00f8rsm\u00e5l om sin fremtid i klubben \u2013 noe han har f\u00e5tt flere ganger tidligere.<\/p>\n<p class=\"_paragraph_o9xde_4 _paragraph_xtcu6_10 layout-component text-serif-m layout-normal text-serif-m layout-padded\">\u2013 Jeg har svart p\u00e5 det sp\u00f8rsm\u00e5let f\u00f8r. Jeg er her. Hva som kommer til \u00e5 skje vet jeg ikke. Selv om jeg hadde hatt en ti- eller seks\u00e5rs kontrakt endrer fotballen seg mye, svarte spanjolen.<\/p>\n<p class=\"_paragraph_o9xde_4 _paragraph_xtcu6_10 layout-component text-serif-m layout-normal text-serif-m layout-padded\">\u2013 N\u00e5 fokuserer jeg p\u00e5 West Ham og etter det golf med faren min, det er alt, fortsatte Guardiola.<\/p>\n<p class=\"_paragraph_o9xde_4 _paragraph_xtcu6_10 layout-component text-serif-m layout-normal text-serif-m layout-padded\">Det er ikke bare Manchester City som angivelig er lystne p\u00e5 \u00e5 ansette italienske Maresca. Pep Guardiolas tidligere assistent skal v\u00e6re \u00f8nsket i hjemlandet.<\/p>\n<p class=\"_paragraph_o9xde_4 _paragraph_xtcu6_10 layout-component text-serif-m layout-normal text-serif-m layout-padded\">Sp\u00f8rsm\u00e5l om hans tanke rundt trenerjobben i Juventus ble ogs\u00e5 besvart fredag. <\/p>\n<p class=\"_paragraph_o9xde_4 _paragraph_xtcu6_10 layout-component text-serif-m layout-normal text-serif-m layout-padded\">If\u00f8lge Maresca er det ikke aktuelt \u00e5 ta over klubben han spilte for fra 2000 til 2004. <\/p>\n<p class=\"_paragraph_o9xde_4 _paragraph_xtcu6_10 layout-component text-serif-m layout-normal text-serif-m layout-padded\">\u2013 For en uke siden i Italia, var det det samme med Juventus. Jeg bryr meg ikke om det. Det er viktig \u00e5 forst\u00e5 hvorfor disse nyhetene kom, men det er bare spekulasjoner, forsikret Chelsea-treneren.<\/p>\n","protected":false},"excerpt":{"rendered":"Chelsea-trener Enzo Maresca har blitt lansert som Manchester City-trener. N\u00e5tid og mulig fremtid. Pep Guardiola er Manchester City-trener&hellip;\n","protected":false},"author":2,"featured_media":117431,"comment_status":"","ping_status":"","sticky":false,"template":"","format":"standard","meta":{"footnotes":""},"categories":[5],"tags":[20,21,1693,24,25,92,15,19,22,23,17,18,671,13,30,28,29,14,16,2124,26,27],"class_list":{"0":"post-117430","1":"post","2":"type-post","3":"status-publish","4":"format-standard","5":"has-post-thumbnail","7":"category-overskrifter","8":"tag-breaking-news","9":"tag-breakingnews","10":"tag-chelsea-fc","11":"tag-featured-news","12":"tag-featurednews","13":"tag-fotball","14":"tag-headlines","15":"tag-hovedoppslag","16":"tag-latest-news","17":"tag-latestnews","18":"tag-main-news","19":"tag-mainnews","20":"tag-manchester-city","21":"tag-news","22":"tag-no","23":"tag-norge","24":"tag-norway","25":"tag-nyheter","26":"tag-overskrifter","27":"tag-pep-guardiola","28":"tag-top-stories","29":"tag-topstories"},"share_on_mastodon":{"url":"https:\/\/pubeurope.com\/@no\/115746444977819491","error":""},"_links":{"self":[{"href":"https:\/\/www.europesays.com\/no\/wp-json\/wp\/v2\/posts\/117430","targetHints":{"allow":["GET"]}}],"collection":[{"href":"https:\/\/www.europesays.com\/no\/wp-json\/wp\/v2\/posts"}],"about":[{"href":"https:\/\/www.europesays.com\/no\/wp-json\/wp\/v2\/types\/post"}],"author":[{"embeddable":true,"href":"https:\/\/www.europesays.com\/no\/wp-json\/wp\/v2\/users\/2"}],"replies":[{"embeddable":true,"href":"https:\/\/www.europesays.com\/no\/wp-json\/wp\/v2\/comments?post=117430"}],"version-history":[{"count":0,"href":"https:\/\/www.europesays.com\/no\/wp-json\/wp\/v2\/posts\/117430\/revisions"}],"wp:featuredmedia":[{"embeddable":true,"href":"https:\/\/www.europesays.com\/no\/wp-json\/wp\/v2\/media\/117431"}],"wp:attachment":[{"href":"https:\/\/www.europesays.com\/no\/wp-json\/wp\/v2\/media?parent=117430"}],"wp:term":[{"taxonomy":"category","embeddable":true,"href":"https:\/\/www.europesays.com\/no\/wp-json\/wp\/v2\/categories?post=117430"},{"taxonomy":"post_tag","embeddable":true,"href":"https:\/\/www.europesays.com\/no\/wp-json\/wp\/v2\/tags?post=117430"}],"curies":[{"name":"wp","href":"https:\/\/api.w.org\/{rel}","templated":true}]}}