{"id":117432,"date":"2025-12-19T13:22:11","date_gmt":"2025-12-19T13:22:11","guid":{"rendered":"https:\/\/www.europesays.com\/no\/117432\/"},"modified":"2025-12-19T13:22:11","modified_gmt":"2025-12-19T13:22:11","slug":"forholdet-til-amorim-pa-bristepunktet","status":"publish","type":"post","link":"https:\/\/www.europesays.com\/no\/117432\/","title":{"rendered":"Forholdet til Amorim p\u00e5 bristepunktet"},"content":{"rendered":"<p>        Martin Rickett &#8211; PA Images\n    <\/p>\n<p class=\"kicker font-weight-bold m-font-weight-bold tertiary color_mobile_tertiary\" style=\"\">UNITED-JOURNALIST:<\/p>\n<p>Kobbie Mainoo har bare startet \u00e9n kamp denne sesongen og skal ha blitt stadig mer misforn\u00f8yd med mangelen p\u00e5 tillit under R\u00faben Amorims ledelse.<\/p>\n<p class=\"font-weight-bold m-font-weight-bold\" data-lab-font_weight=\"font-weight-bold\">N\u00e5 skal 20-\u00e5ringen v\u00e6re \u00e5pen for \u00e5 forlate Manchester United p\u00e5 en permanent overgang og forholdet til R\u00faben Amorim skal v\u00e6re p\u00e5 bristepunktet.\u00a0<\/p>\n<p class=\"font-weight-bold m-font-weight-bold\" data-lab-font_weight=\"font-weight-bold\">Det melder mange\u00e5rig United-journalist Chris Wheeler for <a href=\"https:\/\/www.dailymail.co.uk\/sport\/football\/article-15399071\/Kobbie-Mainoo-open-permanent-Manchester-United-exit-Insiders-tell-CHRIS-WHEELER-stars-relationship-club-breaking-point-reveal-sees-no-future-Ruben-Amorim-fresh-meeting.html\" target=\"_blank\" rel=\"nofollow noopener\">Daily Mail<\/a>. Han skriver at det blir mer og mer aktuelt at Mainoo forsvinner fra United.\u00a0<\/p>\n<p>Vil dra i januar?<\/p>\n<p>Mainoo har m\u00e5ttet n\u00f8ye seg med alt fra to til 30 minutter lange innhopp denne sesongen i Premier League. Midtbanespillerens eneste kamp fra start var i ligacup-fadesen mot Grimsby.\u00a0\u00a0<\/p>\n<p>Mot Bournemouth mandag tidligere denne uken fikk han sesongens nest lengste Premier League-innhopp og ble tatt imot av Old Trafford-publikummet med et voldsomt br\u00f8l.\u00a0<\/p>\n<p data-lab-font_weight=\"\">Innhoppet hans ble imidlertid overskygget av brorens kontroversielle opptreden p\u00e5 Dr\u00f8mmenes Teater.\u00a0<\/p>\n<p class=\"font-weight-bold m-font-weight-bold\" data-lab-font_weight=\"font-weight-bold\"> Amorim kunne tidligere denne sesongen fortelle at Mainoo kjemper mot Bruno Fernandes om en plass p\u00e5 laget og United-kapteinen har v\u00e6rt blant Uniteds viktigste spillere ogs\u00e5 denne sesongen. <\/p>\n<p>                <img decoding=\"async\" src=\"https:\/\/www.europesays.com\/no\/wp-content\/uploads\/2025\/12\/1400025.webp\" width=\"480\" height=\"274\" title=\"Det har blitt mange innhopp med varierende lengde for Kobbie Mainoo denne sesongen.\" alt=\"Ruben Amorim og Kobbie Mainoo i kampen mot Liverpool, 19. oktober.\" loading=\"lazy\" style=\"\"\/><\/p>\n<p>\n            Det har blitt mange innhopp med varierende lengde for Kobbie Mainoo denne sesongen.<br \/>\n            Ash Donelon\n        <\/p>\n<p>Om mindre enn to uker \u00e5pner overgangsvinduet i januar og if\u00f8lge Wheeler kommer Mainoo til \u00e5 presse p\u00e5 for \u00e5 f\u00e5 til en overgang bort fra United.\u00a0<\/p>\n<p>Engelskmannen \u00f8nsket \u00e5 dra p\u00e5 l\u00e5n i sommer, men da ville ikke United slippe ham. Da var det utelukkende snakk om et rent l\u00e5n uten noen kj\u00f8psopsjoner for \u00e5 f\u00e5 spille fotball og kunne spille seg inn i Englands VM-tropp.\u00a0<\/p>\n<p>N\u00e5 skal imidlertid Mainoo v\u00e6re \u00e5pen for \u00e5 dra permanent eller p\u00e5 en l\u00e5neavtale med kj\u00f8psopsjon.\u00a0<\/p>\n<p class=\"font-weight-bold m-font-weight-bold\" data-lab-font_weight=\"font-weight-bold\">Wheeler skriver at Mainoo ikke ser noen fremtid p\u00e5 Old Trafford under Amorim og at han f\u00f8ler at han ikke har noe annet valg enn \u00e5 f\u00e5 en ny start et annet sted &#8211; selv om intensjonen hans har v\u00e6rt \u00e5 lykkes i United.\u00a0<\/p>\n<p>Det har ogs\u00e5 lenge v\u00e6rt snakk om at United og Mainoo \u00f8nsker \u00e5 forlenge kontrakten, spesielt etter kj\u00f8lvannet av midtbanespillerens str\u00e5lende prestasjon i FA-cupseieren over Manchester City i mai i fjor, men forhandlingene har stoppet helt opp, angivelig\u00a0 p\u00e5 grunn av uenighet om l\u00f8nn.\u00a0<\/p>\n<p>Flere klubber skal v\u00e6re p\u00e5 alerten og det har hele veien v\u00e6rt rykter om at Napoli er i f\u00f8rersetet i jakten p\u00e5 Mainoo.<\/p>\n<p>&#8211; Voksende optimisme i Napoli<\/p>\n<p>If\u00f8lge Wheeler ble storebror Mainoos opptreden p\u00e5 Old Trafford tatt imot med begeistring i S\u00f8r-Italia da de skj\u00f8nte at dette bare ville styrke deres muligheter p\u00e5 \u00e5 hente engelskmannen.\u00a0<\/p>\n<p class=\"font-weight-bold m-font-weight-bold\" data-lab-font_weight=\"font-weight-bold\">Napoli har gode erfaringer med \u00e5 hente spillere fra United. Scott McTominay ble Ballon d&#8217;Or-nominert og k\u00e5ret til sesongens spiller da han var med p\u00e5 \u00e5 skyte\u00a0\u00abI Partenopei\u00bb til seriegull, og Rasmus H\u00f8jlund er i skrivende stund Napolis toppscorer.\u00a0<\/p>\n<p class=\"font-weight-bold m-font-weight-bold\" data-lab-font_weight=\"font-weight-bold\">Det skal v\u00e6re en stadig voksende optimisme i Napoli om at de kan hente Mainoo i januar.\u00a0<\/p>\n<p>        <a itemprop=\"url\" class=\"\" href=\"https:\/\/www.united.no\/nyheter\/det-er-en-myte\/1409737\" data-k5a-url=\"https:\/\/www.united.no\/a\/1409737\" rel=\"nofollow noopener\" target=\"_blank\"><\/p>\n<p>\nTAR UNITED I FORSVAR:\n<\/p>\n<p>            &#8211; Det er en myte<\/p>\n<p>        <\/a><\/p>\n<p>Uniteds standpunkt har hele veien v\u00e6rt at Mainoo ikke skal forlate Old Trafford, men det sp\u00f8rs om ikke utviklingen den siste tiden \u00e5pner d\u00f8rene for at 20-\u00e5ringen forsvinner ut portene p\u00e5 Dr\u00f8mmenes Teater.\u00a0<\/p>\n<p>Det har blitt meldt at United kun vil vurdere \u00e5 selge Mainoo dersom de f\u00e5r et\u00a0\u00abeksepsjonelt tilbud\u00bb, men at \u00e5 signere en erstatter som klubben mener passer enda bedre til Amorims system ogs\u00e5 kan \u00e5pne d\u00f8rene for en Mainoo-exit.\u00a0<\/p>\n<p>United har planer om \u00e5 overhale midtbanen neste \u00e5r og er p\u00e5 jakt etter billige og gode l\u00f8sninger i januar f\u00f8r en st\u00f8rre midtbaneoppussing er ventet til sommeren.\u00a0<\/p>\n<p>        <a itemprop=\"url\" class=\"\" href=\"https:\/\/www.united.no\/nyheter\/fyrer-los-mot-mainoos-bror-idiot\/1409594\" data-k5a-url=\"https:\/\/www.united.no\/a\/1409594\" rel=\"nofollow noopener\" target=\"_blank\"><\/p>\n<p>\nROY KEANE:\n<\/p>\n<p>            Fyrer l\u00f8s mot Mainoos bror: &#8211; Idiot<\/p>\n<p>        <\/a><\/p>\n","protected":false},"excerpt":{"rendered":"Martin Rickett &#8211; PA Images UNITED-JOURNALIST: Kobbie Mainoo har bare startet \u00e9n kamp denne sesongen og skal ha&hellip;\n","protected":false},"author":2,"featured_media":81833,"comment_status":"","ping_status":"","sticky":false,"template":"","format":"standard","meta":{"footnotes":""},"categories":[59],"tags":[30,28,29,83,82],"class_list":{"0":"post-117432","1":"post","2":"type-post","3":"status-publish","4":"format-standard","5":"has-post-thumbnail","7":"category-sport","8":"tag-no","9":"tag-norge","10":"tag-norway","11":"tag-sport","12":"tag-sports"},"share_on_mastodon":{"url":"https:\/\/pubeurope.com\/@no\/115746448803686121","error":""},"_links":{"self":[{"href":"https:\/\/www.europesays.com\/no\/wp-json\/wp\/v2\/posts\/117432","targetHints":{"allow":["GET"]}}],"collection":[{"href":"https:\/\/www.europesays.com\/no\/wp-json\/wp\/v2\/posts"}],"about":[{"href":"https:\/\/www.europesays.com\/no\/wp-json\/wp\/v2\/types\/post"}],"author":[{"embeddable":true,"href":"https:\/\/www.europesays.com\/no\/wp-json\/wp\/v2\/users\/2"}],"replies":[{"embeddable":true,"href":"https:\/\/www.europesays.com\/no\/wp-json\/wp\/v2\/comments?post=117432"}],"version-history":[{"count":0,"href":"https:\/\/www.europesays.com\/no\/wp-json\/wp\/v2\/posts\/117432\/revisions"}],"wp:featuredmedia":[{"embeddable":true,"href":"https:\/\/www.europesays.com\/no\/wp-json\/wp\/v2\/media\/81833"}],"wp:attachment":[{"href":"https:\/\/www.europesays.com\/no\/wp-json\/wp\/v2\/media?parent=117432"}],"wp:term":[{"taxonomy":"category","embeddable":true,"href":"https:\/\/www.europesays.com\/no\/wp-json\/wp\/v2\/categories?post=117432"},{"taxonomy":"post_tag","embeddable":true,"href":"https:\/\/www.europesays.com\/no\/wp-json\/wp\/v2\/tags?post=117432"}],"curies":[{"name":"wp","href":"https:\/\/api.w.org\/{rel}","templated":true}]}}