{"id":117433,"date":"2025-12-19T13:23:15","date_gmt":"2025-12-19T13:23:15","guid":{"rendered":"https:\/\/www.europesays.com\/no\/117433\/"},"modified":"2025-12-19T13:23:15","modified_gmt":"2025-12-19T13:23:15","slug":"arthur-arntzen-er-dod-nrk-troms-og-finnmark","status":"publish","type":"post","link":"https:\/\/www.europesays.com\/no\/117433\/","title":{"rendered":"Arthur Arntzen er d\u00f8d \u2013 NRK Troms og Finnmark"},"content":{"rendered":"<p>Humorlegenden Arthur Arntzen fra Troms\u00f8 ble 88 \u00e5r gammel.<\/p>\n<p><strong>Arntzen er nok best kjent for figuren Oluf Raillkattli, som han stod p\u00e5 scenen med i over 50 \u00e5r.<\/strong><\/p>\n<p>Arthur Arntzen d\u00f8de fredag morgen p\u00e5 Otium bo- og velferdssenter.<\/p>\n<p>S\u00f8nnen Geir Arntzen sier til NRK at faren var syk den siste tida, og sovnet stille inn.<\/p>\n<p>\u2013 Vi var samla hele familien i g\u00e5r kveld og var ogs\u00e5 der i morgentimene da han sovna stille inn, sier han.<\/p>\n<p><img decoding=\"async\"   src=\"data:image\/gif;base64,R0lGODlhAQABAIAAAAAAAP\/\/\/yH5BAEAAAAALAAAAAABAAEAAAIBRAA7\" loading=\"eager\" alt=\"To personer sitter p\u00e5 en sofa, begge med et stort \u00e5rv\u00e5kent katt i fanget. Den f\u00f8rste personen holder katten, mens den andre personen stryker katten over hodet. Begge har p\u00e5 seg komfortable kl\u00e6r og en tepper ligger over kn\u00e6rne til den ene personen. I bakgrunnen henger et kunstverk p\u00e5 veggen. (Bildebeskrivelsen er laget av en KI-tjeneste)\" title=\"Foto: Privat\"\/><\/p>\n<p class=\"\">S\u00f8nnen Geir og faren Arthur Arntzen.<\/p>\n<p>Foto: Privat<\/p>\n<p>Arntzen etterlater seg kone og tre barn.<\/p>\n<p>For familien var Arntzen f\u00f8rst og fremst en pappa.<\/p>\n<p>\u2013 Det har v\u00e6rt helt fantastisk \u00e5 vokse opp med en s\u00e5nn far, sier s\u00f8nnen.<\/p>\n<p>Fikk hele Norge til \u00e5 le<\/p>\n<p>Ordf\u00f8rer i Troms\u00f8, Gunnar Wilhelmsen sier Arntzen har betydd mye for mange.<\/p>\n<p>\u2013 Ikke bare for troms\u00f8folket og nordlendingene, men for hele Norge. B\u00e5de som Oluf, men ogs\u00e5 som samfunnsdebattant har Arthur Arntzen v\u00e6rt viktig for landsdelen og hele landet.<\/p>\n<p><img decoding=\"async\"   src=\"data:image\/gif;base64,R0lGODlhAQABAIAAAAAAAP\/\/\/yH5BAEAAAAALAAAAAABAAEAAAIBRAA7\" loading=\"eager\" alt=\"En mann st\u00e5r foran en statue av Arthur Anstrzen. Han holder en bukett med hvite blomster i h\u00e5nden. Omr\u00e5det rundt er dekket av sn\u00f8, og det er bygninger i bakgrunnen. Lysene fra gatebelysningen gir en dyster stemning. (Bildebeskrivelsen er laget av en KI-tjeneste)\" title=\"Foto: P\u00e5l Hansen \/ NRK\"\/><\/p>\n<p class=\"\">Ordf\u00f8rer i Troms\u00f8 legger ned blomster ved bysten av humorlegenden, som st\u00e5r ved Kulturhuset i Troms\u00f8.<\/p>\n<p>Foto: P\u00e5l Hansen \/ NRK<\/p>\n<p>Egentlig var Arntzen journalist, men det var som forfatter og skuespiller han ble mest kjent.<\/p>\n<p>Med karakteren Oluf Raillkattli ble han landskjent og allemannseie i hele Norge.<\/p>\n<p>Han har ogs\u00e5 skrevet flere b\u00f8ker, og p\u00e5 radio og fjernsyn kommenterte han ulike samtidsfenomen med en h\u00f8yst personlig og frittalende nordnorsk vri.<\/p>\n<p><strong>\u2013 Ja, han sparket oppover. Arntzen var uredd og han brukte en form for dialog som jeg likte veldig godt. Han var som sagt, veldig samfunnsengasjert og hadde et lite glimt i \u00f8yet, men det var ikke noe tvil om hva han mente, sier Troms\u00f8-ordf\u00f8reren. <\/strong><\/p>\n<p>    \u2190<\/p>\n<ul data-scroll-container=\"\" role=\"list\" aria-label=\"Bildegalleri\">\n<li><img alt=\"En person sitter ved et skrivebord med en bok og noen roser i n\u00e6rheten. Det er en lampe p\u00e5 bordet og en statuett som pryder overflaten. Bakgrunnen har vinduer som slipper inn bl\u00e5tt lys, og gardinene er m\u00f8rke. Personen har p\u00e5 seg en vest og skjorte, og ser mot kameraet. (Bildebeskrivelsen er laget av en KI-tjeneste)\"  width=\"3840\" height=\"2159\" loading=\"lazy\"\/>\n<p>Arthur Arntzen som Oluf leser &laquo;Ord for Katten&raquo;. Sendt i Nord og n\u00e5 p\u00e5 lille julaften 1982.<\/p>\n<p> Foto: videograbbet <\/li>\n<li><img alt=\"Tre personer sitter rundt et bord i et rom med beige vegger. En av dem st\u00e5r oppreist og holder en vaskekanne, mens de andre to sitter og ser p\u00e5. Bordet har en kopp og noen kort lagt ut. I bakgrunnen henger et maleri p\u00e5 veggen. (Bildebeskrivelsen er laget av en KI-tjeneste)\"  width=\"3840\" height=\"2159\" loading=\"lazy\"\/>\n<p>Sketsj Farskapssak, Arthur Arntzen og Asle Myrvoll, som Oluf og Lars og en mann som spiller lensmann. Oluf st\u00e5r med kaffekjelen.<\/p>\n<p> Foto: videograbbet <\/li>\n<li><img alt=\"Oslo. OLUF (alias Arthur Arntzen, journalist, Troms\u00f8) opptrer under &quot;\u00c5rets nordprofil&quot;. Sted: Folkets Hus. FOTO: MORTEN HOLM \/ NTB \/ SCANPIX\"  width=\"3840\" height=\"2563\" loading=\"lazy\"\/>\n<p>Oluf, alias Arthur Arntzen, opptrer under &laquo;\u00c5rets nordprofil&raquo; p\u00e5 Folkets Hus i Oslo.<\/p>\n<p> Foto: Morten Holm \/ SCANPIX <\/li>\n<li><img alt=\"Oluf og Tore Skoglund\"  width=\"3840\" height=\"2547\" loading=\"lazy\"\/>\n<p>Da kongeparet bes\u00f8kte Svalbard ble det arrangert festforestilling p\u00e5 Svalbard. Der opptr\u00e5dde &laquo;Oluf&raquo; (Arthur Arntzen) og Tore Skoglund p\u00e5 scenen.<\/p>\n<p> Foto: Jon Eeg \/ NTB scanpix <\/li>\n<li><img alt=\"TROMS\u00d8 20071105:Kjell Snerte og Arthur Arntzen sier de verken hal laget en biografi eller memoarbok, men noe midt i mellom n\u00e5r hitorien om Arhur Arntzens mangfoldige liv presenteres i &quot;Eventyr, latter og t\u00e5rer&quot;. Foto: Jan-Morten Bj\u00f8rnbakk\/SCANPIX\"  width=\"3840\" height=\"1984\" loading=\"lazy\"\/>\n<p>Kjell Snerte og Arthur Arntzen sa de verken hadde laget en biografi eller memoarbok, men noe midt i mellom da historien om Arthur Arntzens mangfoldige liv ble presentert i &laquo;Eventyr, latter og t\u00e5rer&raquo;. <\/p>\n<p> Foto: Jan-Morten Bj\u00f8rnbakk \/ SCANPIX <\/li>\n<li><img alt=\"Jubals Eftf\"  width=\"3840\" height=\"2508\" loading=\"lazy\"\/>\n<p>Arthur Arntzen (foran) med Ola Bremnes, Kari Bremnes og Lars Bremnes.<\/p>\n<p> Foto: Ole Kaland \/ Ole Kaland, NRK <\/li>\n<li><img alt=\"Oslo 19961115: Arthur Arntzen hilser p\u00e5 dronning Sonja p\u00e5 Det Norske Teatret fredag kveld. Kong Harald i bakgrunnen. Kongeparet var p\u00e5 teatret for \u00e5 se Arntzens &quot; Den ford\u00f8mte nordlending.&quot; (NTB-foto: Terje Bendiksby \/ POOL)\"  width=\"3840\" height=\"2814\" loading=\"lazy\"\/>\n<p>Arthur Arntzen hilste p\u00e5 dronning Sonja p\u00e5 Det Norske Teatret i 1996. Kong Harald i bakgrunnen. Kongeparet var p\u00e5 teatret for \u00e5 se Arntzens &raquo; Den ford\u00f8mte nordlending.&raquo; <\/p>\n<p> Foto: Terje Bendiksby \/ SCANPIX <\/li>\n<li><img alt=\"Du skal h\u00f8re mye\"  width=\"3840\" height=\"2539\" loading=\"lazy\"\/>\n<p>Hanna Kvanmo, Ingrid &laquo;Mossa&raquo; Evertsen og Arthur Arntzen var gjester i &laquo;Du skal h\u00f8re mye&raquo; (14.10.1988)<\/p>\n<p> Foto: Rolf E. R\u00f8nne \/ Rolf E R\u00f8nne\/NRK <\/li>\n<li><img alt=\"Arthur Arntzen presenterte tirsdag boka &quot;Den ford\u00f8mte nordlendingen&quot;, som han har f\u00f8rt i pennen, mens Dagfinn Bakke har illustrert boka med fargerike tegninger.Foto: Erik Johansen \/ SCANPIX\"  width=\"3840\" height=\"5451\" loading=\"lazy\"\/>\n<p>Arthur Arntzen presenterte boka &laquo;Den ford\u00f8mte nordlendingen&raquo;, som han f\u00f8rte i pennen, mens Dagfinn Bakke illustrerte boka med fargerike tegninger.<\/p>\n<p> Foto: Erik Johansen \/ Scanpix <\/li>\n<li><img alt=\"Kristin R\u00f8ymo og Arthur Arntzen\"  width=\"3840\" height=\"2159\" loading=\"lazy\"\/>\n<p>Tidligere ordf\u00f8rer Kristin R\u00f8ymo og Arthur Arntzen i forbindelse med avdukingen av Arthur Arntzens veg i Troms\u00f8.<\/p>\n<p> Foto: Mohamed Abdulkadir Dahir <\/li>\n<\/ul>\n<p>\u2192<\/p>\n<p>\u2013 Stor rollemodell<\/p>\n<p>Tidligere redakt\u00f8r Jonny Hansen mener Arthur Arntzen var en av de mest betydningsfulle nordlendingene de siste 50\u201360 \u00e5rene.<\/p>\n<p>\u2013 Tidligere var holdninga s\u00f8rp\u00e5 til nordlendinger d\u00e5rlig. men Bod\u00f8\/Glimt og Arthur Arntzen var med p\u00e5 \u00e5 snu den holdninga i 1970-\u00e5rene. Siden har Arntzen hatt stor betydning b\u00e5de som journalist og forfatter, og ikke minst som underholder.<\/p>\n<p><img decoding=\"async\"   src=\"data:image\/gif;base64,R0lGODlhAQABAIAAAAAAAP\/\/\/yH5BAEAAAAALAAAAAABAAEAAAIBRAA7\" loading=\"eager\" alt=\"Jonny Hansen, redakt\u00f8r iTroms\u00f8\" title=\"Foto: Trygve Andreassen\"\/><\/p>\n<p class=\"\">Jonny Hansen er tidligere redakt\u00f8r for b\u00e5de Nordlys og iTroms\u00f8.<\/p>\n<p>Foto: Trygve Andreassen<\/p>\n<p>\u2013 Han etterlater seg et stort etterm\u00e6le, for det han leverte gjennom sitt 88 \u00e5r kommer til \u00e5 st\u00e5 som en av de store i Nord-Norge, sier Hansen.<\/p>\n<p>Tidligere H\u00e5logaland Teater-sjef Nils Johnson beskriver Arntzen som en stor rollemodell.<\/p>\n<p>\u2013 Arthur var jo et stort forbilde for oss som nordlendinger som har st\u00e5tt p\u00e5 scenen. Han gikk inn med en enorm kraft, og han viste en fantastisk kj\u00e6rlighet til det nordnorske folk, sier han.<\/p>\n<p><img decoding=\"async\"   src=\"data:image\/gif;base64,R0lGODlhAQABAIAAAAAAAP\/\/\/yH5BAEAAAAALAAAAAABAAEAAAIBRAA7\" loading=\"eager\" alt=\"Nils Johnson, tidligere sjef, H\u00e5logaland teater, Troms\u00f8.\" title=\"Foto: privat\"\/><\/p>\n<p class=\"\">Tidligere H\u00e5logaland Teater-sjef Nils Johnson.<\/p>\n<p>Foto: privat<\/p>\n<p>Johnson beskriver Arntzen som en enorm klovn og komiker, med en form for selvironi p\u00e5 nordlendingene og hele landsdelen.<\/p>\n<p>\u2013 N\u00e5r jeg s\u00e5 hvor mye han jobba og den kj\u00e6rligheten og respekten til det \u00e5 st\u00e5 p\u00e5 scenen, s\u00e5 var han et fantastisk kraftfullt menneske. Det er jo grusomt trist at han er d\u00f8d, men n\u00e5r jeg tenker p\u00e5 ham s\u00e5 f\u00e5r jeg bare varme i hjertet. Jeg begynner \u00e5 le og tenker p\u00e5 det forbildet han er.<\/p>\n<p><img decoding=\"async\"   src=\"data:image\/gif;base64,R0lGODlhAQABAIAAAAAAAP\/\/\/yH5BAEAAAAALAAAAAABAAEAAAIBRAA7\" loading=\"eager\" alt=\"Oslo. OLUF (alias Arthur Arntzen, journalist, Troms\u00f8) opptrer under &quot;\u00c5rets nordprofil&quot;. Sted: Folkets Hus. FOTO: MORTEN HOLM\" title=\"Foto: SCANPIX\"\/><\/p>\n<p class=\"\">Med karakteren Oluf Raillkattli ble han landskjent og allemannseie i hele Norge.<\/p>\n<p>Foto: SCANPIX<\/p>\n<p>St\u00f8re: \u2013 B\u00e5de skarp og observant<\/p>\n<p>Statsminister Jonas Gahr St\u00f8re sier at Arthur Arntzen var en av v\u00e5re st\u00f8rste humorister og kulturpersonligheter.<\/p>\n<p>Han beskriver humorlegenden som et menneske som gjennom sitt varme skr\u00e5blikk p\u00e5 samfunnet rundt seg, s\u00e6rlig det nordnorske, samlet hele Norge i latter.<\/p>\n<p>\u2013 Som kunstner var Arntzen allsidig: forfatter, musiker og journalist, men det er nok som karakteren Oluf han f\u00f8rst og fremst vil minnes. I hele sitt virke var han b\u00e5de skarp og observant, alltid med dyp omtanke for folket og kulturen i Nord-Norge. Det er med takknemlighet vi minnes Arthur Arntzen i dag, sier han.<\/p>\n<p><img decoding=\"async\"   src=\"data:image\/gif;base64,R0lGODlhAQABAIAAAAAAAP\/\/\/yH5BAEAAAAALAAAAAABAAEAAAIBRAA7\" loading=\"eager\" alt=\"Den ukrainske presidenten Volodymyr Zelenskyj er p\u00e5 plass i Norge for \u00e5 m\u00f8te statsminister Jonas Gahr St\u00f8re (Ap).\" title=\"Foto: Ismail Burak Akkan \/ NRK\"\/><\/p>\n<p class=\"\">Statsminister Jonas Gahr St\u00f8re.<\/p>\n<p>Foto: Ismail Burak Akkan \/ NRK<\/p>\n<p>Arthur Arntzen vokste opp i fattigslige k\u00e5r i Tromsdalen.<\/p>\n<p>Her var det ungdomslaget Freidig som ble sv\u00e6rt avgj\u00f8rende for den retningen livet hans tok.<\/p>\n<p>Her traff han b\u00e5de sin kone, og skikkelsen Oluf s\u00e5 dagens lys.<\/p>\n<p><img decoding=\"async\"   src=\"data:image\/gif;base64,R0lGODlhAQABAIAAAAAAAP\/\/\/yH5BAEAAAAALAAAAAABAAEAAAIBRAA7\" loading=\"eager\" alt=\"Oluf alias Arthur Arntzen.\" title=\"Foto: NRK\"\/><\/p>\n<p class=\"\"> Oluf Raillkattli var Arthur Arntzens alias.<\/p>\n<p>Foto: NRK<\/p>\n<p>Den harselerende og selvironiske Oluf som har f\u00e5tt hele Norge til \u00e5 riste av latter.<\/p>\n<p>Mest kjent er kanskje episoden \u00abFarskapssaken\u00bb, hvor Oluf og Tore Skoglund som lensmann fikk latterkrampe i en TV-overf\u00f8rt oppsetning med Asle Myrvoll som Olufs enfoldige s\u00f8nn Lars.<\/p>\n<p>Oluf og hans s\u00f8nn Lars er et kjent radarpar i nordnorsk humor. I dette programmet m\u00f8ter vi Arthur Arntzen og Asle Myrvoll, mennene bak Oluf og Lars. Ved Tore Skoglund og Torbj\u00f8rn Lax\u00e5.<\/p>\n<p>Fikk flere priser<\/p>\n<p>I 2017 fikk <a href=\"https:\/\/www.nrk.no\/tromsogfinnmark\/arthur-arntzen-fikk-egen-veg_-_-jeg-begynner-a-fornemme-at-dette-er-stort-1.13521718\" ec-id=\"pp:article:1.13521718\" ec-name=\"Arntzen en gate oppkalt etter seg i Tromsdalen i Troms\u00f8.\" rel=\"nofollow noopener\" target=\"_blank\">Arntzen en gate oppkalt etter seg i Tromsdalen i Troms\u00f8.<\/a><\/p>\n<p><strong>Han har ogs\u00e5 f\u00e5tt Folkehelseprisen. Han ble ogs\u00e5 k\u00e5ret til Ridder av 1. klasse av St. Olavs Orden.<\/strong><\/p>\n<p>I Troms\u00f8 hadde Arntzen mindre kjente roller, i politikken og fotballen.<\/p>\n<p>\u2013 Han satt i kommunestyre, han engasjerte seg i idretten og var veldig sentral i TUIL. Jeg er faktisk s\u00e5 voksen at jeg spilte en fotballkamp mot han da jeg var f\u00f8rste \u00e5rs junior. Vi spilte en krets-cupkamp mot hverandre, sier Troms\u00f8-ordf\u00f8reren.<\/p>\n<p><img decoding=\"async\"   src=\"data:image\/gif;base64,R0lGODlhAQABAIAAAAAAAP\/\/\/yH5BAEAAAAALAAAAAABAAEAAAIBRAA7\" loading=\"eager\" alt=\"Blomster ved statuen av avd\u00f8de Arthur Arntzen. Ordf\u00f8rer Gunnar Wilhelmsen troms\u00f8 kommune \" title=\"Foto: Erik Waagb\u00f8 \/ NRK\"\/><\/p>\n<p>Foto: Erik Waagb\u00f8 \/ NRK<\/p>\n<p>Kommentator Egon Holstad i avisa <a href=\"https:\/\/www.itromso.no\/meninger\/i\/eJ36RQ\/han-var-den-stoerste-av-dem-alle\" ec-id=\"https:\/\/www.itromso.no\/meninger\/i\/eJ36RQ\/han-var-den-stoerste-av-dem-alle\" ec-name=\"iTroms\u00f8\" rel=\"nofollow noopener\" target=\"_blank\">iTroms\u00f8<\/a> omtaler Arntzen som den st\u00f8rste av humorlegendene v\u00e5r.<\/p>\n<p>\u2013 Hele Tromsdalens, hele Troms\u00f8s, hele Nord-Norges og hele Norges Arthur Arntzen. Han var en levende legende allerede for mange ti\u00e5r siden, og lenge f\u00f8r han la ned sin egen produksjon av b\u00f8ker, plater og forestillinger, skriver han i et minneord.<\/p>\n<p>Publisert<\/p>\n<p>19.12.2025, kl. 12.32<\/p>\n<p>Oppdatert<\/p>\n<p>19.12.2025, kl. 14.19<\/p>\n","protected":false},"excerpt":{"rendered":"Humorlegenden Arthur Arntzen fra Troms\u00f8 ble 88 \u00e5r gammel. Arntzen er nok best kjent for figuren Oluf Raillkattli,&hellip;\n","protected":false},"author":2,"featured_media":117434,"comment_status":"","ping_status":"","sticky":false,"template":"","format":"standard","meta":{"footnotes":""},"categories":[58],"tags":[71,30,28,29,72],"class_list":{"0":"post-117433","1":"post","2":"type-post","3":"status-publish","4":"format-standard","5":"has-post-thumbnail","7":"category-underholdning","8":"tag-entertainment","9":"tag-no","10":"tag-norge","11":"tag-norway","12":"tag-underholdning"},"share_on_mastodon":{"url":"https:\/\/pubeurope.com\/@no\/115746452480071369","error":""},"_links":{"self":[{"href":"https:\/\/www.europesays.com\/no\/wp-json\/wp\/v2\/posts\/117433","targetHints":{"allow":["GET"]}}],"collection":[{"href":"https:\/\/www.europesays.com\/no\/wp-json\/wp\/v2\/posts"}],"about":[{"href":"https:\/\/www.europesays.com\/no\/wp-json\/wp\/v2\/types\/post"}],"author":[{"embeddable":true,"href":"https:\/\/www.europesays.com\/no\/wp-json\/wp\/v2\/users\/2"}],"replies":[{"embeddable":true,"href":"https:\/\/www.europesays.com\/no\/wp-json\/wp\/v2\/comments?post=117433"}],"version-history":[{"count":0,"href":"https:\/\/www.europesays.com\/no\/wp-json\/wp\/v2\/posts\/117433\/revisions"}],"wp:featuredmedia":[{"embeddable":true,"href":"https:\/\/www.europesays.com\/no\/wp-json\/wp\/v2\/media\/117434"}],"wp:attachment":[{"href":"https:\/\/www.europesays.com\/no\/wp-json\/wp\/v2\/media?parent=117433"}],"wp:term":[{"taxonomy":"category","embeddable":true,"href":"https:\/\/www.europesays.com\/no\/wp-json\/wp\/v2\/categories?post=117433"},{"taxonomy":"post_tag","embeddable":true,"href":"https:\/\/www.europesays.com\/no\/wp-json\/wp\/v2\/tags?post=117433"}],"curies":[{"name":"wp","href":"https:\/\/api.w.org\/{rel}","templated":true}]}}