{"id":117436,"date":"2025-12-19T13:29:09","date_gmt":"2025-12-19T13:29:09","guid":{"rendered":"https:\/\/www.europesays.com\/no\/117436\/"},"modified":"2025-12-19T13:29:09","modified_gmt":"2025-12-19T13:29:09","slug":"manchester-city-treneren-pep-guardiola-om-skadene-og-skaden-til-oscar-bobb","status":"publish","type":"post","link":"https:\/\/www.europesays.com\/no\/117436\/","title":{"rendered":"Manchester City-treneren Pep Guardiola om skadene og skaden til Oscar Bobb"},"content":{"rendered":"\n<p class=\"_lead_o9xde_2 _lead_xtcu6_50 layout-component text-serif-m layout-normal text-serif-l layout-component layout-wide layout-padded _wide_17hqh_1 layout-padded\">Manchester City-treneren h\u00e5per nordmannen snart er tilbake.<\/p>\n<p><img alt=\"Oscar Bobb er skadet og det er usikkert hvor lang tid det tar f\u00f8r han er tilbake. Foto: PHIL NOBLE \/ Reuters\" class=\"_image_qp4xg_65 layout-component layout-wide\" data-fullscreen- data-track-element-type=\"Article image fullscreen\" data-track-name=\"ImageFullscreen\" fetchpriority=\"high\" decoding=\"sync\" loading=\"eager\" height=\"1075\" itemprop=\"image\"  src=\"https:\/\/www.europesays.com\/no\/wp-content\/uploads\/2025\/12\/dea34015-e3f5-4c2a-a347-09a05f6d7a91\"  style=\"object-position:0% 0%\" width=\"1536\"\/>Oscar Bobb er skadet og det er usikkert hvor lang tid det tar f\u00f8r han er tilbake. Foto: PHIL NOBLE \/ Reuters<\/p>\n<ul aria-hidden=\"true\" class=\"_images_ntbth_112\">\n<li><a class=\"_link_ntbth_117\" href=\"https:\/\/www.vg.no\/forfatter\/mads-thygesen\" style=\"z-index:1\" title=\"Mads Thygesen\" rel=\"nofollow noopener\" target=\"_blank\"><img alt=\"Bilde av Mads Thygesen\" class=\"_image_ntbth_93\" fetchpriority=\"low\" loading=\"lazy\" decoding=\"async\" itemprop=\"image\"  src=\"https:\/\/www.europesays.com\/no\/wp-content\/uploads\/2025\/12\/1766150949_319_d82576b6-c31c-43fc-a223-28ce8745295c\"  width=\"480\"\/><\/a><\/li>\n<\/ul>\n<p> Oppdatert fredag 19. desember kl. 14:28    <\/p>\n<ul class=\"_list_o9xde_3 _list_64s2r_85 _unordered_o9xde_106 text-sans-m\">\n<li class=\"_item_o9xde_30\">Pep Guardiola h\u00e5per Oscar Bobb er klar til neste uke etter \u00e5 ha p\u00e5dratt seg en hamstringskade.<\/li>\n<li class=\"_item_o9xde_30\">Manchester City mangler flere store navn f\u00f8r kampen mot West Ham.<\/li>\n<li class=\"_item_o9xde_30\">Crystal Palace er interessert i \u00e5 hente Bobb, som har slitt med spilletid denne sesongen.<\/li>\n<li class=\"_item_o9xde_30\">Bobb er aktuell for VM og troppen til St\u00e5le Solbakken.<\/li>\n<\/ul>\n<p>Vis mer <\/p>\n<p class=\"_paragraph_o9xde_4 _paragraph_xtcu6_10 layout-component text-serif-m layout-normal text-serif-m layout-padded\">L\u00f8rdag tar Manchester City og Erling Braut Haaland imot West Ham i <a href=\"https:\/\/www.vg.no\/tag\/premier-league?utm_source=vg-article&amp;utm_medium=auto-tagger&amp;utm_campaign=RjxLqd\" class=\"_link_o9xde_39\" rel=\"nofollow noopener\" target=\"_blank\">Premier League<\/a>. Troppen til Pep Guardiola mangler noen store navn: Rodri, John Stones og Mateo Kovacic er alle skadet.<\/p>\n<p class=\"_paragraph_o9xde_4 _paragraph_xtcu6_10 layout-component text-serif-m layout-normal text-serif-m layout-padded\">I Ligacupkampen mot Brentford nylig m\u00e5tte Oscar Bobb ut med skade tidlig i f\u00f8rste omgang.<\/p>\n<p class=\"_paragraph_o9xde_4 _paragraph_xtcu6_10 layout-component text-serif-m layout-normal text-serif-m layout-padded\">Etter kampen bekreftet Guardiola at nordmannen hadde p\u00e5dratt seg en hamstring skade, men at han ikke visste hvor lenge Bobb ville v\u00e6re p\u00e5 sidelinjen.<\/p>\n<p class=\"_paragraph_o9xde_4 _paragraph_xtcu6_10 layout-component text-serif-m layout-normal text-serif-m layout-padded\">Fredag m\u00f8tte spanjolen pressen og fikk sp\u00f8rsm\u00e5l om skadesituasjonen laget hans st\u00e5r i og om noen av de nevnte var klare til dyst l\u00f8rdag.<\/p>\n<p class=\"_paragraph_o9xde_4 _paragraph_xtcu6_10 layout-component text-serif-m layout-normal text-serif-m layout-padded\">\u2013 Nei, vi har fem dager f\u00f8r noen kanskje er tilbake, men ingen er klare til i morgen, sa spanjolen p\u00e5 en pressekonferanse.<\/p>\n<p class=\"_paragraph_o9xde_4 _paragraph_xtcu6_10 layout-component text-serif-m layout-normal text-serif-m layout-padded\">Her \u00e5pner Bobb om skaden som holdt ham utenfor i store deler av forrige sesong:<\/p>\n<p class=\"_paragraph_o9xde_4 _paragraph_xtcu6_10 layout-component text-serif-m layout-normal text-serif-m layout-padded\">Bobb har slitt med spilletid denne h\u00f8sten. Cup-kampen mot Brentford var en sjelden sjanse fra start for unggutten.<\/p>\n<p class=\"_paragraph_o9xde_4 _paragraph_xtcu6_10 layout-component text-serif-m layout-normal text-serif-m layout-padded\">Den manglende spilletiden har f\u00f8rt til spekulasjoner og rykter rundt hans fremtid p\u00e5 Etihad. Britisk presse mener \u00e5 vite Crystal Palace er interessert i nordmannen, og at et klubbytte kan skje i januar.<\/p>\n<p class=\"_paragraph_o9xde_4 _paragraph_xtcu6_10 layout-component text-serif-m layout-normal text-serif-m layout-padded\">Neste sommer venter VM i USA, Mexico og Canada og Bobb er aktuell for en plass i troppen til St\u00e5le Solbakken.<\/p>\n<p class=\"_paragraph_o9xde_4 _paragraph_xtcu6_10 layout-component text-serif-m layout-normal text-serif-m layout-padded\">Den manglende spilletiden i klubbhverdagen skal ha v\u00e6rt noe av grunnen til at han har i stor grad kommet inn fra benken ogs\u00e5 p\u00e5 landslaget.<\/p>\n<p class=\"_paragraph_o9xde_4 _paragraph_xtcu6_10 layout-component text-serif-m layout-normal text-serif-m layout-padded\">Bobb var ute nesten hele fjor\u00e5rssesongen med skade. I sesongoppkj\u00f8ringen ble han skadet og var ikke \u00e5 se p\u00e5 banen igjen for de lysebl\u00e5 f\u00f8r helt p\u00e5 tampen av sist sesong.<\/p>\n","protected":false},"excerpt":{"rendered":"Manchester City-treneren h\u00e5per nordmannen snart er tilbake. Oscar Bobb er skadet og det er usikkert hvor lang tid&hellip;\n","protected":false},"author":2,"featured_media":117437,"comment_status":"","ping_status":"","sticky":false,"template":"","format":"standard","meta":{"footnotes":""},"categories":[59],"tags":[92,30,28,29,161,83,82],"class_list":{"0":"post-117436","1":"post","2":"type-post","3":"status-publish","4":"format-standard","5":"has-post-thumbnail","7":"category-sport","8":"tag-fotball","9":"tag-no","10":"tag-norge","11":"tag-norway","12":"tag-premier-league","13":"tag-sport","14":"tag-sports"},"share_on_mastodon":{"url":"https:\/\/pubeurope.com\/@no\/115746476307488577","error":""},"_links":{"self":[{"href":"https:\/\/www.europesays.com\/no\/wp-json\/wp\/v2\/posts\/117436","targetHints":{"allow":["GET"]}}],"collection":[{"href":"https:\/\/www.europesays.com\/no\/wp-json\/wp\/v2\/posts"}],"about":[{"href":"https:\/\/www.europesays.com\/no\/wp-json\/wp\/v2\/types\/post"}],"author":[{"embeddable":true,"href":"https:\/\/www.europesays.com\/no\/wp-json\/wp\/v2\/users\/2"}],"replies":[{"embeddable":true,"href":"https:\/\/www.europesays.com\/no\/wp-json\/wp\/v2\/comments?post=117436"}],"version-history":[{"count":0,"href":"https:\/\/www.europesays.com\/no\/wp-json\/wp\/v2\/posts\/117436\/revisions"}],"wp:featuredmedia":[{"embeddable":true,"href":"https:\/\/www.europesays.com\/no\/wp-json\/wp\/v2\/media\/117437"}],"wp:attachment":[{"href":"https:\/\/www.europesays.com\/no\/wp-json\/wp\/v2\/media?parent=117436"}],"wp:term":[{"taxonomy":"category","embeddable":true,"href":"https:\/\/www.europesays.com\/no\/wp-json\/wp\/v2\/categories?post=117436"},{"taxonomy":"post_tag","embeddable":true,"href":"https:\/\/www.europesays.com\/no\/wp-json\/wp\/v2\/tags?post=117436"}],"curies":[{"name":"wp","href":"https:\/\/api.w.org\/{rel}","templated":true}]}}