{"id":117442,"date":"2025-12-19T13:35:21","date_gmt":"2025-12-19T13:35:21","guid":{"rendered":"https:\/\/www.europesays.com\/no\/117442\/"},"modified":"2025-12-19T13:35:21","modified_gmt":"2025-12-19T13:35:21","slug":"sju-menn-pagrepet-dagbladet","status":"publish","type":"post","link":"https:\/\/www.europesays.com\/no\/117442\/","title":{"rendered":"Sju menn p\u00e5grepet &#8211; Dagbladet"},"content":{"rendered":"<ol>\n<li><a href=\"https:\/\/news.google.com\/rss\/articles\/CBMia0FVX3lxTFB4bVlpVUxKUkFNbHYxc1M5UEpieUpfNUtlTnluMFNid2QybnZJbW4zVndyZXE2YzZzbjBZOERwUWZaWG5pbnc4a2daa2daOGoyUEg5Um9nUlF0VGs2T1BGTnA5LUFFMXNkZGN3?oc=5\" target=\"_blank\" rel=\"nofollow noopener\">Sju menn p\u00e5grepet<\/a>&nbsp;&nbsp;Dagbladet<\/li>\n<li><a href=\"https:\/\/news.google.com\/rss\/articles\/CBMingFBVV95cUxPZmE4NVV4ZTZERlVvLVdlQ3dEcFZaaXBZUkVOU3hJMlBQdmRtSlVxT1Y4N1VzVzJSd0FfRUVDOGRfV1hhekNJXzBSM1BwYnpPUEhHTDB3QVlIMkVHYklmeFZPNG1nVDNkWkR4al9lM00zVUVOTU1tOFdOQ09OZ3p6QWU1SVJ2VGQzQ2hxb3Nkb3VrYk5uWFZxdEsxbWt6QQ?oc=5\" target=\"_blank\" rel=\"nofollow noopener\">Politimann hylles som helt etter Bondi-massakren<\/a>&nbsp;&nbsp;VG<\/li>\n<li><a href=\"https:\/\/news.google.com\/rss\/articles\/CBMikwFBVV95cUxPRDl1V0hVMTRHLVBySkpOY21LN3ZBYndjaEZuU2wtRE1XbGJRYlVRVHo3Nk1OZTczTktmeGNfTFlyS0dxZlVXcWhrb2YzRTdaV1pyQnNhNmpIWGx5dllMLXUyRGpwNk1tdGpJZEV0S0lRRU15QV9KTG1faVc4ZnM4Rnp5TWQwNGFUbFZ2U0l6bGdGOWs?oc=5\" target=\"_blank\" rel=\"nofollow noopener\">Australia lanserer ordning for innlevering av v\u00e5pen \u2013 Siste nytt<\/a>&nbsp;&nbsp;NRK<\/li>\n<li><a href=\"https:\/\/news.google.com\/rss\/articles\/CBMigwJBVV95cUxQazJSbHVhRjBhb0Q2MUJtQTNCa1lteFNjOGlJdnoyUEltWm5BVERUeHFzTzdSckllSWVuUEJTYURBa2I3bThHZUhVTFcxZW9JNGY0TzZmU0luSTRCcW5hdzVSQ05vYUFaUlhrdEVTOUJRWm9HalF0ZllOQWNzdWRGeU9oZ21kSDZ6QW1wUmpuc2ROc0M2LUl1QTRzOEdPSjlkV3ZWWW1JVVRBUDZ6QTRfaDllTzRhWlFzcHJkNC14RXdKUk1VTVdweXAyTXU1Vk01SUtqTXdqZ05iSDNUTGY4eWJYaUlsYkdQdFRDUG5nV21HTjZzTHZoWGVERmxhTFdqUTRB?oc=5\" target=\"_blank\" rel=\"nofollow noopener\">Urimelig og farlig \u00e5 forvente at Palestina-aktivister skal ta avstand fra terror utf\u00f8rt av IS-sympatis\u00f8rer i Australia<\/a>&nbsp;&nbsp;Aftenposten<\/li>\n<li><a href=\"https:\/\/news.google.com\/rss\/articles\/CBMiogFBVV95cUxPWkxiTl82dm9ZbEdRRFJJSFE5emRydzR1aVo3amFqR1U3clBmZHRrQUsyLUpvZV9tM1ZON3AwVHR2b3ZsSTYtSmpoSW1WaW9SYkx2b3NyaWJiVjh1eVI1QnFGeW8ydU9mTXpVcGFCVmVfeE1XVDUwUGhYZ2RTNkdxSnBQTkdHTmE5MG1kaWZEbWRiUEZVSDQ4SllWVmlvWjlsZ2c?oc=5\" target=\"_blank\" rel=\"nofollow noopener\">Australia kunngj\u00f8r minnedag etter Sydney-massakren<\/a>&nbsp;&nbsp;adressa.no<\/li>\n<\/ol>\n","protected":false},"excerpt":{"rendered":"Sju menn p\u00e5grepet&nbsp;&nbsp;Dagbladet Politimann hylles som helt etter Bondi-massakren&nbsp;&nbsp;VG Australia lanserer ordning for innlevering av v\u00e5pen \u2013 Siste&hellip;\n","protected":false},"author":2,"featured_media":117443,"comment_status":"","ping_status":"","sticky":false,"template":"","format":"standard","meta":{"footnotes":""},"categories":[5],"tags":[20,21,24,25,15,19,22,23,17,18,13,30,28,29,14,16,26,27,412],"class_list":{"0":"post-117442","1":"post","2":"type-post","3":"status-publish","4":"format-standard","5":"has-post-thumbnail","7":"category-overskrifter","8":"tag-breaking-news","9":"tag-breakingnews","10":"tag-featured-news","11":"tag-featurednews","12":"tag-headlines","13":"tag-hovedoppslag","14":"tag-latest-news","15":"tag-latestnews","16":"tag-main-news","17":"tag-mainnews","18":"tag-news","19":"tag-no","20":"tag-norge","21":"tag-norway","22":"tag-nyheter","23":"tag-overskrifter","24":"tag-top-stories","25":"tag-topstories","26":"tag-utenriks"},"share_on_mastodon":{"url":"https:\/\/pubeurope.com\/@no\/115746499673227217","error":""},"_links":{"self":[{"href":"https:\/\/www.europesays.com\/no\/wp-json\/wp\/v2\/posts\/117442","targetHints":{"allow":["GET"]}}],"collection":[{"href":"https:\/\/www.europesays.com\/no\/wp-json\/wp\/v2\/posts"}],"about":[{"href":"https:\/\/www.europesays.com\/no\/wp-json\/wp\/v2\/types\/post"}],"author":[{"embeddable":true,"href":"https:\/\/www.europesays.com\/no\/wp-json\/wp\/v2\/users\/2"}],"replies":[{"embeddable":true,"href":"https:\/\/www.europesays.com\/no\/wp-json\/wp\/v2\/comments?post=117442"}],"version-history":[{"count":0,"href":"https:\/\/www.europesays.com\/no\/wp-json\/wp\/v2\/posts\/117442\/revisions"}],"wp:featuredmedia":[{"embeddable":true,"href":"https:\/\/www.europesays.com\/no\/wp-json\/wp\/v2\/media\/117443"}],"wp:attachment":[{"href":"https:\/\/www.europesays.com\/no\/wp-json\/wp\/v2\/media?parent=117442"}],"wp:term":[{"taxonomy":"category","embeddable":true,"href":"https:\/\/www.europesays.com\/no\/wp-json\/wp\/v2\/categories?post=117442"},{"taxonomy":"post_tag","embeddable":true,"href":"https:\/\/www.europesays.com\/no\/wp-json\/wp\/v2\/tags?post=117442"}],"curies":[{"name":"wp","href":"https:\/\/api.w.org\/{rel}","templated":true}]}}