{"id":117444,"date":"2025-12-19T13:37:17","date_gmt":"2025-12-19T13:37:17","guid":{"rendered":"https:\/\/www.europesays.com\/no\/117444\/"},"modified":"2025-12-19T13:37:17","modified_gmt":"2025-12-19T13:37:17","slug":"deler-gladnyhet-6","status":"publish","type":"post","link":"https:\/\/www.europesays.com\/no\/117444\/","title":{"rendered":"Deler gladnyhet"},"content":{"rendered":"<p class=\"kicker \" style=\"\">Pete Davidson og Elsie Hewitt:<\/p>\n<p>  &#8211; Jeg er helt overveldet av kj\u00e6rlighet, takknemlighet og vantro, skriver modellen.<\/p>\n<p>\n    FORELDRE: Pete Davidson og Elsie Hewitt har f\u00e5tt en liten datter. Foto: Skjermdump \/ Instagram\n  <\/p>\n<p>Komiker Pete Davidson (32) og modell Elsie Hewitt (29) har blitt foreldre for f\u00f8rste gang. Det melder en rekke amerikanske medier, deriblant <a href=\"https:\/\/people.com\/pete-davidson-welcomes-first-baby-with-girlfriend-elsie-hewitt-11830625\" target=\"_blank\" rel=\"nofollow noopener\">People.<\/a><\/p>\n<p>Datteren Scottie Rose Hewitt Davidson ble f\u00f8dt 12. desember.<\/p>\n<p>&#8211; Det beste jeg har laget s\u00e5 langt, jeg er helt overveldet av kj\u00e6rlighet og takknemlighet og vantro, skriver den 29 \u00e5r gamle modellen p\u00e5 Instagram.<\/p>\n<p class=\"font-weight-bold m-font-weight-bold\" data-lab-font_weight=\"font-weight-bold\">Davidson, som er kjent fra \u00abSaturday Night Live\u00bb, kommenterte f\u00f8dselen med ordene \u00abWu tang forever\u00bb som sin f\u00f8rste melding som far, if\u00f8lge Hewitt.<\/p>\n<p>        FRIERBREV: Isak Dreyer forteller om hvordan han forholder seg til henvendelsene han f\u00e5r i innboksen. Video: R\u00f8d L\u00f8per\/ Nora Skavhaug\/ Karolina Grace Rusov-Hansen<\/p>\n<p>Innlegget inneholdt ogs\u00e5 flere andre intime bilder av komikeren og modellen sammen med babyen deres. Paret valgte \u00e5 holde Scotties ansikt skjult ved \u00e5 legge en hvit hjerte-emoji over ansiktet hennes p\u00e5 hvert bilde.<\/p>\n<p>        <img loading=\"lazy\" decoding=\"async\" src=\"https:\/\/www.europesays.com\/no\/wp-content\/uploads\/2025\/12\/84010434.webp\" width=\"667\" height=\"581\" title=\"HJEMMEKOS: Mor og datter hjemme i stua. Foto: Privat\" alt=\"\" class=\"\" style=\"--aspect-ratio-image: 1.15; \"\/><\/p>\n<p>\n        HJEMMEKOS: Mor og datter hjemme i stua. Foto: Privat\n    <\/p>\n<p>Scottie er oppkalt etter Davidsons avd\u00f8de far, Scott Matthew Davidson, som var brannman i New York City og omkom under redningsarbeidet etter terrorangrepene 11. september 2001, da Davidson var syv \u00e5r gammel. Rose er Hewitts mellomnavn.<\/p>\n<p>    <a itemprop=\"url\" href=\"https:\/\/www.seher.no\/kjendis\/avslorer-norsk-favoritt\/84006544\" rel=\"nofollow noopener\" target=\"_blank\"><\/p>\n<p>        <img loading=\"lazy\" decoding=\"async\" src=\"https:\/\/www.europesays.com\/no\/wp-content\/uploads\/2025\/12\/84006533.webp\" width=\"980\" height=\"441\" title=\"Avsl\u00f8rer norsk favoritt\" alt=\"\" class=\"lazyload\" style=\"--aspect-ratio-image: 2.22; \"\/><\/p>\n<p>        Avsl\u00f8rer norsk favoritt<\/p>\n<p>    <\/a><\/p>\n<p>Paret kunngjorde graviditeten i juli med et Instagram-innlegg der de viste frem et ultralydsbilde.<\/p>\n<p>        <img loading=\"lazy\" decoding=\"async\" src=\"https:\/\/www.europesays.com\/no\/wp-content\/uploads\/2025\/12\/84010443.webp\" width=\"667\" height=\"708\" title=\"NUSSELIG: Se den perfekte lille h\u00e5nden. Foto: Privat\" alt=\"\" class=\"\" style=\"--aspect-ratio-image: 0.94; \"\/><\/p>\n<p>\n        NUSSELIG: Se den perfekte lille h\u00e5nden. Foto: Privat\n    <\/p>\n<p>&#8211; Vel, n\u00e5 vet alle at vi hadde sex, sp\u00f8kte Hewitt i bildeteksten.<\/p>\n<p>En kilde fortalte i sommer at Davidson var spent p\u00e5 det nye kapittelet i livet sitt. Paret ble f\u00f8rst koblet sammen i mars, f\u00f8r de senere dukket opp sammen p\u00e5 en veldedighetsgalla i mai.<\/p>\n<p>        <img loading=\"lazy\" decoding=\"async\" src=\"https:\/\/www.europesays.com\/no\/wp-content\/uploads\/2025\/12\/84007399.webp\" width=\"667\" height=\"507\" title=\"GLADNYHET: Pete Davidson og Elsie Hewitt ble f\u00f8rst koblet sammen i mars. Foto: Dame \/ Backgrid \/ NTB\" alt=\"\" class=\"\" style=\"--aspect-ratio-image: 1.32; \"\/><\/p>\n<p>\n        GLADNYHET: Pete Davidson og Elsie Hewitt ble f\u00f8rst koblet sammen i mars. Foto: Dame \/ Backgrid \/ NTB\n    <\/p>\n<p>&#8211; Han er s\u00e5 utrolig. \u00c6rlig talt den beste personen jeg noensinne har m\u00f8tt, og jeg er s\u00e5 takknemlig for at han er her, sa Hewitt til People ved den anledningen.<\/p>\n","protected":false},"excerpt":{"rendered":"Pete Davidson og Elsie Hewitt: &#8211; Jeg er helt overveldet av kj\u00e6rlighet, takknemlighet og vantro, skriver modellen. FORELDRE:&hellip;\n","protected":false},"author":2,"featured_media":117445,"comment_status":"","ping_status":"","sticky":false,"template":"","format":"standard","meta":{"footnotes":""},"categories":[58],"tags":[3068,71,479,2543,30,28,29,2974,7004,72],"class_list":{"0":"post-117444","1":"post","2":"type-post","3":"status-publish","4":"format-standard","5":"has-post-thumbnail","7":"category-underholdning","8":"tag-baby","9":"tag-entertainment","10":"tag-kjendis","11":"tag-kjendisdesken","12":"tag-no","13":"tag-norge","14":"tag-norway","15":"tag-pappa","16":"tag-pete-davidson","17":"tag-underholdning"},"share_on_mastodon":{"url":"https:\/\/pubeurope.com\/@no\/115746507699488418","error":""},"_links":{"self":[{"href":"https:\/\/www.europesays.com\/no\/wp-json\/wp\/v2\/posts\/117444","targetHints":{"allow":["GET"]}}],"collection":[{"href":"https:\/\/www.europesays.com\/no\/wp-json\/wp\/v2\/posts"}],"about":[{"href":"https:\/\/www.europesays.com\/no\/wp-json\/wp\/v2\/types\/post"}],"author":[{"embeddable":true,"href":"https:\/\/www.europesays.com\/no\/wp-json\/wp\/v2\/users\/2"}],"replies":[{"embeddable":true,"href":"https:\/\/www.europesays.com\/no\/wp-json\/wp\/v2\/comments?post=117444"}],"version-history":[{"count":0,"href":"https:\/\/www.europesays.com\/no\/wp-json\/wp\/v2\/posts\/117444\/revisions"}],"wp:featuredmedia":[{"embeddable":true,"href":"https:\/\/www.europesays.com\/no\/wp-json\/wp\/v2\/media\/117445"}],"wp:attachment":[{"href":"https:\/\/www.europesays.com\/no\/wp-json\/wp\/v2\/media?parent=117444"}],"wp:term":[{"taxonomy":"category","embeddable":true,"href":"https:\/\/www.europesays.com\/no\/wp-json\/wp\/v2\/categories?post=117444"},{"taxonomy":"post_tag","embeddable":true,"href":"https:\/\/www.europesays.com\/no\/wp-json\/wp\/v2\/tags?post=117444"}],"curies":[{"name":"wp","href":"https:\/\/api.w.org\/{rel}","templated":true}]}}