{"id":117446,"date":"2025-12-19T13:45:14","date_gmt":"2025-12-19T13:45:14","guid":{"rendered":"https:\/\/www.europesays.com\/no\/117446\/"},"modified":"2025-12-19T13:45:14","modified_gmt":"2025-12-19T13:45:14","slug":"miss-finland-mistet-tittelen-etter-beskyldninger-om-rasisme-na-har-statsministeren-beklaget","status":"publish","type":"post","link":"https:\/\/www.europesays.com\/no\/117446\/","title":{"rendered":"Miss Finland mistet tittelen etter beskyldninger om rasisme \u2013 n\u00e5 har statsministeren beklaget"},"content":{"rendered":"\n<p class=\"_paragraph_o9xde_4 _paragraph_xtcu6_10 layout-component text-serif-m layout-normal text-serif-m layout-padded\">Tidligere denne uken rettet <a href=\"https:\/\/www.vg.no\/tag\/finland?utm_source=vg-article&amp;utm_medium=auto-tagger&amp;utm_campaign=V6bboW\" class=\"_link_o9xde_39\" rel=\"nofollow noopener\" target=\"_blank\">Finlands<\/a> statsminister, Petteri Orpo, en unnskyldning til Kina, Japan og S\u00f8r-Korea, melder <a href=\"https:\/\/www.nytimes.com\/2025\/12\/17\/world\/europe\/finland-scandal-beauty-queen-china-racist.html\" class=\"_link_o9xde_39\" rel=\"nofollow noopener\" target=\"_blank\">The New York Times<\/a>. <\/p>\n<p class=\"_paragraph_o9xde_4 _paragraph_xtcu6_10 layout-component text-serif-m layout-normal text-serif-m layout-padded\">Det for \u00e5 dempe en voksende \u00abrasismeskandale\u00bb i landet, skriver avisen.<\/p>\n<p class=\"_paragraph_o9xde_4 _paragraph_xtcu6_10 layout-component text-serif-m layout-normal text-serif-m layout-padded\">Det hele startet tidligere i desember, da et kontroversielt bilde av Miss Finland, Sarah Dzafce (22) spredte seg i sosiale medier. <\/p>\n<p class=\"_paragraph_o9xde_4 _paragraph_xtcu6_10 layout-component text-serif-m layout-normal text-serif-m layout-padded\">P\u00e5 bildet trekker hun \u00f8yelokkene til side, en gest\/bevegelse som ofte oppfattes som rasistisk mot asiater, skriver <a href=\"https:\/\/www.bbc.com\/news\/articles\/cde657xj3pxo\" class=\"_link_o9xde_39\" rel=\"nofollow noopener\" target=\"_blank\">BBC<\/a>. <\/p>\n<p class=\"_paragraph_o9xde_4 _paragraph_xtcu6_10 layout-component text-serif-m layout-normal text-serif-m layout-padded\">Bildet var lagt ut med p\u00e5skriften \u00abspiser med en kineser\u00bb, if\u00f8lge den britiske kringkasteren.<\/p>\n<p class=\"_paragraph_o9xde_4 _paragraph_xtcu6_10 layout-component text-serif-m layout-normal text-serif-m layout-padded\"><a href=\"https:\/\/yle.fi\/a\/74-20199196\" class=\"_link_o9xde_39\" rel=\"nofollow noopener\" target=\"_blank\">Yle<\/a>, Finlands allmennkringkaster, har publisert et skjermbilde av bildet som sirkulerte p\u00e5 JodelJodelJodel er en anonym sosiale medier-app, der brukerne ofte deler korte meldinger og sladder.:<\/p>\n<p><img alt=\"\u00abSpiser med en kineser\u00bb st\u00e5r det p\u00e5 bildet, grovt oversatt fra finsk.  Foto: Skjermdump fra Jodel\/via Yle\" class=\"_image_qp4xg_65 layout-component layout-normal\" data-fullscreen- data-track-element-type=\"Article image fullscreen\" data-track-name=\"ImageFullscreen\" decoding=\"async\" loading=\"lazy\" height=\"684\" itemprop=\"image\"  src=\"https:\/\/www.europesays.com\/no\/wp-content\/uploads\/2025\/12\/c469b43a-28a3-45f4-9a6c-b5b7a53191d1\"  style=\"object-position:0% 0%\" width=\"509\"\/>\u00abSpiser med en kineser\u00bb st\u00e5r det p\u00e5 bildet, grovt oversatt fra finsk.  Foto: Skjermdump fra Jodel\/via YleHar beklaget<\/p>\n<p class=\"_paragraph_o9xde_4 _paragraph_xtcu6_10 layout-component text-serif-m layout-normal text-serif-m layout-padded\">Reaksjonene har haglet inn i ettertid, og bildet utl\u00f8ste sterke reaksjoner i Kina, Japan og S\u00f8r-Korea. Dzafce mistet tittelen sin som Miss Finland. <\/p>\n<p class=\"_paragraph_o9xde_4 _paragraph_xtcu6_10 layout-component text-serif-m layout-normal text-serif-m layout-padded\">\u2013 Tittelen som Miss Finland krever et h\u00f8yt ansvar. I denne situasjonen ble ikke vilk\u00e5rene for \u00e5 fortsette i denne rollen oppfylt, skriver Miss Finland Organization i en <a href=\"https:\/\/www.instagram.com\/p\/DSH1DdKl1lG\/?img_index=3&amp;igsh=MThxbHJibzV6eHB5bw%3D%3D\" class=\"_link_o9xde_39\" rel=\"nofollow noopener\" target=\"_blank\">uttalelse <\/a>p\u00e5 Instagram. <\/p>\n<p><img alt=\"Dzafce har selv beklaget bildet p\u00e5 egen Instagram-profil.  Foto: Emmi Korhonen \/ AP \/ NTB\" class=\"_image_qp4xg_65 layout-component layout-normal\" data-fullscreen- data-track-element-type=\"Article image fullscreen\" data-track-name=\"ImageFullscreen\" decoding=\"async\" loading=\"lazy\" height=\"4096\" itemprop=\"image\"  src=\"https:\/\/www.europesays.com\/no\/wp-content\/uploads\/2025\/12\/27f260e4-503b-4fb6-bb07-74aad701676e\"  style=\"object-position:0% 0%\" width=\"6144\"\/>Dzafce har selv beklaget bildet p\u00e5 egen Instagram-profil.  Foto: Emmi Korhonen \/ AP \/ NTB<\/p>\n<p class=\"_paragraph_o9xde_4 _paragraph_xtcu6_10 layout-component text-serif-m layout-normal text-serif-m layout-padded\">If\u00f8lge den finske tabloidavisen<a href=\"https:\/\/www.is.fi\/viihde\/art-2000011685215.html\" class=\"_link_o9xde_39\" rel=\"nofollow noopener\" target=\"_blank\"> Ilta-Sanomat,<\/a> hevdet Dzafce selv at hun viste til en hodepine under middagen, og at en venn av henne la til den krenkende teksten uten hennes samtykke. <\/p>\n<p class=\"_paragraph_o9xde_4 _paragraph_xtcu6_10 layout-component text-serif-m layout-normal text-serif-m layout-padded\">Dzafce har beklaget bildet i et <a href=\"https:\/\/www.instagram.com\/p\/DR_1vOVEmvJ\/?igsh=MWpxd2FxMWJtb2U5eA%3D%3D\" class=\"_link_o9xde_39\" rel=\"nofollow noopener\" target=\"_blank\">innlegg <\/a>p\u00e5 Instagram.<\/p>\n<p class=\"_paragraph_o9xde_4 _paragraph_xtcu6_10 layout-component text-serif-m layout-normal text-serif-m layout-padded\">\u2013 Jeg forst\u00e5r fullt ut at handlingene mine har for\u00e5rsaket vond vilje hos mange, og jeg er dypt lei meg for det. Jeg vil spesielt beklage til de som har blitt personlig ber\u00f8rt av denne situasjonen. Det var ikke min intensjon p\u00e5 noen m\u00e5te, skriver hun, i tillegg til:<\/p>\n<p class=\"_paragraph_o9xde_4 _paragraph_xtcu6_10 layout-component text-serif-m layout-normal text-serif-m layout-padded\">\u2013 Noe av det viktigste for meg er respekt for mennesker, deres bakgrunn og forskjeller.<\/p>\n<p>Etterlignet bildet for \u00e5 st\u00f8tte Dzafce<\/p>\n<p class=\"_paragraph_o9xde_4 _paragraph_xtcu6_10 layout-component text-serif-m layout-normal text-serif-m layout-padded\">At Dzafce ble fratatt tittelen, skapte furore blant politikere i det h\u00f8yrepopulistiske partiet Sannfinnene, som er del av statsminister Orpos regjeringskoalisjon, melder New York Times. <\/p>\n<p class=\"_paragraph_o9xde_4 _paragraph_xtcu6_10 layout-component text-serif-m layout-normal text-serif-m layout-padded\">Deriblant hos Joakim Vigelius, som kommenterte saken p\u00e5 X:<\/p>\n<p class=\"_root_1xq52_1\" lang=\"fi\" dir=\"auto\">Miss Suomi venytt\u00e4\u00e4 silm\u00e4ns\u00e4 vinoon. Yst\u00e4v\u00e4 jakaa t\u00e4st\u00e4 kuvan someen saatteella: &raquo;Kiinalaisenkaa sy\u00f6m\u00e4s.&raquo; <\/p>\n<p>Mit\u00e4 seuraa? Rasismikohu, iso kiukku, anteeksipyytely, missilt\u00e4 kruunu kumoon ja ura p\u00e4reiksi.<\/p>\n<p>Kysyn nyt vakavasti: pit\u00e4\u00e4k\u00f6 joku t\u00e4t\u00e4 kohtuullisena seurauksena?<\/p>\n<p>Min\u00e4 en<\/p>\n<p class=\"_paragraph_o9xde_4 _paragraph_xtcu6_10 layout-component text-serif-m layout-normal text-serif-m layout-padded\">Men det hele toppet seg da tre politikere, to av dem i det finske parlamentet, la ut bilder p\u00e5 sosiale medier som etterlignet det kontroversielle bildet som var spredt av Dzafce.<\/p>\n<p class=\"_paragraph_o9xde_4 _paragraph_xtcu6_10 layout-component text-serif-m layout-normal text-serif-m layout-padded\">If\u00f8lge New York Times, uttrykte <a href=\"https:\/\/www.facebook.com\/juho.eerola.52\/posts\/10241152727578480:2303524540069721?locale=fi_FI\" class=\"_link_o9xde_39\" rel=\"nofollow noopener\" target=\"_blank\">Juho Eerola <\/a>og <a href=\"https:\/\/x.com\/SebastianTyne\/status\/1999169247772037443\" class=\"_link_o9xde_39\" rel=\"nofollow\">Sebastian Tynkkynen<\/a> st\u00f8tte til den tidligere Miss Finland, mens Kaisa Garedew skrev at hun ga seg selv en tinningsmassasje. Sistnevntes innlegg er fjernet fra Faceook, men <a href=\"https:\/\/www.helsinkitimes.fi\/finland\/finland-news\/domestic\/28306-finns-party-mps-criticised-over-new-images-mocking-asians.html\" class=\"_link_o9xde_39\" rel=\"nofollow noopener\" target=\"_blank\">Helsinki Times<\/a> har publisert et skjermbilde. <\/p>\n<p><img alt=\"Juho Eeorola, Kaisa Garedew og Sebastian Tynkkynen i Sannfinnene.  Foto: [HEIKKI SAUKKOMAA, RONI LEHTI] \/ AFP \/ NTB\" class=\"_image_qp4xg_65 layout-component layout-normal\" data-fullscreen- data-track-element-type=\"Article image fullscreen\" data-track-name=\"ImageFullscreen\" decoding=\"async\" loading=\"lazy\" height=\"3400\" itemprop=\"image\"  src=\"https:\/\/www.europesays.com\/no\/wp-content\/uploads\/2025\/12\/2a4d062c-3f6d-45a0-8266-bd10db5a7c35\"  style=\"object-position:0% 0%\" width=\"6800\"\/>Juho Eeorola, Kaisa Garedew og Sebastian Tynkkynen i Sannfinnene.  Foto: [HEIKKI SAUKKOMAA, RONI LEHTI] \/ AFP \/ NTB\u2013 Uakseptabelt<\/p>\n<p class=\"_paragraph_o9xde_4 _paragraph_xtcu6_10 layout-component text-serif-m layout-normal text-serif-m layout-padded\">Statsminister Orpo, som representerer det liberalkonservative partiet Samlingspartiet, ford\u00f8mte innleggene, og kalte dem \u00abbarnslige\u00bb og \u00abdumme\u00bb.<\/p>\n<p class=\"_paragraph_o9xde_4 _paragraph_xtcu6_10 layout-component text-serif-m layout-normal text-serif-m layout-padded\">Gjennom sosiale medier-kanalene til de finske ambassadene i Kina, Japan og S\u00f8r-Korea, har Orpo beklaget saken, opplyser <a href=\"https:\/\/yle.fi\/a\/74-20200263\" class=\"_link_o9xde_39\" rel=\"nofollow noopener\" target=\"_blank\">Yle.<\/a><\/p>\n<p class=\"_paragraph_o9xde_4 _paragraph_xtcu6_10 layout-component text-serif-m layout-normal text-serif-m layout-padded\">Han uttrykker at innleggene \u00abikke gjenspeiler Finlands verdier om likestilling og ikke-diskriminering, og at \u00abrasisme og diskriminering ikke har noen plass i det finske samfunnet\u00bb.<\/p>\n<p><img alt=\"Finlands statsminister, Petteri Orpo.  Foto: KIMMO BRANDT \/ EPA \/ NTB\" class=\"_image_qp4xg_65 layout-component layout-normal\" data-fullscreen- data-track-element-type=\"Article image fullscreen\" data-track-name=\"ImageFullscreen\" decoding=\"async\" loading=\"lazy\" height=\"4609\" itemprop=\"image\"  src=\"https:\/\/www.europesays.com\/no\/wp-content\/uploads\/2025\/12\/c8ec0826-74fa-43bd-8e8f-ac20d09a2bc8\"  style=\"object-position:0% 0%\" width=\"6914\"\/>Finlands statsminister, Petteri Orpo.  Foto: KIMMO BRANDT \/ EPA \/ NTB<\/p>\n<p class=\"_paragraph_o9xde_4 _paragraph_xtcu6_10 layout-component text-serif-m layout-normal text-serif-m layout-padded\">Torsdag ba parlaments-politikerne, Eerola og Garedew om unnskyldning, melder <a href=\"https:\/\/www.is.fi\/politiikka\/art-2000011704403.html\" class=\"_link_o9xde_39\" rel=\"nofollow noopener\" target=\"_blank\">Ilta-Sanomat<\/a>.<\/p>\n<p class=\"_paragraph_o9xde_4 _paragraph_xtcu6_10 layout-component text-serif-m layout-normal text-serif-m layout-padded\">Alexander Stubb, presidenten i Finland, har ogs\u00e5 uttalt seg om saken:<\/p>\n<p class=\"_paragraph_o9xde_4 _paragraph_xtcu6_10 layout-component text-serif-m layout-normal text-serif-m layout-padded\">\u2013 Etter min mening har rasisme ingen plass i det finske samfunnet. Det er uakseptabelt, sa Stubb, if\u00f8lge den finske avisen. <\/p>\n<p><img alt=\"Finlands president, Alexander Stubb.  Foto: Sergei Grits \/ AP \/ NTB\" class=\"_image_qp4xg_65 layout-component layout-normal\" data-fullscreen- data-track-element-type=\"Article image fullscreen\" data-track-name=\"ImageFullscreen\" decoding=\"async\" loading=\"lazy\" height=\"1333\" itemprop=\"image\"  src=\"https:\/\/www.europesays.com\/no\/wp-content\/uploads\/2025\/12\/2ec396c7-6f02-40b2-aace-0e76345ac478\"  style=\"object-position:0% 0%\" width=\"2000\"\/>Finlands president, Alexander Stubb.  Foto: Sergei Grits \/ AP \/ NTB<\/p>\n<p class=\"_paragraph_o9xde_4 _paragraph_xtcu6_10 layout-component text-serif-m layout-normal text-serif-m layout-padded\">Presidenten sa han er bekymret for at rasisme mot etniske minoriteter fremdeles eksisterer i Finland. <\/p>\n<p class=\"_paragraph_o9xde_4 _paragraph_xtcu6_10 layout-component text-serif-m layout-normal text-serif-m layout-padded\">\u2013 Dette skader v\u00e5rt internasjonale omd\u00f8mme. Jeg h\u00e5per vi som samfunn er modne nok til \u00e5 legge slike holdninger bak oss, sa Stubb. <\/p>\n<p>    <script async src=\"\/\/www.instagram.com\/embed.js\"><\/script><\/p>\n","protected":false},"excerpt":{"rendered":"Tidligere denne uken rettet Finlands statsminister, Petteri Orpo, en unnskyldning til Kina, Japan og S\u00f8r-Korea, melder The New&hellip;\n","protected":false},"author":2,"featured_media":117447,"comment_status":"","ping_status":"","sticky":false,"template":"","format":"standard","meta":{"footnotes":""},"categories":[12],"tags":[20,21,24,25,1255,15,22,23,12124,13,30,28,29,14,16,41,4998,14141,26,27,42,43,44,45],"class_list":{"0":"post-117446","1":"post","2":"type-post","3":"status-publish","4":"format-standard","5":"has-post-thumbnail","7":"category-verden","8":"tag-breaking-news","9":"tag-breakingnews","10":"tag-featured-news","11":"tag-featurednews","12":"tag-finland","13":"tag-headlines","14":"tag-latest-news","15":"tag-latestnews","16":"tag-miss-universe","17":"tag-news","18":"tag-no","19":"tag-norge","20":"tag-norway","21":"tag-nyheter","22":"tag-overskrifter","23":"tag-politikk","24":"tag-rasisme","25":"tag-si-unnskyld","26":"tag-top-stories","27":"tag-topstories","28":"tag-verden","29":"tag-world","30":"tag-world-news","31":"tag-worldnews"},"share_on_mastodon":{"url":"https:\/\/pubeurope.com\/@no\/115746539226815622","error":""},"_links":{"self":[{"href":"https:\/\/www.europesays.com\/no\/wp-json\/wp\/v2\/posts\/117446","targetHints":{"allow":["GET"]}}],"collection":[{"href":"https:\/\/www.europesays.com\/no\/wp-json\/wp\/v2\/posts"}],"about":[{"href":"https:\/\/www.europesays.com\/no\/wp-json\/wp\/v2\/types\/post"}],"author":[{"embeddable":true,"href":"https:\/\/www.europesays.com\/no\/wp-json\/wp\/v2\/users\/2"}],"replies":[{"embeddable":true,"href":"https:\/\/www.europesays.com\/no\/wp-json\/wp\/v2\/comments?post=117446"}],"version-history":[{"count":0,"href":"https:\/\/www.europesays.com\/no\/wp-json\/wp\/v2\/posts\/117446\/revisions"}],"wp:featuredmedia":[{"embeddable":true,"href":"https:\/\/www.europesays.com\/no\/wp-json\/wp\/v2\/media\/117447"}],"wp:attachment":[{"href":"https:\/\/www.europesays.com\/no\/wp-json\/wp\/v2\/media?parent=117446"}],"wp:term":[{"taxonomy":"category","embeddable":true,"href":"https:\/\/www.europesays.com\/no\/wp-json\/wp\/v2\/categories?post=117446"},{"taxonomy":"post_tag","embeddable":true,"href":"https:\/\/www.europesays.com\/no\/wp-json\/wp\/v2\/tags?post=117446"}],"curies":[{"name":"wp","href":"https:\/\/api.w.org\/{rel}","templated":true}]}}