{"id":117460,"date":"2025-12-19T14:05:13","date_gmt":"2025-12-19T14:05:13","guid":{"rendered":"https:\/\/www.europesays.com\/no\/117460\/"},"modified":"2025-12-19T14:05:13","modified_gmt":"2025-12-19T14:05:13","slug":"reseptproblemer-pa-alle-apotek-ting-tar-tid","status":"publish","type":"post","link":"https:\/\/www.europesays.com\/no\/117460\/","title":{"rendered":"Reseptproblemer p\u00e5 alle apotek: \u2013 Ting tar tid"},"content":{"rendered":"\n<p class=\"_lead_o9xde_2 _lead_xtcu6_50 layout-component text-serif-m layout-normal text-serif-l layout-component layout-wide layout-padded _wide_17hqh_1 layout-padded\">Dataproblemer hos Norsk helsenett f\u00f8rer til reseptkluss i julerushet. \u2013 Feils\u00f8king p\u00e5g\u00e5r, opplyser de.<\/p>\n<p><img alt=\" Foto: Vegar Jansen \/ VG\" class=\"_image_qp4xg_65 layout-component layout-wide\" data-fullscreen- data-track-element-type=\"Article image fullscreen\" data-track-name=\"ImageFullscreen\" fetchpriority=\"high\" decoding=\"sync\" loading=\"eager\" height=\"2252\" itemprop=\"image\"  src=\"https:\/\/www.europesays.com\/no\/wp-content\/uploads\/2025\/12\/eea4471c-f78b-4e25-98f5-16d2f06a5897\"  style=\"object-position:0% 0%\" width=\"4000\"\/> Foto: Vegar Jansen \/ VG<\/p>\n<ul aria-hidden=\"true\" class=\"_images_ntbth_112\">\n<li><a class=\"_link_ntbth_117\" href=\"https:\/\/www.vg.no\/forfatter\/bendik-hansen\" style=\"z-index:2\" title=\"Bendik Hansen\" rel=\"nofollow noopener\" target=\"_blank\"><img alt=\"Bilde av Bendik Hansen\" class=\"_image_ntbth_93\" fetchpriority=\"low\" loading=\"lazy\" decoding=\"async\" itemprop=\"image\"  src=\"https:\/\/www.europesays.com\/no\/wp-content\/uploads\/2025\/12\/1766153110_213_236bc5a3-2236-4046-b957-81f29d024aa6\"  width=\"480\"\/><\/a><\/li>\n<li><a class=\"_link_ntbth_117\" href=\"https:\/\/www.vg.no\/forfatter\/joern-e-kaalstad\" style=\"z-index:1\" title=\"J\u00f8rn E. Kaalstad\" rel=\"nofollow noopener\" target=\"_blank\"><img alt=\"Bilde av J\u00f8rn E. Kaalstad\" class=\"_image_ntbth_93\" fetchpriority=\"low\" loading=\"lazy\" decoding=\"async\" itemprop=\"image\"  src=\"https:\/\/www.europesays.com\/no\/wp-content\/uploads\/2025\/12\/1766153111_977_669373df-e8fd-4864-880f-5035f6f30b0b\"  width=\"480\"\/><\/a><\/li>\n<\/ul>\n<p> Oppdatert fredag 19. desember kl. 15:03     <\/p>\n<p class=\"_paragraph_o9xde_4 _paragraph_xtcu6_10 layout-component text-serif-m layout-normal text-serif-m layout-padded\">Fredag ettermiddag har alle norske poteker problemer p\u00e5 grunn av en feil i de offentlige systemene. <\/p>\n<p class=\"_paragraph_o9xde_4 _paragraph_xtcu6_10 layout-component text-serif-m layout-normal text-serif-m layout-padded\">VG har v\u00e6rt i kontakt med Apotekerforeningen, som drifter apotekenes felles bransjel\u00f8sning Eik. De bekrefter problemene, men:<\/p>\n<p class=\"_paragraph_o9xde_4 _paragraph_xtcu6_10 layout-component text-serif-m layout-normal text-serif-m layout-padded\">\u2013 Det er enn\u00e5 ikke bekreftet, men feils\u00f8kingen peker nok mot et av de offentlige systemene som vi er avhengig av for \u00e5 kunne hente ut resepter, sier pressekontakt Jostein Soldal.<\/p>\n<p class=\"_paragraph_o9xde_4 _paragraph_xtcu6_10 layout-component text-serif-m layout-normal text-serif-m layout-padded\">Dette rammer alle apotekkunder som skal hente ut resept, sier han.<\/p>\n<p class=\"_paragraph_o9xde_4 _paragraph_xtcu6_10 layout-component text-serif-m layout-normal text-serif-m layout-padded\"><strong class=\"_strong_o9xde_25\">\u2013 Det er ikke sikkert det er full stans over alt, men ting tar tid, sier Soldal.<\/strong><\/p>\n<p class=\"_paragraph_o9xde_4 _paragraph_xtcu6_10 layout-component text-serif-m layout-normal text-serif-m layout-padded\">\u2013 Det er viktig \u00e5 bemerke at dersom det er akutt behov for legemidler, vil apotekene benytte en n\u00f8dprosedyre og levere ut medisinene manuelt, sier pressevakt Camilla Tully i Vitusapotek til TV 2.<\/p>\n<p class=\"_paragraph_o9xde_4 _paragraph_xtcu6_10 layout-component text-serif-m layout-normal text-serif-m layout-padded\">Det var <a href=\"https:\/\/www.smp.no\/nyheter\/n\/k0JJlL\/it-systemer-hos-apotekene-er-nede\" class=\"_link_o9xde_39\" rel=\"nofollow noopener\" target=\"_blank\">Sunnm\u00f8rsposten<\/a> som meldte om problemet f\u00f8rst.<\/p>\n<p class=\"_paragraph_o9xde_4 _paragraph_xtcu6_10 layout-component text-serif-m layout-normal text-serif-m layout-padded\">Klokken 14.55 kommer Norsk helsenett, som drifter de offentlige reseptsystemenede offentlige reseptsystemeneIf\u00f8lge Norsk helsenett er det problemer med b\u00e5de Reseptformidleren, Grunndata og Persontjenesten., med en oppdatering p\u00e5 sine <a href=\"https:\/\/status.nhn.no\/incidents\/rq981zqgyq4d\" class=\"_link_o9xde_39\" rel=\"nofollow noopener\" target=\"_blank\">nettsider<\/a>:<\/p>\n<p class=\"_paragraph_o9xde_4 _paragraph_xtcu6_10 layout-component text-serif-m layout-normal text-serif-m layout-padded\">\u00abVi unders\u00f8ker problemer hvor en rekke apoteker opplever treghet og tidsavbrudd mot flere av v\u00e5re tjenester. Feils\u00f8king p\u00e5g\u00e5r, samtidig som vi jobber med \u00e5 kartlegge omfanget av hendelsen.\u00bb<\/p>\n<p class=\"_paragraph_o9xde_4 _paragraph_xtcu6_10 layout-component text-serif-m layout-normal text-serif-m layout-padded\">Ogs\u00e5 i oktober ble norske apoteker rammet av datatr\u00f8bbel. Les saken her:<\/p>\n<p class=\"_paragraph_o9xde_4 _paragraph_xtcu6_10 layout-component text-serif-m layout-normal layout-padded\"><strong class=\"_strong_o9xde_25\">Les ogs\u00e5:<\/strong> <a href=\"https:\/\/www.vg.no\/i\/mPGJbq\" data-track-element-type=\"Link\" data-track-id=\"link:mPGJbq\" class=\"_link_o9xde_39\" rel=\"nofollow noopener\" target=\"_blank\">Datatr\u00f8bbel for apotekene l\u00f8st<\/a><\/p>\n<p>    <img decoding=\"async\" alt=\"Tips oss illustrasjon\" src=\"https:\/\/www.europesays.com\/no\/wp-content\/uploads\/2025\/10\/pssst-small.webp.webp\"\/>    <\/p>\n<p class=\"title-serif-s\">Har du tips?<\/p>\n<p class=\"text-sans-m\">Send oss informasjon, bilder eller video.<\/p>\n<p>  <a href=\"https:\/\/www.vg.no\/tips-oss\" rel=\"nofollow noopener\" target=\"_blank\"> Tips oss <\/a>      <\/p>\n","protected":false},"excerpt":{"rendered":"Dataproblemer hos Norsk helsenett f\u00f8rer til reseptkluss i julerushet. \u2013 Feils\u00f8king p\u00e5g\u00e5r, opplyser de. Foto: Vegar Jansen \/&hellip;\n","protected":false},"author":2,"featured_media":117461,"comment_status":"","ping_status":"","sticky":false,"template":"","format":"standard","meta":{"footnotes":""},"categories":[10],"tags":[5987,31,20,21,24,25,15,22,23,13,30,28,29,14,16,26,27],"class_list":{"0":"post-117460","1":"post","2":"type-post","3":"status-publish","4":"format-standard","5":"has-post-thumbnail","7":"category-norge","8":"tag-apotek","9":"tag-breaking","10":"tag-breaking-news","11":"tag-breakingnews","12":"tag-featured-news","13":"tag-featurednews","14":"tag-headlines","15":"tag-latest-news","16":"tag-latestnews","17":"tag-news","18":"tag-no","19":"tag-norge","20":"tag-norway","21":"tag-nyheter","22":"tag-overskrifter","23":"tag-top-stories","24":"tag-topstories"},"share_on_mastodon":{"url":"https:\/\/pubeurope.com\/@no\/115746617928539742","error":""},"_links":{"self":[{"href":"https:\/\/www.europesays.com\/no\/wp-json\/wp\/v2\/posts\/117460","targetHints":{"allow":["GET"]}}],"collection":[{"href":"https:\/\/www.europesays.com\/no\/wp-json\/wp\/v2\/posts"}],"about":[{"href":"https:\/\/www.europesays.com\/no\/wp-json\/wp\/v2\/types\/post"}],"author":[{"embeddable":true,"href":"https:\/\/www.europesays.com\/no\/wp-json\/wp\/v2\/users\/2"}],"replies":[{"embeddable":true,"href":"https:\/\/www.europesays.com\/no\/wp-json\/wp\/v2\/comments?post=117460"}],"version-history":[{"count":0,"href":"https:\/\/www.europesays.com\/no\/wp-json\/wp\/v2\/posts\/117460\/revisions"}],"wp:featuredmedia":[{"embeddable":true,"href":"https:\/\/www.europesays.com\/no\/wp-json\/wp\/v2\/media\/117461"}],"wp:attachment":[{"href":"https:\/\/www.europesays.com\/no\/wp-json\/wp\/v2\/media?parent=117460"}],"wp:term":[{"taxonomy":"category","embeddable":true,"href":"https:\/\/www.europesays.com\/no\/wp-json\/wp\/v2\/categories?post=117460"},{"taxonomy":"post_tag","embeddable":true,"href":"https:\/\/www.europesays.com\/no\/wp-json\/wp\/v2\/tags?post=117460"}],"curies":[{"name":"wp","href":"https:\/\/api.w.org\/{rel}","templated":true}]}}