{"id":117468,"date":"2025-12-19T14:11:41","date_gmt":"2025-12-19T14:11:41","guid":{"rendered":"https:\/\/www.europesays.com\/no\/117468\/"},"modified":"2025-12-19T14:11:41","modified_gmt":"2025-12-19T14:11:41","slug":"naeringsliv-skretting-peab-vant-oppdrag-pa-averoy","status":"publish","type":"post","link":"https:\/\/www.europesays.com\/no\/117468\/","title":{"rendered":"N\u00e6ringsliv, Skretting | Peab vant oppdrag p\u00e5 Aver\u00f8y"},"content":{"rendered":"\n<p>I h\u00f8st annonserte Skretting investeringer for flere hundre millioner som skulle sikre Aver\u00f8y-bedriftens fremtid. Selskapet sa ogs\u00e5 at de skulle signere fem ulike byggekontrakter f\u00f8r jul for den planlagte utbyggingen.<\/p>\n<p>  <a href=\"https:\/\/www.tk.no\/5-51-1753340\" class=\"related-teaser has-image default-story-teaser article--c-eRUmMG article--c-eRUmMG-jKCPdD-design-default\" rel=\"nofollow noopener\" target=\"_blank\"><\/p>\n<p>    <img decoding=\"async\" loading=\"lazy\"  src=\"https:\/\/www.europesays.com\/no\/wp-content\/uploads\/2025\/12\/DSC_4977ny.JPG\" alt=\"\" class=\"brick-c-cFOWSL\" style=\"\"\/><\/p>\n<p>\n            Les ogs\u00e5<\/p>\n<p>              Sikrer framtiden med gigantsatsing: \u2013 Vi har trua p\u00e5 \u00e5 lykkes\n        <\/p>\n<p>  <\/a><\/p>\n<p>N\u00e5 er \u00e9n av dem i boks.<\/p>\n<p>I en <a href=\"https:\/\/kommunikasjon.ntb.no\/pressemelding\/18757646\/peab-skal-oppgradere-skrettings-forfabrikk-pa-averoy?publisherId=17847279&amp;lang=no\" rel=\"Follow nofollow noopener\" target=\"_blank\">pressemelding fredag morgen<\/a> melder byggentrepren\u00f8ren Peab at Peab K. Nordang har signert kontrakt med Skretting AS om utvidelse av selskapets fiskef\u00f4rfabrikk i Kristvika p\u00e5 Aver\u00f8y.<\/p>\n<p>Utvidelsen omfatter b\u00e5de bygningsarbeid, installasjon av prosessutstyr og bygging av en ny r\u00e5varekai.<\/p>\n<p>Byggingen starter februar 2026 og prosjektet skal v\u00e6re ferdigstilt i andre kvartal 2027.<\/p>\n<p>\u2013 Dette er et spennende og krevende prosjekt, ikke minst fordi vi skal bygge samtidig som fabrikken er i full drift. N\u00e5r anlegget st\u00e5r ferdig, vil det gi Skretting en betydelig kapasitets\u00f8kning og et moderne produksjonsmilj\u00f8, sier Lars Gjesdal, prosjektleder i Peab K. Nordang, i pressemeldingen.<\/p>\n<p>Selskapet skriver at de vil benytte egne fagarbeidere og l\u00e6rlinger til betongarbeid og elementmontasje i arbeidet.<\/p>\n<p>N\u00e5r prosjektet st\u00e5r ferdig, vil Skrettings anlegg kunne produsere 100 000 tonn fiskef\u00f4r mer per \u00e5r.<\/p>\n<p>\u2013 Vi er stolte av \u00e5 bidra i et s\u00e5 omfattende prosjekt. For Peab K. Nordang er dette en mulighet til \u00e5 vise v\u00e5r kompetanse p\u00e5 komplekse industriprosjekter med fokus p\u00e5 kvalitet, sikkerhet og samarbeid. Vi ser fram til \u00e5 komme i gang med arbeidet p\u00e5 ny\u00e5ret, sier Peabs administrerende direkt\u00f8r, Kjetil Nordang, om avtalen.<\/p>\n<p>  <a href=\"https:\/\/www.tk.no\/5-51-1749078\" class=\"related-teaser has-image default-story-teaser article--c-eRUmMG article--c-eRUmMG-jKCPdD-design-default\" rel=\"nofollow noopener\" target=\"_blank\"><\/p>\n<p>    <img decoding=\"async\" loading=\"lazy\"  src=\"https:\/\/www.europesays.com\/no\/wp-content\/uploads\/2025\/12\/Bruhagen_Aver%C3%B8y_Kristoffer+Antonsen_www.kvassfoto.no-.jpg\" alt=\"\" class=\"brick-c-cFOWSL\" style=\"\"\/><\/p>\n<p>\n            Les ogs\u00e5<\/p>\n<p>              Planlegger stor utbygging i sj\u00f8en p\u00e5 Aver\u00f8y \u2013 s\u00f8knad ute p\u00e5 h\u00f8ring\n        <\/p>\n<p>  <\/a><\/p>\n<p>  <a href=\"https:\/\/www.tk.no\/5-51-1678372\" class=\"related-teaser has-image default-story-teaser article--c-eRUmMG article--c-eRUmMG-jKCPdD-design-default\" rel=\"nofollow noopener\" target=\"_blank\"><\/p>\n<p>    <img decoding=\"async\" loading=\"lazy\"  src=\"https:\/\/www.europesays.com\/no\/wp-content\/uploads\/2025\/12\/Skretting.png\" alt=\"\" class=\"brick-c-cFOWSL\" style=\"\"\/><\/p>\n<p>\n            Les ogs\u00e5<\/p>\n<p>              Skretting \u00f8ker kapasiteten i Aver\u00f8y\n        <\/p>\n<p>  <\/a><\/p>\n<p>   <img decoding=\"async\" width=\"1920\" height=\"1080\" fetchpriority=\"low\"  loading=\"lazy\"  src=\"https:\/\/www.europesays.com\/no\/wp-content\/uploads\/2025\/12\/image+%284%29ny.png\" alt=\"\" class=\"brick-c-cFOWSL\" style=\"--brick-image-ratio: 1920 \/ 1080;\"\/><\/p>\n<p>      Det er lagt store ressurser i planlegging og prosjektering av investeringen p\u00e5 mange hundre millioner kroner. P\u00e5 ny\u00e5ret starter utbyggingen og moderniseringen av Skretting sitt anlegg i Kristvika.<br \/>\n      Foto: Illustrasjon: Skretting AS\n    <\/p>\n","protected":false},"excerpt":{"rendered":"I h\u00f8st annonserte Skretting investeringer for flere hundre millioner som skulle sikre Aver\u00f8y-bedriftens fremtid. Selskapet sa ogs\u00e5 at&hellip;\n","protected":false},"author":2,"featured_media":117469,"comment_status":"","ping_status":"","sticky":false,"template":"","format":"standard","meta":{"footnotes":""},"categories":[56],"tags":[36,297,60,61,62,30,28,29,14144,14143,1510],"class_list":{"0":"post-117468","1":"post","2":"type-post","3":"status-publish","4":"format-standard","5":"has-post-thumbnail","7":"category-naeringsliv","8":"tag-art","9":"tag-averoy","10":"tag-business","11":"tag-economy","12":"tag-naeringsliv","13":"tag-no","14":"tag-norge","15":"tag-norway","16":"tag-peab","17":"tag-skretting","18":"tag-story"},"share_on_mastodon":{"url":"https:\/\/pubeurope.com\/@no\/115746641618454186","error":""},"_links":{"self":[{"href":"https:\/\/www.europesays.com\/no\/wp-json\/wp\/v2\/posts\/117468","targetHints":{"allow":["GET"]}}],"collection":[{"href":"https:\/\/www.europesays.com\/no\/wp-json\/wp\/v2\/posts"}],"about":[{"href":"https:\/\/www.europesays.com\/no\/wp-json\/wp\/v2\/types\/post"}],"author":[{"embeddable":true,"href":"https:\/\/www.europesays.com\/no\/wp-json\/wp\/v2\/users\/2"}],"replies":[{"embeddable":true,"href":"https:\/\/www.europesays.com\/no\/wp-json\/wp\/v2\/comments?post=117468"}],"version-history":[{"count":0,"href":"https:\/\/www.europesays.com\/no\/wp-json\/wp\/v2\/posts\/117468\/revisions"}],"wp:featuredmedia":[{"embeddable":true,"href":"https:\/\/www.europesays.com\/no\/wp-json\/wp\/v2\/media\/117469"}],"wp:attachment":[{"href":"https:\/\/www.europesays.com\/no\/wp-json\/wp\/v2\/media?parent=117468"}],"wp:term":[{"taxonomy":"category","embeddable":true,"href":"https:\/\/www.europesays.com\/no\/wp-json\/wp\/v2\/categories?post=117468"},{"taxonomy":"post_tag","embeddable":true,"href":"https:\/\/www.europesays.com\/no\/wp-json\/wp\/v2\/tags?post=117468"}],"curies":[{"name":"wp","href":"https:\/\/api.w.org\/{rel}","templated":true}]}}