{"id":117470,"date":"2025-12-19T14:12:40","date_gmt":"2025-12-19T14:12:40","guid":{"rendered":"https:\/\/www.europesays.com\/no\/117470\/"},"modified":"2025-12-19T14:12:40","modified_gmt":"2025-12-19T14:12:40","slug":"viser-at-europa-tar-ansvar-for-egen-sikkerhet","status":"publish","type":"post","link":"https:\/\/www.europesays.com\/no\/117470\/","title":{"rendered":"\u2013 Viser at Europa tar ansvar for egen sikkerhet"},"content":{"rendered":"<p>    Direkt\u00f8r Iver B. Neumann ved Fridtjof Nansens Institutt (FNI) sier at EU-enigheten \u00e5 st\u00f8tte Ukraina med et fellesl\u00e5n p\u00e5 90 milliarder euro er gode nyheter.<\/p>\n<p>\n        Iver B. Neumann, direkt\u00f8r ved Fridtjof Nansens Institutt, sier at l\u00f8sningen EU har kommet fram til viser at Europa tar ansvar.<br \/>\n        Heiko Junge \/ NTB\n    <\/p>\n<p class=\"kicker t30 tertiary color_mobile_tertiary\" style=\"\">Verden<\/p>\n<p>\u2013 Dette var det som var politisk mulig. Jeg vil tro at f\u00f8r eller senere kommer de fryste midlene i spill igjen, enten det er til krigf\u00f8ring eller gjenoppbygging, sier Russland-ekspert Neumann til NTB. <\/p>\n<p>Natt til fredag ble EU enige om \u00e5 gi et l\u00e5n p\u00e5 90 milliarder euro til Ukraina. Neumann sier dette er veldig viktig for Ukraina.<\/p>\n<p>        <a itemprop=\"url\" class=\"\" href=\"https:\/\/www.dagsavisen.no\/nyheter\/eu-enighet-om-milliardlan-til-ukraina\/10118894\" data-k5a-url=\"https:\/\/www.dagsavisen.no\/a\/10118894\" rel=\"nofollow noopener\" target=\"_blank\"><\/p>\n<p>            EU-enighet om milliardl\u00e5n til Ukraina<\/p>\n<p>        <\/a><\/p>\n<p>To l\u00f8sninger ble diskutert: Enten bruk av russiske midler som ligger fryst i europeiske banker, eller \u00e5 ta opp et felles EU-l\u00e5n. Det andre alternativet ble redningsplanken da Belgia, der mesteparten av de russiske pengene befinner seg, fryktet \u00e5 ta b\u00e5de ansvaret og risikoen ved \u00e5 bruke de fryste midlene.<\/p>\n<p>Tar ansvar for egen sikkerhet<\/p>\n<p>Avtalen g\u00e5r blant annet ut p\u00e5 at EU fortsatt beholder de fryste russiske midlene til Russland har gitt Ukraina kompensasjon for krigen. Ukraina trenger ikke betale tilbake l\u00e5net til EU f\u00f8r landet har mottatt russisk kompensasjon.<\/p>\n<p>\u2013 Det store ved dette er at Europa har tatt over n\u00e5r USA ikke lenger vil st\u00f8tte \u00f8konomisk og med amerikanske v\u00e5pen. N\u00e5 kommer Europa inn og st\u00f8tter Ukraina direkte. Det viser at Europa i stadig st\u00f8rre grad tar ansvar for egen sikkerhet, sier Neumann.<\/p>\n<p>\u2013 Dette gj\u00f8r at Ukraina kan fortsette \u00e5 forsvare seg \u2013 det er det viktigste, sier han.<\/p>\n<p>Ungarn st\u00e5r utenfor <\/p>\n<p>Noe av l\u00f8sningen ble at Ungarn, Slovakia og Tsjekkia, som har v\u00e6rt landene som har v\u00e6rt sterkest imot st\u00f8tten til Ukraina, slipper \u00e5 st\u00e5 som garantister for EU-l\u00e5net.<\/p>\n<p>\u2013 Det f\u00f8yer seg inn i et m\u00f8nster hvor EU handler, men uten de h\u00f8yreradikale landene, sier han.<\/p>\n<p>Spesielt Ungarns statsminister Viktor Orban blir stadig mer antidemokratisk og konstant Putin-vennlig, if\u00f8lge Neumann.<\/p>\n<p>\u2013 Dette spisser seg til. Hvor lenge kan Ungarn v\u00e6re i EU n\u00e5r det er stadig mer orientert mot Russland og Kina? sp\u00f8r han.<\/p>\n<p>Neste \u00e5r er det valg i Ungarn, og det er mulig at Orban mister makten for f\u00f8rste gang siden 2010.<\/p>\n","protected":false},"excerpt":{"rendered":"Direkt\u00f8r Iver B. Neumann ved Fridtjof Nansens Institutt (FNI) sier at EU-enigheten \u00e5 st\u00f8tte Ukraina med et fellesl\u00e5n&hellip;\n","protected":false},"author":2,"featured_media":117471,"comment_status":"","ping_status":"","sticky":false,"template":"","format":"standard","meta":{"footnotes":""},"categories":[12],"tags":[20,21,24,25,15,22,23,13,30,28,29,14,16,26,27,42,43,44,45],"class_list":{"0":"post-117470","1":"post","2":"type-post","3":"status-publish","4":"format-standard","5":"has-post-thumbnail","7":"category-verden","8":"tag-breaking-news","9":"tag-breakingnews","10":"tag-featured-news","11":"tag-featurednews","12":"tag-headlines","13":"tag-latest-news","14":"tag-latestnews","15":"tag-news","16":"tag-no","17":"tag-norge","18":"tag-norway","19":"tag-nyheter","20":"tag-overskrifter","21":"tag-top-stories","22":"tag-topstories","23":"tag-verden","24":"tag-world","25":"tag-world-news","26":"tag-worldnews"},"share_on_mastodon":{"url":"https:\/\/pubeurope.com\/@no\/115746645334933497","error":""},"_links":{"self":[{"href":"https:\/\/www.europesays.com\/no\/wp-json\/wp\/v2\/posts\/117470","targetHints":{"allow":["GET"]}}],"collection":[{"href":"https:\/\/www.europesays.com\/no\/wp-json\/wp\/v2\/posts"}],"about":[{"href":"https:\/\/www.europesays.com\/no\/wp-json\/wp\/v2\/types\/post"}],"author":[{"embeddable":true,"href":"https:\/\/www.europesays.com\/no\/wp-json\/wp\/v2\/users\/2"}],"replies":[{"embeddable":true,"href":"https:\/\/www.europesays.com\/no\/wp-json\/wp\/v2\/comments?post=117470"}],"version-history":[{"count":0,"href":"https:\/\/www.europesays.com\/no\/wp-json\/wp\/v2\/posts\/117470\/revisions"}],"wp:featuredmedia":[{"embeddable":true,"href":"https:\/\/www.europesays.com\/no\/wp-json\/wp\/v2\/media\/117471"}],"wp:attachment":[{"href":"https:\/\/www.europesays.com\/no\/wp-json\/wp\/v2\/media?parent=117470"}],"wp:term":[{"taxonomy":"category","embeddable":true,"href":"https:\/\/www.europesays.com\/no\/wp-json\/wp\/v2\/categories?post=117470"},{"taxonomy":"post_tag","embeddable":true,"href":"https:\/\/www.europesays.com\/no\/wp-json\/wp\/v2\/tags?post=117470"}],"curies":[{"name":"wp","href":"https:\/\/api.w.org\/{rel}","templated":true}]}}