{"id":117472,"date":"2025-12-19T14:13:16","date_gmt":"2025-12-19T14:13:16","guid":{"rendered":"https:\/\/www.europesays.com\/no\/117472\/"},"modified":"2025-12-19T14:13:16","modified_gmt":"2025-12-19T14:13:16","slug":"ode-nerdrum-apner-opp-om-kjaerlighetslivet","status":"publish","type":"post","link":"https:\/\/www.europesays.com\/no\/117472\/","title":{"rendered":"\u00d6de Nerdrum \u00e5pner opp om kj\u00e6rlighetslivet:"},"content":{"rendered":"<p class=\"kicker \" style=\"\">\u00d6de Nerdrum<\/p>\n<p>  \u00d6de Nerdrum \u00e5pner opp om kj\u00e6rlighetslivet.<\/p>\n<p>\n    KJ\u00c6RLIGHET: N\u00e5 \u00e5pner han opp om kj\u00e6rligheten og frierbrevene. Foto: Ole Berg-Rusten \/ NTB\n  <\/p>\n<p>Det var i 2021, da influenser Anniken J\u00f8rgensen og kunstneren \u00d6de Nerdrum deltok i Farmen kjendis, at vennskapet mellom dem ble til.<a href=\"https:\/\/podimo.com\/no\/shows\/anniken-og-forbildene?gad_source=1\" rel=\"nofollow noopener\" target=\"_blank\"> I den nyeste episoden av podkasten Anniken og forbildene<\/a> gjenforenes duoen.<\/p>\n<p>\u00d6de \u00e5pner n\u00e5 opp om kj\u00e6rlighetslivet.<\/p>\n<p>    <a itemprop=\"url\" href=\"https:\/\/www.kk.no\/underholdning\/disse-kom-i-mal\/84007765\" rel=\"nofollow noopener\" target=\"_blank\"><\/p>\n<p>        <img loading=\"lazy\" decoding=\"async\" src=\"https:\/\/www.europesays.com\/no\/wp-content\/uploads\/2025\/12\/84007859.webp\" width=\"980\" height=\"441\" title=\"Disse kom i m\u00e5l\" alt=\"\" class=\"lazyload\" style=\"--aspect-ratio-image: 2.22; \"\/><\/p>\n<p>        Disse kom i m\u00e5l<\/p>\n<p>    <\/a><\/p>\n<p>Frierbrev og forelskelse\t<\/p>\n<p>Etter Farmen oppstod det en rekke romanserykter mellom Anniken og \u00d6de. De kunne bekrefte at de bare var gode venner. Etter deltakelsen gjestet de blant annet Senkveld.\u00a0<\/p>\n<p>Vennskapet har de bevart, og tonen mellom dem er god n\u00e5r de m\u00f8tes igjen. Denne gangen er han gjest i Annikens podkast <a href=\"https:\/\/podimo.com\/no\/shows\/anniken-og-forbildene?gad_source=1\" rel=\"nofollow noopener\" target=\"_blank\">Anniken og forbildene.<\/a><\/p>\n<p>Sommeren 2024 giftet Anniken J\u00f8rgensen seg med Theodor Engelstad. Men det er ikke bare for Anniken at kj\u00e6rligheten blomstrer. I den nyeste episoden kan ogs\u00e5 \u00d6de r\u00f8pe at han har m\u00f8tt en potensiell partner.<\/p>\n<p class=\"font-weight-bold m-font-weight-bold\" data-lab-font_weight=\"font-weight-bold\">\u2013 Jeg er i en situasjon, ja- en overgang til \u00e5 bli kj\u00e6reste. Hun er privat, men det er veldig fint. Jeg er jo en amat\u00f8r i kj\u00e6rligheten, men jeg er forelsket, <a href=\"https:\/\/podimo.com\/no\/shows\/anniken-og-forbildene?gad_source=1\" rel=\"nofollow noopener\" target=\"_blank\">forteller han i episoden.<\/a><\/p>\n<p>Etter Farmen kom det noen gode, gammeldagse frierbrev i postkassen til \u00d6de. Men disse har han latt ligge. Det var alts\u00e5 ikke via frierbrevene at han fant kj\u00e6rligheten.<\/p>\n<p>\u2013 Frierbrev gj\u00f8r meg stresset, s\u00e5 de satte jeg ned i en skuff.<\/p>\n<p>Likevel var det ett brev han ble nysgjerrig p\u00e5 \u2013 ikke p\u00e5 grunn av innholdet eller romantikken, men m\u00e5ten det var laget p\u00e5.<\/p>\n<p>\u2013 Jeg hadde tenkt \u00e5 kaste det, men \u00e5pnet og s\u00e5 p\u00e5 m\u00e5ten det var laget. Jeg leste det ikke, men det var et veldig flott oppsett med fin l\u00f8kkeskrift, <a href=\"https:\/\/podimo.com\/no\/shows\/anniken-og-forbildene?gad_source=1\" rel=\"nofollow noopener\" target=\"_blank\">forklarer han i episoden.<\/a><\/p>\n<p>    <a itemprop=\"url\" href=\"https:\/\/www.kk.no\/underholdning\/jeg-var-sa-redd-for-at-de-skulle-bli-sinte-pa-meg\/83997867\" rel=\"nofollow noopener\" target=\"_blank\"><\/p>\n<p>        <img loading=\"lazy\" decoding=\"async\" src=\"https:\/\/www.europesays.com\/no\/wp-content\/uploads\/2025\/12\/83998530.webp\" width=\"980\" height=\"441\" title=\"- Jeg var s\u00e5 redd for at de skulle bli sinte p\u00e5 meg\" alt=\"\" class=\"lazyload\" style=\"--aspect-ratio-image: 2.22; \"\/><\/p>\n<p>        &#8211; Jeg var s\u00e5 redd for at de skulle bli sinte p\u00e5 meg<\/p>\n<p>    <\/a><\/p>\n<p>Popul\u00e6r\t<\/p>\n<p>\u00d6de er ogs\u00e5 \u00e5 se i serien Familien Nerdrum.NRK serien om familien Nerdrum ble fort popul\u00e6r.\u00a0<\/p>\n<p>Serien gir et sjeldent innblikk i hverdagen til en av Norges st\u00f8rste malere, Odd Nerdrum, og det forunderlige livet han har skapt sammen med kona Turid og de fire barna de to har \u2013 alle med navn hentet fra et sagaland langt, langt borte: \u00d6de, Aftur, Myndin og Bork.<\/p>\n<p>    <a itemprop=\"url\" href=\"https:\/\/www.kk.no\/helse\/ibs-studie-viser-en-ingrediens-oker-plagene-1\/82010480\" rel=\"nofollow noopener\" target=\"_blank\"><\/p>\n<p>        <img loading=\"lazy\" decoding=\"async\" src=\"https:\/\/www.europesays.com\/no\/wp-content\/uploads\/2025\/12\/82024773.webp\" width=\"980\" height=\"441\" title=\"IBS-studie viser: \u00c9n ingrediens \u00f8ker plagene\" alt=\"\" class=\"lazyload\" style=\"--aspect-ratio-image: 2.22; \"\/><\/p>\n<p>        IBS-studie viser: \u00c9n ingrediens \u00f8ker plagene<\/p>\n<p>    <\/a><\/p>\n<p>Ekteparet Odd Nerdrum og Turid Spildo har relativt alminnelige fornavn, men for de fire barna sine har de \u00e5penbart \u00f8nsket noe helt spesielt: \u00d6de, Bork, Aftur og Myndin.<\/p>\n<p>Lurer du p\u00e5 hvorfor de har f\u00e5tt disse navnene? <a href=\"https:\/\/www.kk.no\/livet\/dette-betyr-navnene\/82475336\" rel=\"nofollow noopener\" target=\"_blank\">KK har tidligere skrevet om de ulike navnenes betydning.<\/a><\/p>\n","protected":false},"excerpt":{"rendered":"\u00d6de Nerdrum \u00d6de Nerdrum \u00e5pner opp om kj\u00e6rlighetslivet. KJ\u00c6RLIGHET: N\u00e5 \u00e5pner han opp om kj\u00e6rligheten og frierbrevene. Foto:&hellip;\n","protected":false},"author":2,"featured_media":117473,"comment_status":"","ping_status":"","sticky":false,"template":"","format":"standard","meta":{"footnotes":""},"categories":[10],"tags":[2829,20,21,7138,24,25,4774,6851,15,10686,22,23,14145,14146,13,30,28,29,14,16,7137,26,27,72],"class_list":{"0":"post-117472","1":"post","2":"type-post","3":"status-publish","4":"format-standard","5":"has-post-thumbnail","7":"category-norge","8":"tag-anniken-jorgensen","9":"tag-breaking-news","10":"tag-breakingnews","11":"tag-familien-nerdrum","12":"tag-featured-news","13":"tag-featurednews","14":"tag-forelskelse","15":"tag-forelsket","16":"tag-headlines","17":"tag-kjaerlighet","18":"tag-latest-news","19":"tag-latestnews","20":"tag-nerdrum","21":"tag-nerdrum-saken","22":"tag-news","23":"tag-no","24":"tag-norge","25":"tag-norway","26":"tag-nyheter","27":"tag-overskrifter","28":"tag-ode-nerdrum","29":"tag-top-stories","30":"tag-topstories","31":"tag-underholdning"},"share_on_mastodon":{"url":"https:\/\/pubeurope.com\/@no\/115746649512615821","error":""},"_links":{"self":[{"href":"https:\/\/www.europesays.com\/no\/wp-json\/wp\/v2\/posts\/117472","targetHints":{"allow":["GET"]}}],"collection":[{"href":"https:\/\/www.europesays.com\/no\/wp-json\/wp\/v2\/posts"}],"about":[{"href":"https:\/\/www.europesays.com\/no\/wp-json\/wp\/v2\/types\/post"}],"author":[{"embeddable":true,"href":"https:\/\/www.europesays.com\/no\/wp-json\/wp\/v2\/users\/2"}],"replies":[{"embeddable":true,"href":"https:\/\/www.europesays.com\/no\/wp-json\/wp\/v2\/comments?post=117472"}],"version-history":[{"count":0,"href":"https:\/\/www.europesays.com\/no\/wp-json\/wp\/v2\/posts\/117472\/revisions"}],"wp:featuredmedia":[{"embeddable":true,"href":"https:\/\/www.europesays.com\/no\/wp-json\/wp\/v2\/media\/117473"}],"wp:attachment":[{"href":"https:\/\/www.europesays.com\/no\/wp-json\/wp\/v2\/media?parent=117472"}],"wp:term":[{"taxonomy":"category","embeddable":true,"href":"https:\/\/www.europesays.com\/no\/wp-json\/wp\/v2\/categories?post=117472"},{"taxonomy":"post_tag","embeddable":true,"href":"https:\/\/www.europesays.com\/no\/wp-json\/wp\/v2\/tags?post=117472"}],"curies":[{"name":"wp","href":"https:\/\/api.w.org\/{rel}","templated":true}]}}