{"id":117478,"date":"2025-12-19T14:20:48","date_gmt":"2025-12-19T14:20:48","guid":{"rendered":"https:\/\/www.europesays.com\/no\/117478\/"},"modified":"2025-12-19T14:20:48","modified_gmt":"2025-12-19T14:20:48","slug":"rikke-feiret-jul-pa-institusjon-som-ungdom-na-jobber-hun-alltid-pa-julaften-2","status":"publish","type":"post","link":"https:\/\/www.europesays.com\/no\/117478\/","title":{"rendered":"Rikke feiret jul p\u00e5 institusjon som ungdom. N\u00e5 jobber hun \u00aballtid\u00bb p\u00e5 julaften"},"content":{"rendered":"<p class=\"byline\">Simen Aker Grimsrud<\/p>\n<p class=\"epost\">simen@lomedia.no<\/p>\n<p class=\"tekst\">\u2013 Jeg har alltid spurt om \u00e5 f\u00e5 jobbe julaften. Da f\u00e5r jeg gitt tilbake det jeg fikk og ikke fikk som barn, sier Rikke Simonsen. <\/p>\n<p class=\"tekst\">Barnevernspedagogen har 13 \u00e5r bak seg som milj\u00f8terapeut p\u00e5 barnevernsinstitusjon. Til vanlig har hun jobbet nattevakt, men akkurat p\u00e5 julaften har Simonsen valgt \u00e5 jobbe dagtid. <\/p>\n<p class=\"tekst\">Hun har meldt seg til tjeneste hvert \u00e5r. Det er det to grunner til:<\/p>\n<p class=\"tekst\">\u2013 For det f\u00f8rste er det en viktig dag for barna og ungdommene. Jeg vil at de skal f\u00e5 oppleve jul og f\u00e5 en pause fra hverdagen. For det andre har jeg ingen barn og en liten familie, s\u00e5 da kan mine kolleger som har barn f\u00e5 fri, sier Simonsen.<\/p>\n<p class=\"tekst\">\u2013 \u00c5 jobbe p\u00e5 julaften er betydningsfullt for meg som tidligere barnevernsbarn. <\/p>\n<p class=\"mellomtittel\">Jul p\u00e5 institusjon som ungdom<\/p>\n<p class=\"tekst\">47-\u00e5ringen slet selv med rus og utagering i ungdommen. <\/p>\n<p class=\"tekst\">Dagen f\u00f8r lille julaften da hun var 15, ble det s\u00e5 ille at hun ble hentet ut av hjemmet og plassert p\u00e5 akuttinstitusjon. Der ble hun til januar.<\/p>\n<p class=\"tekst\">Hun husker godt sin ene julaften p\u00e5 barnevernsinstitusjon.<\/p>\n<p class=\"tekst\">\u2013 Det er et godt, men rart minne, sier Simonsen. <\/p>\n<p class=\"tekst\">Hun husker synet som m\u00f8tte henne da hun gikk ut av rommet sitt p\u00e5 morgenen. Hjemme var hun vant til at det var julepyntet overalt: nisser i gangen, julekranser p\u00e5 d\u00f8rene og juleduk p\u00e5 kj\u00f8kkenbordet. P\u00e5 institusjonen s\u00e5 det ut som en helt vanlig hverdag.<\/p>\n<p class=\"tekst\">\u2013 Men da jeg kom inn i fellesstua var det jul. Det var en rar f\u00f8lelse. Alt blir litt kunstig p\u00e5 institusjon.<\/p>\n<p class=\"tekst\">En milj\u00f8terapeut ble med Simonsen hjem til foreldrene p\u00e5 julaften for \u00e5 spise middag, s\u00e5 dro hun tilbake til institusjonen.<\/p>\n<p class=\"tekst\">\u2013 Jeg var en ufin ungdom som stjal og ruset meg. Heldigvis roet det seg for meg, s\u00e5 jeg var tilbake hos foreldrene mine i slutten av januar. Jeg har veldig sterke foreldre, sier Simonsen.<\/p>\n<p><img decoding=\"async\" class=\"Image Image_\" src=\"\" data-aghref=\"http:\/\/frifagbevegelse.no\/image-3.634289.155889.20251219081649.6ddec313c9\" data-agimagetype=\"hardcrop\" alt=\"\"\/><\/p>\n<p class=\"Source\">Erling Slyngstad-H\u00e6geland<\/p>\n<p class=\"mellomtittel\">For mange valg<\/p>\n<p class=\"tekst\">\u2013 Hvordan bruker du erfaringen du selv har med \u00e5 feire jul p\u00e5 institusjon som ungdom?<\/p>\n<p class=\"tekst\">\u2013 Jeg har nok et annet perspektiv. Jeg har alltid med meg hvordan enhver situasjon kan oppleves fra ungdommens side.<\/p>\n<p class=\"tekst\">Simonsen opplever at mange barn og ungdommer p\u00e5 institusjon f\u00e5r for mange valg: om hva de skal spise, hvordan det skal pyntes og hva som skal skje. <\/p>\n<p class=\"tekst\">\u2013 Hvis du er 13 \u00e5r og bor i et ordin\u00e6rt hjem, s\u00e5 har det v\u00e6rt forberedelser p\u00e5 forh\u00e5nd, og barnet skal ikke v\u00e6re med \u00e5 bestemme hvordan det skal dekkes opp eller planlegge n\u00f8yaktig hva man skal spise, sier Simonsen.<\/p>\n<p class=\"mellomtittel\">Snakker mye om jul<\/p>\n<p class=\"tekst\">Samtidig kan det v\u00e6re viktig for ungdommen \u00e5 vite at ting faktisk kommer til \u00e5 skje. At det blir gaver og julemat.<\/p>\n<p class=\"tekst\">Simonsen har ofte spurt ungdommene om jula allerede i inntakssamtalene. Hvordan har de tidligere har feiret, hvilke minner har de og hva pleier de \u00e5 spise? <\/p>\n<p class=\"tekst\">\u2013 S\u00e5 kan jeg bruke det jeg plukker opp til \u00e5 skape en god jul for ungdommene.<\/p>\n<p class=\"tekst\">Julaftenene p\u00e5 institusjon har v\u00e6rt varierte. Noen ganger har de feiret p\u00e5 institusjonen, med julemat og gaver. Andre ganger har Simonsen v\u00e6rt med en ungdom hjem til foreldrene og spist, og hun har laget pinnekj\u00f8tt med utradisjonelt tilbeh\u00f8r for ungdommer fra Afghanistan.<\/p>\n<p class=\"tekst\">En gang brukte en ungdom de rastl\u00f8se timene natt til julaften til \u00e5 pakke inn de ansattes kontorstol i gavepapir.<\/p>\n<p class=\"tekst\">\u2013 Det var utrolig kreativt. Heldigvis hadde jeg ekstra gavepapir i bilen til resten av gavene den dagen.<\/p>\n<p class=\"mellomtittel\">P\u00e5 jobb i pysjbukse<\/p>\n<p class=\"tekst\">En julaften husker Simonsen ekstra godt. De andre ungdommene hadde reist hjem, og det var bare ei jente som skulle v\u00e6re p\u00e5 institusjonen. <\/p>\n<p class=\"tekst\">Simonsen brukte ukene i forveien til \u00e5 snakke med ungdommen om hvilke minner hun hadde fra julaften. Det beste jenta visste var \u00e5 sitte i pysjamas hele dagen, se p\u00e5 julefilmer og spise godteri.<\/p>\n<p class=\"tekst\">\u2013 Jeg som aldri har eid en pysjamas dro og kj\u00f8pte meg pysjamasbukse og m\u00f8tte opp p\u00e5 jobb i den og en collegegenser, sier Simonsen.<\/p>\n<p><img decoding=\"async\" class=\"Image Image_\" src=\"\" data-aghref=\"http:\/\/frifagbevegelse.no\/image-3.634290.155889.20251219081649.dfdfc3f925\" data-agimagetype=\"hardcrop\" alt=\"\"\/><\/p>\n<p class=\"Source\">Erling Slyngstad-H\u00e6geland<\/p>\n<p class=\"tekst\">Hun banket p\u00e5 d\u00f8ra til jenta og sa at hun skulle se en film i stua og at hun gjerne ville ha selskap. Etter en liten stund kom ungdommen ut. Der l\u00e5 Simonsen i pysjamas.<\/p>\n<p class=\"tekst\">\u2013 Hun ble nok litt overrasket, sier Simonsen og ler.<\/p>\n<p class=\"tekst\">Ute pisket regnet mot vinduene. Inne i stua hadde Simonsen tent stearinlys, som var avklart med avdelingsleder flere dager i forveien. Nattevakta hadde varmet opp stua. Simonsen laget toast, hadde kj\u00f8pt inn brus, popkorn og sjokolade. Jenta kr\u00f8p oppi sofaen. Der ble de to liggende til klokka fire. <\/p>\n<p class=\"tekst\">\u2013 Denne dagen kr\u00f8p hun opp i armene mine mens vi s\u00e5 julefilm etter julefilm. Det var ulikt henne \u00e5 ta imot omsorg.<\/p>\n<p class=\"tekst\">Det var ogs\u00e5 to andre p\u00e5 jobb denne julaftenen, men de holdt seg i bakgrunnen fram til middag. Tida i stua var bare Simonsen og jenta sin. <\/p>\n<p class=\"tekst\">\u2013 Det var en helt spesiell julaften. Jeg har aldri g\u00e5tt i pysj p\u00e5 jobb verken f\u00f8r eller siden.<\/p>\n","protected":false},"excerpt":{"rendered":"Simen Aker Grimsrud simen@lomedia.no \u2013 Jeg har alltid spurt om \u00e5 f\u00e5 jobbe julaften. Da f\u00e5r jeg gitt&hellip;\n","protected":false},"author":2,"featured_media":117390,"comment_status":"","ping_status":"","sticky":false,"template":"","format":"standard","meta":{"footnotes":""},"categories":[12],"tags":[20,21,24,25,15,22,23,13,30,28,29,14,16,26,27,42,43,44,45],"class_list":{"0":"post-117478","1":"post","2":"type-post","3":"status-publish","4":"format-standard","5":"has-post-thumbnail","7":"category-verden","8":"tag-breaking-news","9":"tag-breakingnews","10":"tag-featured-news","11":"tag-featurednews","12":"tag-headlines","13":"tag-latest-news","14":"tag-latestnews","15":"tag-news","16":"tag-no","17":"tag-norge","18":"tag-norway","19":"tag-nyheter","20":"tag-overskrifter","21":"tag-top-stories","22":"tag-topstories","23":"tag-verden","24":"tag-world","25":"tag-world-news","26":"tag-worldnews"},"share_on_mastodon":{"url":"https:\/\/pubeurope.com\/@no\/115746680668657041","error":""},"_links":{"self":[{"href":"https:\/\/www.europesays.com\/no\/wp-json\/wp\/v2\/posts\/117478","targetHints":{"allow":["GET"]}}],"collection":[{"href":"https:\/\/www.europesays.com\/no\/wp-json\/wp\/v2\/posts"}],"about":[{"href":"https:\/\/www.europesays.com\/no\/wp-json\/wp\/v2\/types\/post"}],"author":[{"embeddable":true,"href":"https:\/\/www.europesays.com\/no\/wp-json\/wp\/v2\/users\/2"}],"replies":[{"embeddable":true,"href":"https:\/\/www.europesays.com\/no\/wp-json\/wp\/v2\/comments?post=117478"}],"version-history":[{"count":0,"href":"https:\/\/www.europesays.com\/no\/wp-json\/wp\/v2\/posts\/117478\/revisions"}],"wp:featuredmedia":[{"embeddable":true,"href":"https:\/\/www.europesays.com\/no\/wp-json\/wp\/v2\/media\/117390"}],"wp:attachment":[{"href":"https:\/\/www.europesays.com\/no\/wp-json\/wp\/v2\/media?parent=117478"}],"wp:term":[{"taxonomy":"category","embeddable":true,"href":"https:\/\/www.europesays.com\/no\/wp-json\/wp\/v2\/categories?post=117478"},{"taxonomy":"post_tag","embeddable":true,"href":"https:\/\/www.europesays.com\/no\/wp-json\/wp\/v2\/tags?post=117478"}],"curies":[{"name":"wp","href":"https:\/\/api.w.org\/{rel}","templated":true}]}}