{"id":11748,"date":"2025-08-18T22:03:12","date_gmt":"2025-08-18T22:03:12","guid":{"rendered":"https:\/\/www.europesays.com\/no\/11748\/"},"modified":"2025-08-18T22:03:12","modified_gmt":"2025-08-18T22:03:12","slug":"malfest-i-1-divisjon-rekdals-menn-knuste-ranheim","status":"publish","type":"post","link":"https:\/\/www.europesays.com\/no\/11748\/","title":{"rendered":"M\u00e5lfest i 1. divisjon \u2013 Rekdals menn knuste Ranheim"},"content":{"rendered":"<p>En overbevisende 6-0-triumf over Ranheim ble det for Kjetil Rekdal-trente Aalesund mandag kveld. Det skjedde etter blant annet to scoringer av vingbacken Jakob Nyland \u00d8rsahl.<\/p>\n<p> \u2013 Vi har bra trykk framover, vi er blitt bedre p\u00e5 d\u00f8dballer, og s\u00e5 synes jeg vi spiller en ganske sterk annenomgang der Ranheim ikke kommer til noe som helst, sa Rekdal til <a href=\"https:\/\/www.smp.no\/sport\/l\/W0rP7K\/foelg-aafk-ranheim-og-chat-med-vaar-journalist\" rel=\"noopener nofollow\" target=\"_blank\">Sunnm\u00f8rsposten<\/a>.<\/p>\n<p>Trepoengeren gj\u00f8r at 3.-plasserte Aalesund er fem poeng bak Start f\u00f8r lagene m\u00f8tes i Kristiansand l\u00f8rdag. Start tapte i denne runden 0-3 for serieleder Lillestr\u00f8m.<\/p>\n<p>\u2013 Det blir ingen lett oppgave i Kristiansand, men vi kommer i hvert fall dit med selvtilliten p\u00e5 vei opp igjen etter \u00e5 ha tapt 1-5 for Lillestr\u00f8m, la Rekdal til.<\/p>\n<p>Effektivt<\/p>\n<p>AaFK gikk offensivt til verks p\u00e5 hjemmebane og tok ledelsen ved \u00d8rsahl etter \u00e5tte minutter. 18 minutter senere satte samme mann et frispark i m\u00e5l til 2-0.<\/p>\n<p>Paul Ngongo \u00f8kte til 3-0 f\u00f8r pause, mens Mathias Christensen, Elias Myrlid og Henrik Melland scoret for vertene etter hvilen.<\/p>\n<p>Den siste scoringen kom p\u00e5 straffespark etter at Ranheim-innbytter Tage Haukeberg felte Ngongo i egen boks og ble utvist. Dermed fullf\u00f8rte gjestene kampen med ti spillere.<\/p>\n<p>Heldig Sogndal-seier<\/p>\n<p>Ogs\u00e5 lagene rett bak AaFK vant mandag, men de m\u00e5tte kjempe hardt for poengene. Sogndal ligger p\u00e5 4.-plass etter \u00e5 ha sikret 2-1 p\u00e5 bortebane over et Stab\u00e6k-lag som sliter om dagen.<\/p>\n<p>Tidligere Stab\u00e6k-spiller Sebastian Pedersen scoret begge m\u00e5lene for Sogndal. Det siste kom p\u00e5 kontring rett etter at vertene sendte av g\u00e5rde et skudd som traff begge stolpene f\u00f8r ballen spratt ut igjen.<\/p>\n<p>Joachim Nysveen sto for Stab\u00e6ks 1-1-m\u00e5l tidlig i annen omgang. laget ligger p\u00e5 nedrykkskvalifiseringsplassen i 1. divisjon og har sju poeng opp til trygg plass.<\/p>\n<p>Stab\u00e6k hadde flere enorme m\u00e5lsjanser i sluttminuttene uten \u00e5 lykkes.<\/p>\n<p>Over fem m\u00e5l i snitt<\/p>\n<p>Kongsvinger er poenget bak sognd\u00f8lene etter 4-3-seier p\u00e5 hjemmebane mot Mj\u00f8ndalen. KIL ledet komfortabelt 3-1, men holdt p\u00e5 \u00e5 rote bort seieren. Den ble sikret av Joacim Holtan fem minutter f\u00f8r full tid.<\/p>\n<p>I alt ble det scoret 22 m\u00e5l i mandagens fire 1.-divisjonskamper. \u00c5sane tok steget opp fra bunnstriden med 4-2 over Raufoss p\u00e5 eget gress.<\/p>\n","protected":false},"excerpt":{"rendered":"En overbevisende 6-0-triumf over Ranheim ble det for Kjetil Rekdal-trente Aalesund mandag kveld. Det skjedde etter blant annet&hellip;\n","protected":false},"author":2,"featured_media":11749,"comment_status":"","ping_status":"","sticky":false,"template":"","format":"standard","meta":{"footnotes":""},"categories":[59],"tags":[967,30,28,29,83,82],"class_list":{"0":"post-11748","1":"post","2":"type-post","3":"status-publish","4":"format-standard","5":"has-post-thumbnail","7":"category-sport","8":"tag-artikler-fra-ntb","9":"tag-no","10":"tag-norge","11":"tag-norway","12":"tag-sport","13":"tag-sports"},"share_on_mastodon":{"url":"","error":""},"_links":{"self":[{"href":"https:\/\/www.europesays.com\/no\/wp-json\/wp\/v2\/posts\/11748","targetHints":{"allow":["GET"]}}],"collection":[{"href":"https:\/\/www.europesays.com\/no\/wp-json\/wp\/v2\/posts"}],"about":[{"href":"https:\/\/www.europesays.com\/no\/wp-json\/wp\/v2\/types\/post"}],"author":[{"embeddable":true,"href":"https:\/\/www.europesays.com\/no\/wp-json\/wp\/v2\/users\/2"}],"replies":[{"embeddable":true,"href":"https:\/\/www.europesays.com\/no\/wp-json\/wp\/v2\/comments?post=11748"}],"version-history":[{"count":0,"href":"https:\/\/www.europesays.com\/no\/wp-json\/wp\/v2\/posts\/11748\/revisions"}],"wp:featuredmedia":[{"embeddable":true,"href":"https:\/\/www.europesays.com\/no\/wp-json\/wp\/v2\/media\/11749"}],"wp:attachment":[{"href":"https:\/\/www.europesays.com\/no\/wp-json\/wp\/v2\/media?parent=11748"}],"wp:term":[{"taxonomy":"category","embeddable":true,"href":"https:\/\/www.europesays.com\/no\/wp-json\/wp\/v2\/categories?post=11748"},{"taxonomy":"post_tag","embeddable":true,"href":"https:\/\/www.europesays.com\/no\/wp-json\/wp\/v2\/tags?post=11748"}],"curies":[{"name":"wp","href":"https:\/\/api.w.org\/{rel}","templated":true}]}}