{"id":117492,"date":"2025-12-19T14:38:10","date_gmt":"2025-12-19T14:38:10","guid":{"rendered":"https:\/\/www.europesays.com\/no\/117492\/"},"modified":"2025-12-19T14:38:10","modified_gmt":"2025-12-19T14:38:10","slug":"bergen-lufthavn-flesland-helge-eidsnes-vekterne-pa-flesland-onsker-ikke-a-vaere-julens-grinch-bergensavisen","status":"publish","type":"post","link":"https:\/\/www.europesays.com\/no\/117492\/","title":{"rendered":"Bergen Lufthavn Flesland, Helge Eidsnes | Vekterne p\u00e5 Flesland \u00f8nsker ikke \u00e5 v\u00e6re julens \u00abGrinch\u00bb &#8211; Bergensavisen"},"content":{"rendered":"<ol>\n<li><a href=\"https:\/\/news.google.com\/rss\/articles\/CBMijgFBVV95cUxOTTB0bTNIUm03allzNHZmSC1QbGwtTG5qVXJnT2hrMzhvd0lzWWRKT1BSR2NreDR5bzRMc19vNVVnM1FxTTBCS1Q4TEw0b3lsY3hGc2Q5dDR1TjFpMzVuOGpyTldlTEEtempYWmJrMDNkVDRSN1JVVmtIVmVWRkJPNlNPaGdJZEl6eF93XzhB?oc=5\" target=\"_blank\" rel=\"nofollow noopener\">Bergen Lufthavn Flesland, Helge Eidsnes | Vekterne p\u00e5 Flesland \u00f8nsker ikke \u00e5 v\u00e6re julens \u00abGrinch\u00bb<\/a>&nbsp;&nbsp;Bergensavisen<\/li>\n<li><a href=\"https:\/\/news.google.com\/rss\/articles\/CBMifEFVX3lxTE5ONE5UcEh6SXVjZnRLaUszdy10R29waUY5TkFCV0RvbFFWRGxCTUg5OHJiNnpSMFU5bzJtcEJwZlVHamFzSGdxRVhGTGoyQlMxSDZiLVczVFVRR1BGdWZ6MWVXNGtJb285eEg5Z21lZG5MbkVGeXlhVkhRQ0g?oc=5\" target=\"_blank\" rel=\"nofollow noopener\">1,5 millioner nordmenn advares f\u00f8r julereisen<\/a>&nbsp;&nbsp;DinSide<\/li>\n<li><a href=\"https:\/\/news.google.com\/rss\/articles\/CBMirAFBVV95cUxPVU5aUl9KWGMtSTNBaTBPTzFJQ25rTjlMcGpFc3pfR1B1OXVZVi13Wjl0TzRYWjFnbzEwYklJM1BaX2lBV0RnVmxNcS15N1NhZnBZQTlQQkUwcDh2VzkwYktxdksyaTA0UkhERmxXbURfQ2NmTU9NLTZ4czhwdGZITFNYYllsSlRWNWo5aFE3Q3lRNGc4d0hYVjNBUXdicFNHVjV1dW5xblZYNzZL?oc=5\" target=\"_blank\" rel=\"nofollow noopener\">I dag er den travlaste utfartsdagen f\u00f8r jul: \u2013 M\u00f8t opp i god nok tid \u2013 Stor-Oslo<\/a>&nbsp;&nbsp;NRK<\/li>\n<li><a href=\"https:\/\/news.google.com\/rss\/articles\/CBMiuAFBVV95cUxPUkdmU2J0ZXliMjNrY3NieGVKa0JDSk92X0VRQmpzWUVoeWwtSnNoYVhPZy1ISnNnQThKb0g0ZmhnZzdkc19ORVRTdFFleFJzZlM2amJHTjIzb1NXbmNQSWtfMXVZWkdtZFZUSWdodF82TDhJcWMzTHQ5NUVqWXoxYzNRZkFqQlBJYjRFcXRNVkJndV9IdURXRi1GSnI1NnphQU5zOEx0QTVrS0JFSGQtR29SbUozQ3FU?oc=5\" target=\"_blank\" rel=\"nofollow noopener\">Julens travleste dag p\u00e5 norske flyplasser: \u2013 Ingen store utfordringer<\/a>&nbsp;&nbsp;adressa.no<\/li>\n<li><a href=\"https:\/\/news.google.com\/rss\/articles\/CBMifEFVX3lxTFBCNHJ0eUVNb09Dd3dvanBPRGFjMzloVThrSW5BeGFPdWRoeHlxTWlRRjNIQ1dsNGN3Qkk1OFR3RVhMQXA5LURpRkRPbDVMQkpJYmhGQVJkbi1MZDlDM0ZjM0F4Ul9WT2pfb1ZhdTA1c1RpRnFpcmw1NGxPVE0?oc=5\" target=\"_blank\" rel=\"nofollow noopener\">Avinor, Reise | N\u00e5 topper det seg: \u2013 Beregn ekstra god tid<\/a>&nbsp;&nbsp;Romerikes Blad<\/li>\n<\/ol>\n","protected":false},"excerpt":{"rendered":"Bergen Lufthavn Flesland, Helge Eidsnes | Vekterne p\u00e5 Flesland \u00f8nsker ikke \u00e5 v\u00e6re julens \u00abGrinch\u00bb&nbsp;&nbsp;Bergensavisen 1,5 millioner nordmenn&hellip;\n","protected":false},"author":2,"featured_media":117493,"comment_status":"","ping_status":"","sticky":false,"template":"","format":"standard","meta":{"footnotes":""},"categories":[10],"tags":[20,21,24,25,15,22,23,13,30,28,29,14,16,26,27],"class_list":{"0":"post-117492","1":"post","2":"type-post","3":"status-publish","4":"format-standard","5":"has-post-thumbnail","7":"category-norge","8":"tag-breaking-news","9":"tag-breakingnews","10":"tag-featured-news","11":"tag-featurednews","12":"tag-headlines","13":"tag-latest-news","14":"tag-latestnews","15":"tag-news","16":"tag-no","17":"tag-norge","18":"tag-norway","19":"tag-nyheter","20":"tag-overskrifter","21":"tag-top-stories","22":"tag-topstories"},"share_on_mastodon":{"url":"https:\/\/pubeurope.com\/@no\/115746747406503992","error":""},"_links":{"self":[{"href":"https:\/\/www.europesays.com\/no\/wp-json\/wp\/v2\/posts\/117492","targetHints":{"allow":["GET"]}}],"collection":[{"href":"https:\/\/www.europesays.com\/no\/wp-json\/wp\/v2\/posts"}],"about":[{"href":"https:\/\/www.europesays.com\/no\/wp-json\/wp\/v2\/types\/post"}],"author":[{"embeddable":true,"href":"https:\/\/www.europesays.com\/no\/wp-json\/wp\/v2\/users\/2"}],"replies":[{"embeddable":true,"href":"https:\/\/www.europesays.com\/no\/wp-json\/wp\/v2\/comments?post=117492"}],"version-history":[{"count":0,"href":"https:\/\/www.europesays.com\/no\/wp-json\/wp\/v2\/posts\/117492\/revisions"}],"wp:featuredmedia":[{"embeddable":true,"href":"https:\/\/www.europesays.com\/no\/wp-json\/wp\/v2\/media\/117493"}],"wp:attachment":[{"href":"https:\/\/www.europesays.com\/no\/wp-json\/wp\/v2\/media?parent=117492"}],"wp:term":[{"taxonomy":"category","embeddable":true,"href":"https:\/\/www.europesays.com\/no\/wp-json\/wp\/v2\/categories?post=117492"},{"taxonomy":"post_tag","embeddable":true,"href":"https:\/\/www.europesays.com\/no\/wp-json\/wp\/v2\/tags?post=117492"}],"curies":[{"name":"wp","href":"https:\/\/api.w.org\/{rel}","templated":true}]}}