{"id":117498,"date":"2025-12-19T14:45:08","date_gmt":"2025-12-19T14:45:08","guid":{"rendered":"https:\/\/www.europesays.com\/no\/117498\/"},"modified":"2025-12-19T14:45:08","modified_gmt":"2025-12-19T14:45:08","slug":"blalys-trafikk-ulykke-i-honefoss-ligger-pa-taket","status":"publish","type":"post","link":"https:\/\/www.europesays.com\/no\/117498\/","title":{"rendered":"Bl\u00e5lys, Trafikk | Ulykke i H\u00f8nefoss: \u2013 Ligger p\u00e5 taket"},"content":{"rendered":"\n<p><b>En bil ligger p\u00e5 taket etter en trafikkulykke p\u00e5 E16 ved Norderhov fredag. <\/b><\/p>\n<p>Det melder politiet rett f\u00f8r klokken 13.15.<\/p>\n<p>If\u00f8lge politiet fremst\u00e5r det som at ingen andre biler er involvert. To personer skal ha g\u00e5tt ut av bilen selv.<\/p>\n<p><b>De er sjekket av ambulansepersonell, og er begge uskadde, melder politiet klokken 13.40.<\/b><\/p>\n<p>Trafikken sto p\u00e5 E16 etter ulykken. Da politiet kom fram, bisto de med dirigering.<\/p>\n<p><b>\u2013 Kj\u00f8ret\u00f8yet ligger i sydg\u00e5ende felt p\u00e5 E16. Det er mulig \u00e5 passere nordover. <\/b><\/p>\n<p>Bilen ble berget, veien ble kostet og rett f\u00f8r klokken 13.50 er veien gjen\u00e5pnet i begge retninger.<\/p>\n","protected":false},"excerpt":{"rendered":"En bil ligger p\u00e5 taket etter en trafikkulykke p\u00e5 E16 ved Norderhov fredag. Det melder politiet rett f\u00f8r&hellip;\n","protected":false},"author":2,"featured_media":117499,"comment_status":"","ping_status":"","sticky":false,"template":"","format":"standard","meta":{"footnotes":""},"categories":[10],"tags":[36,2840,20,21,295,24,25,15,22,23,13,30,343,28,29,14,16,1510,26,27,224],"class_list":{"0":"post-117498","1":"post","2":"type-post","3":"status-publish","4":"format-standard","5":"has-post-thumbnail","7":"category-norge","8":"tag-art","9":"tag-blalys","10":"tag-breaking-news","11":"tag-breakingnews","12":"tag-e16","13":"tag-featured-news","14":"tag-featurednews","15":"tag-headlines","16":"tag-latest-news","17":"tag-latestnews","18":"tag-news","19":"tag-no","20":"tag-norderhov","21":"tag-norge","22":"tag-norway","23":"tag-nyheter","24":"tag-overskrifter","25":"tag-story","26":"tag-top-stories","27":"tag-topstories","28":"tag-trafikk"},"share_on_mastodon":{"url":"https:\/\/pubeurope.com\/@no\/115746775104320537","error":""},"_links":{"self":[{"href":"https:\/\/www.europesays.com\/no\/wp-json\/wp\/v2\/posts\/117498","targetHints":{"allow":["GET"]}}],"collection":[{"href":"https:\/\/www.europesays.com\/no\/wp-json\/wp\/v2\/posts"}],"about":[{"href":"https:\/\/www.europesays.com\/no\/wp-json\/wp\/v2\/types\/post"}],"author":[{"embeddable":true,"href":"https:\/\/www.europesays.com\/no\/wp-json\/wp\/v2\/users\/2"}],"replies":[{"embeddable":true,"href":"https:\/\/www.europesays.com\/no\/wp-json\/wp\/v2\/comments?post=117498"}],"version-history":[{"count":0,"href":"https:\/\/www.europesays.com\/no\/wp-json\/wp\/v2\/posts\/117498\/revisions"}],"wp:featuredmedia":[{"embeddable":true,"href":"https:\/\/www.europesays.com\/no\/wp-json\/wp\/v2\/media\/117499"}],"wp:attachment":[{"href":"https:\/\/www.europesays.com\/no\/wp-json\/wp\/v2\/media?parent=117498"}],"wp:term":[{"taxonomy":"category","embeddable":true,"href":"https:\/\/www.europesays.com\/no\/wp-json\/wp\/v2\/categories?post=117498"},{"taxonomy":"post_tag","embeddable":true,"href":"https:\/\/www.europesays.com\/no\/wp-json\/wp\/v2\/tags?post=117498"}],"curies":[{"name":"wp","href":"https:\/\/api.w.org\/{rel}","templated":true}]}}