{"id":117504,"date":"2025-12-19T14:54:09","date_gmt":"2025-12-19T14:54:09","guid":{"rendered":"https:\/\/www.europesays.com\/no\/117504\/"},"modified":"2025-12-19T14:54:09","modified_gmt":"2025-12-19T14:54:09","slug":"det-kan-ta-ti-eller-elleve-ar-for-united-vinner-tittelen","status":"publish","type":"post","link":"https:\/\/www.europesays.com\/no\/117504\/","title":{"rendered":"&#8211; Det kan ta ti eller elleve \u00e5r f\u00f8r United vinner tittelen"},"content":{"rendered":"<p>        Jane Barlow &#8211; PA Images\n    <\/p>\n<p class=\"kicker font-weight-bold m-font-weight-bold tertiary color_mobile_tertiary\" style=\"\">SIR ALEX FERGUSON:<\/p>\n<p>Ingen vet mer om \u00e5 vinne Premier League-titler enn Sir Alex Ferguson. Skotten gjorde det 13 ganger i l\u00f8pet av sine 26 legendariske \u00e5r som United-sjef, og han er fortsatt den siste United-manageren til \u00e5 l\u00f8fte Premier League-pokalen.<\/p>\n<p>Siden han ga seg i 2013 har mange pr\u00f8vd, men ingen har f\u00e5tt det til. Og United-legenden advarer om at United-fansen muligens m\u00e5 sm\u00f8re seg med t\u00e5lmodighet.\u00a0<\/p>\n<p>&#8211; Jeg husker tilbake til min egen tid (i United). Jeg startet da Liverpool var enorme. De var en fantastisk klubb som hadde vunnet i Europa flere ganger, men det tok dem flere ti\u00e5r \u00e5 vinne ligaen igjen. Vi er n\u00e5 i samme situasjon, sier skotten, og understreker:<\/p>\n<p class=\"font-weight-bold m-font-weight-bold\" data-lab-font_weight=\"font-weight-bold\">&#8211; Det kan ta ti eller elleve \u00e5r f\u00f8r United vinner tittelen igjen p\u00e5 grunn av den syklusen. Det m\u00e5 planlegges n\u00f8ye og vi m\u00e5 s\u00f8rge for at rekrutteringen er bedre enn den har v\u00e6rt.<\/p>\n<p data-lab-font_weight=\"\">Uniteds uttalte m\u00e5l skal for \u00f8vrig v\u00e6re \u00e5 vinne Premier League igjen i 2028.\u00a0<\/p>\n<p>                <img decoding=\"async\" src=\"https:\/\/www.europesays.com\/no\/wp-content\/uploads\/2025\/12\/1275277.webp\" width=\"480\" height=\"312\" title=\"Sir Alex med Premier League-trofeet i 2013.\" alt=\"Sir Alex Ferguson holder Premier League-trof\u00e9et etter sitt siste seriegull, etter hjemmekampen mot Swansea, 12. mai 2013.\" loading=\"lazy\" style=\"\"\/><\/p>\n<p>\n            Sir Alex med Premier League-trofeet i 2013.<br \/>\n            Tom Purslow\n        <\/p>\n<p>Ferguson siteres p\u00e5 dette av flere britiske medier, deriblant<a href=\"https:\/\/www.telegraph.co.uk\/football\/2025\/12\/19\/sir-alex-ferguson-decade-before-manchester-united-win-title\/\" target=\"_blank\" rel=\"nofollow noopener\"> The Telegraph<\/a>. Han skal ha uttalt seg om United i forbindelse med et travarrangement i Bahrain.\u00a0<\/p>\n<p>Sir Alex liker det United gjorde p\u00e5 markedet i sommer. Han roser Senne Lammens og trekker ham frem som en spiller United virkelig trengte.\u00a0<\/p>\n<p class=\"font-weight-bold m-font-weight-bold\" data-lab-font_weight=\"font-weight-bold\">&#8211; Keeperen har utgjort en forskjell. Han er ung, rask, sv\u00e6r og er god med b\u00e5de henda og beina.\u00a0<\/p>\n<p class=\"font-weight-bold m-font-weight-bold\" data-lab-font_weight=\"font-weight-bold\">&#8211; De andre to, Bryan Mbeumo og Matheus Cunha, ser ut som at de vil bidra til at United f\u00e5r formen tilbake, sier Ferguson.\u00a0<\/p>\n<p>Skotten sier tilsynelatende ingenting om Benjamin Sesko, som nylig gjorde comeback etter en periode ute med skade.\u00a0<\/p>\n<p data-lab-font_weight=\"\">Ferguson fikk naturligvis ogs\u00e5 sp\u00f8rsm\u00e5l om R\u00faben Amorim, Uniteds hovedtrener. Ferguson sier ikke mye, men understreker:\u00a0<\/p>\n<p class=\"font-weight-bold m-font-weight-bold\" data-lab-font_weight=\"font-weight-bold\">&#8211; Han har en bra personlighet, men han har ingen enkel jobb.<\/p>\n<p data-lab-font_weight=\"\">P\u00e5 fredagens pressekonferanse fikk Amorim sp\u00f8rsm\u00e5l om Fergusons uttalelse om hvor mange \u00e5r det kan ta f\u00f8r United troner \u00f8verst p\u00e5 Premier League-tabellen igjen.\u00a0<\/p>\n<p data-lab-font_weight=\"\">&#8211; Jeg tror oppriktig at vi kan kjempe om tittelen de kommende \u00e5rene, sier portugiseren.<\/p>\n<p data-lab-font_weight=\"\">&#8211; Han (Sir Alex) vet mer om fotball enn meg, spesielt om engelsk fotball. Men jeg tror ikke det vil ta oss s\u00e5 lang tid \u00e5 vinne ligaen. Jeg vet ikke under hvilkken manager, men jeg tror oppriktig at vi kommer til \u00e5 kjempe om tittelen, legger han til.\u00a0<\/p>\n<p class=\"italic m-italic\" data-lab-font_weight=\"\" data-lab-italic=\"italic\">Apropos rekruttering:<\/p>\n<p>        <a itemprop=\"url\" class=\"\" href=\"https:\/\/www.united.no\/nyheter\/dette-sier-romano-om-bruno-mainoo-og-semenyo\/1409534\" data-k5a-url=\"https:\/\/www.united.no\/a\/1409534\" rel=\"nofollow noopener\" target=\"_blank\"><\/p>\n<p>\nSAUDI-INTERESSE OG UNITED-TELEFON:\n<\/p>\n<p>            Dette sier Romano om Bruno, Mainoo og Semenyo<\/p>\n<p>        <\/a><\/p>\n","protected":false},"excerpt":{"rendered":"Jane Barlow &#8211; PA Images SIR ALEX FERGUSON: Ingen vet mer om \u00e5 vinne Premier League-titler enn Sir&hellip;\n","protected":false},"author":2,"featured_media":117505,"comment_status":"","ping_status":"","sticky":false,"template":"","format":"standard","meta":{"footnotes":""},"categories":[59],"tags":[30,28,29,83,82],"class_list":{"0":"post-117504","1":"post","2":"type-post","3":"status-publish","4":"format-standard","5":"has-post-thumbnail","7":"category-sport","8":"tag-no","9":"tag-norge","10":"tag-norway","11":"tag-sport","12":"tag-sports"},"share_on_mastodon":{"url":"https:\/\/pubeurope.com\/@no\/115746810423522600","error":""},"_links":{"self":[{"href":"https:\/\/www.europesays.com\/no\/wp-json\/wp\/v2\/posts\/117504","targetHints":{"allow":["GET"]}}],"collection":[{"href":"https:\/\/www.europesays.com\/no\/wp-json\/wp\/v2\/posts"}],"about":[{"href":"https:\/\/www.europesays.com\/no\/wp-json\/wp\/v2\/types\/post"}],"author":[{"embeddable":true,"href":"https:\/\/www.europesays.com\/no\/wp-json\/wp\/v2\/users\/2"}],"replies":[{"embeddable":true,"href":"https:\/\/www.europesays.com\/no\/wp-json\/wp\/v2\/comments?post=117504"}],"version-history":[{"count":0,"href":"https:\/\/www.europesays.com\/no\/wp-json\/wp\/v2\/posts\/117504\/revisions"}],"wp:featuredmedia":[{"embeddable":true,"href":"https:\/\/www.europesays.com\/no\/wp-json\/wp\/v2\/media\/117505"}],"wp:attachment":[{"href":"https:\/\/www.europesays.com\/no\/wp-json\/wp\/v2\/media?parent=117504"}],"wp:term":[{"taxonomy":"category","embeddable":true,"href":"https:\/\/www.europesays.com\/no\/wp-json\/wp\/v2\/categories?post=117504"},{"taxonomy":"post_tag","embeddable":true,"href":"https:\/\/www.europesays.com\/no\/wp-json\/wp\/v2\/tags?post=117504"}],"curies":[{"name":"wp","href":"https:\/\/api.w.org\/{rel}","templated":true}]}}