{"id":117508,"date":"2025-12-19T15:00:11","date_gmt":"2025-12-19T15:00:11","guid":{"rendered":"https:\/\/www.europesays.com\/no\/117508\/"},"modified":"2025-12-19T15:00:11","modified_gmt":"2025-12-19T15:00:11","slug":"sjastad-christiansen-vant-etter-sekunddrama","status":"publish","type":"post","link":"https:\/\/www.europesays.com\/no\/117508\/","title":{"rendered":"Sj\u00e5stad Christiansen vant etter sekunddrama"},"content":{"rendered":"<p class=\"no_italic m-no_italic\" data-lab-italic=\"\">Vetle Sj\u00e5stad Christiansen sk\u00f8yt ti treff p\u00e5 sprinten i Frankrike, og sikret sin sjuende verdenscupseier.<\/p>\n<p>\u2013 Han slo inn OL-d\u00f8ra for godt, utbr\u00f8t NRKs kommentator Torgeir Bj\u00f8rn.<\/p>\n<p>\u2013 Jeg er grisesliten. For jeg fikk beskjed om at jeg kom til \u00e5 kjempe mot Dale om dette. Da tenkte jeg \u00abdette g\u00e5r jo ikke\u00bb, for det er verdens beste sisterundel\u00f8per jeg g\u00e5r mot. Men jeg traff utrolig bra med farten i dag, sa vinneren til NRK <\/p>\n<p>Han spurtet inn 3,5 sekunder foran Johannes Dale-Skjevdal, som med sin monsterrunde kom i m\u00e5l 1,5 sekund foran hjemmeh\u00e5pet \u00c9milien Jacquelin.<\/p>\n<p>\u2013 Var det OL-billetten som ble sikret? spurte NRK.<\/p>\n<p class=\"bold m-bold\" data-lab-font_weight=\"bold\">\u2013 Ja, det var det, svarte mannen fra Geilo kontant.<\/p>\n<p> Johan-Olav Sm\u00f8rdal Botn ble nummer fire, mens Sivert Guttorm Bakken slo til med 5.-plass. <\/p>\n<p> Sj\u00e5stad Christiansen h\u00f8ster lovord av konkurrentene etter seieren.<\/p>\n<p class=\"bold m-bold\" data-lab-font_weight=\"bold\">\u2013 Han er favoritt p\u00e5 alle distanser i OL, s\u00e5 den plasser fortjener han, sier den svenske stjernen Sebastian Samuelsson til TV 2 etter l\u00f8pet.<\/p>\n","protected":false},"excerpt":{"rendered":"Vetle Sj\u00e5stad Christiansen sk\u00f8yt ti treff p\u00e5 sprinten i Frankrike, og sikret sin sjuende verdenscupseier. \u2013 Han slo&hellip;\n","protected":false},"author":2,"featured_media":117509,"comment_status":"","ping_status":"","sticky":false,"template":"","format":"standard","meta":{"footnotes":""},"categories":[5],"tags":[20,21,24,25,15,19,22,23,17,18,13,30,28,29,14,16,26,27],"class_list":{"0":"post-117508","1":"post","2":"type-post","3":"status-publish","4":"format-standard","5":"has-post-thumbnail","7":"category-overskrifter","8":"tag-breaking-news","9":"tag-breakingnews","10":"tag-featured-news","11":"tag-featurednews","12":"tag-headlines","13":"tag-hovedoppslag","14":"tag-latest-news","15":"tag-latestnews","16":"tag-main-news","17":"tag-mainnews","18":"tag-news","19":"tag-no","20":"tag-norge","21":"tag-norway","22":"tag-nyheter","23":"tag-overskrifter","24":"tag-top-stories","25":"tag-topstories"},"share_on_mastodon":{"url":"https:\/\/pubeurope.com\/@no\/115746833946761818","error":""},"_links":{"self":[{"href":"https:\/\/www.europesays.com\/no\/wp-json\/wp\/v2\/posts\/117508","targetHints":{"allow":["GET"]}}],"collection":[{"href":"https:\/\/www.europesays.com\/no\/wp-json\/wp\/v2\/posts"}],"about":[{"href":"https:\/\/www.europesays.com\/no\/wp-json\/wp\/v2\/types\/post"}],"author":[{"embeddable":true,"href":"https:\/\/www.europesays.com\/no\/wp-json\/wp\/v2\/users\/2"}],"replies":[{"embeddable":true,"href":"https:\/\/www.europesays.com\/no\/wp-json\/wp\/v2\/comments?post=117508"}],"version-history":[{"count":0,"href":"https:\/\/www.europesays.com\/no\/wp-json\/wp\/v2\/posts\/117508\/revisions"}],"wp:featuredmedia":[{"embeddable":true,"href":"https:\/\/www.europesays.com\/no\/wp-json\/wp\/v2\/media\/117509"}],"wp:attachment":[{"href":"https:\/\/www.europesays.com\/no\/wp-json\/wp\/v2\/media?parent=117508"}],"wp:term":[{"taxonomy":"category","embeddable":true,"href":"https:\/\/www.europesays.com\/no\/wp-json\/wp\/v2\/categories?post=117508"},{"taxonomy":"post_tag","embeddable":true,"href":"https:\/\/www.europesays.com\/no\/wp-json\/wp\/v2\/tags?post=117508"}],"curies":[{"name":"wp","href":"https:\/\/api.w.org\/{rel}","templated":true}]}}