{"id":117510,"date":"2025-12-19T15:01:14","date_gmt":"2025-12-19T15:01:14","guid":{"rendered":"https:\/\/www.europesays.com\/no\/117510\/"},"modified":"2025-12-19T15:01:14","modified_gmt":"2025-12-19T15:01:14","slug":"oscar-bobb-pep-guardiola-guardiola-vag-om-bobb-skaden-spiller-ikke-mot-west-ham","status":"publish","type":"post","link":"https:\/\/www.europesays.com\/no\/117510\/","title":{"rendered":"Oscar Bobb, Pep Guardiola | Guardiola vag om Bobb-skaden \u2013 spiller ikke mot West Ham"},"content":{"rendered":"\n<p>Bobb ble skadet i ligacupkampen mot Bournemouth tirsdag.<\/p>\n<p>P\u00e5 fredagens pressekonferanse fikk Guardiola sp\u00f8rsm\u00e5l om situasjonen til nordmannen og andre spillere som er skadet. Beskjeden var at ingen av dem blir klare til l\u00f8rdagens kamp.<\/p>\n<p>Guardiola gikk ikke i detalj rundt de enkelte spillernes potensielle skadeavbrekk.<\/p>\n<p>22-\u00e5ringen fra Oslo startet oppgj\u00f8ret, men m\u00e5tte sette seg ned p\u00e5 gressmatta etter litt over et kvarter. Han holdt seg til beinet og fikk behandling, men ble tatt av banen kort tid etterp\u00e5.<\/p>\n<p>Midtbanedribleren gikk skuffet av gressmatta, mens han fikk st\u00f8tte av City-trener Pep Guardiola og andre i st\u00f8tteapparatet p\u00e5 vei inn i garderoben.<\/p>\n<p>Bobb fikk spilletid for f\u00f8rste gang siden 25. november. Da fikk han 45 minutter i Champions League mot Leverkusen.<\/p>\n<p>Nordmannen ble erstattet av Phil Foden tirsdag.<\/p>\n<p>(\u00a9NTB)<\/p>\n","protected":false},"excerpt":{"rendered":"Bobb ble skadet i ligacupkampen mot Bournemouth tirsdag. P\u00e5 fredagens pressekonferanse fikk Guardiola sp\u00f8rsm\u00e5l om situasjonen til nordmannen&hellip;\n","protected":false},"author":2,"featured_media":117511,"comment_status":"","ping_status":"","sticky":false,"template":"","format":"standard","meta":{"footnotes":""},"categories":[59],"tags":[30,28,29,83,82],"class_list":{"0":"post-117510","1":"post","2":"type-post","3":"status-publish","4":"format-standard","5":"has-post-thumbnail","7":"category-sport","8":"tag-no","9":"tag-norge","10":"tag-norway","11":"tag-sport","12":"tag-sports"},"share_on_mastodon":{"url":"https:\/\/pubeurope.com\/@no\/115746837809870585","error":""},"_links":{"self":[{"href":"https:\/\/www.europesays.com\/no\/wp-json\/wp\/v2\/posts\/117510","targetHints":{"allow":["GET"]}}],"collection":[{"href":"https:\/\/www.europesays.com\/no\/wp-json\/wp\/v2\/posts"}],"about":[{"href":"https:\/\/www.europesays.com\/no\/wp-json\/wp\/v2\/types\/post"}],"author":[{"embeddable":true,"href":"https:\/\/www.europesays.com\/no\/wp-json\/wp\/v2\/users\/2"}],"replies":[{"embeddable":true,"href":"https:\/\/www.europesays.com\/no\/wp-json\/wp\/v2\/comments?post=117510"}],"version-history":[{"count":0,"href":"https:\/\/www.europesays.com\/no\/wp-json\/wp\/v2\/posts\/117510\/revisions"}],"wp:featuredmedia":[{"embeddable":true,"href":"https:\/\/www.europesays.com\/no\/wp-json\/wp\/v2\/media\/117511"}],"wp:attachment":[{"href":"https:\/\/www.europesays.com\/no\/wp-json\/wp\/v2\/media?parent=117510"}],"wp:term":[{"taxonomy":"category","embeddable":true,"href":"https:\/\/www.europesays.com\/no\/wp-json\/wp\/v2\/categories?post=117510"},{"taxonomy":"post_tag","embeddable":true,"href":"https:\/\/www.europesays.com\/no\/wp-json\/wp\/v2\/tags?post=117510"}],"curies":[{"name":"wp","href":"https:\/\/api.w.org\/{rel}","templated":true}]}}