{"id":117512,"date":"2025-12-19T15:05:12","date_gmt":"2025-12-19T15:05:12","guid":{"rendered":"https:\/\/www.europesays.com\/no\/117512\/"},"modified":"2025-12-19T15:05:12","modified_gmt":"2025-12-19T15:05:12","slug":"ki-bruker-like-mye-strom-som-new-york","status":"publish","type":"post","link":"https:\/\/www.europesays.com\/no\/117512\/","title":{"rendered":"KI bruker like mye str\u00f8m som New York"},"content":{"rendered":"<p>    En fersk studie ansl\u00e5r at KI sto for et karbonavtrykk p\u00e5 niv\u00e5 med hele New York by i 2025, og brukte like mye vann som verdens befolkning drikker fra flaske.<\/p>\n<p>\n        Verdens KI-bruk slipper ut like mye CO2 som hele New York by, if\u00f8lge ny studie.<br \/>\n        \ud83d\udcf8: Kaydn Ito \/ Unsplash\n    <\/p>\n<p>En fersk studie publisert i <a href=\"https:\/\/linkinghub.elsevier.com\/retrieve\/pii\/S2666389925002788\" style=\"font-size: 1.125rem; background-color: transparent;\" rel=\"nofollow noopener\" target=\"_blank\">tidsskriftet\u00a0Patterns<\/a>\u00a0viser til at KI ga like stort karbonavtrykk i 2025 som hele New York by, med sine 8,5 millioner innbyggere.<\/p>\n<p>Og brukte like mye vann som folk over hele verden drakk fra vannflasker samme \u00e5r.<\/p>\n<p>Det er forsker\u00a0Alex de Vries-Gao som st\u00e5r bak studien. Han er doktorgradsstipendiat ved VU Amsterdams institutt for milj\u00f8studier.<\/p>\n<p>Avisen\u00a0<a href=\"https:\/\/www.theverge.com\/news\/845831\/ai-chips-data-center-power-water\" rel=\"nofollow noopener\" target=\"_blank\">The Verge<\/a>\u00a0omtalte studien f\u00f8rst.<\/p>\n<p>        <a itemprop=\"url\" class=\"\" href=\"https:\/\/www.kode24.no\/artikkel\/google-vil-bygge-i-ostfold-og-bruke-like-mye-strom-som-200000-boliger\/251643\" data-k5a-url=\"https:\/\/www.kode24.no\/a\/251643\" rel=\"nofollow noopener\" target=\"_blank\"><\/p>\n<p>            Google vil bygge i \u00d8stfold og bruke like mye str\u00f8m som 200.000 boliger<\/p>\n<p itemprop=\"description\" class=\"subtitle \" style=\"\">\n    Google bekrefter til Digi at de planlegger et datasenter i V\u00e5ler i \u00d8stfold.\n<\/p>\n<p>        <\/a><\/p>\n<p>Forsket p\u00e5 forbruket<\/p>\n<p>Alex de Vries-Gao, som har utf\u00f8rt studien, har forsket p\u00e5 elektrisitetsforbruket til datasentre som brukes til KI, samt krypto-utvinning gjennom \u00e5rene.\u00a0<\/p>\n<p class=\"font-weight-bold m-font-weight-bold\" data-lab-font_weight=\"font-weight-bold\">\u2013\u00a0KI-systemer er i ferd med \u00e5 bli den st\u00f8rste grunnen til vekst i str\u00f8mforbruket til datasentere, innleder han artikkelen.\u00a0<\/p>\n<p>Selv om mange teknologiselskaper oppgir de totale tallene sine for karbonutslipp og direkte vannforbruk i \u00e5rlige b\u00e6rekraftsrapporter, s\u00e5 bryter de vanligvis ikke disse tallene ned slik at man kan se hvor mye ressurser som g\u00e5r til KI, skriver forskeren videre.\u00a0<\/p>\n<p data-lab-font_weight=\"\">Han mener det m\u00e5 v\u00e6re mer \u00e5penhet om hvor stor milj\u00f8belastning KI utgj\u00f8r for \u00e5 kunne se det helhetlige bildet.\u00a0<\/p>\n<p>                <img decoding=\"async\" src=\"https:\/\/www.europesays.com\/no\/wp-content\/uploads\/2025\/12\/250046.webp\" width=\"480\" height=\"274\" title=\"Googles nye datasenter utenfor Skien i Telemark. Senteret for lagring av data skal st\u00e5 klart i 2026.\" alt=\"\" loading=\"lazy\" style=\"\"\/><\/p>\n<p>\n            Googles nye datasenter utenfor Skien i Telemark. Senteret for lagring av data skal st\u00e5 klart i 2026.<br \/>\n            \ud83d\udcf8: Cornelius Poppe \/ NTB\n        <\/p>\n<p>Har ikke presise tall<\/p>\n<p>Forskeren ansl\u00e5r i studien at karbonfotavtrykket til KI-systemer ligger p\u00e5 mellom 32,6 og 79,7 millioner tonn CO2-utslipp i 2025. Mens vannfotavtrykket er mellom 312,5 og 764,6 milliarder liter.<\/p>\n<p>Men uten mer \u00e5penhet fra tek-selskapene forblir tallene hans bare anslagsvise tall.\u00a0<\/p>\n<p>\u2013\u00a0Det finnes ingen m\u00e5te \u00e5 sette et helt presist tall p\u00e5 dette, men det kommer uansett til \u00e5 bli veldig stort, st\u00e5r det i studien.<\/p>\n<p>Datasentre sluker vann<\/p>\n<p>Vann brukes i kj\u00f8lesystemene til datasenterne for \u00e5 forhindre at serverne overopphetes.\u00a0<\/p>\n<p>Ogs\u00e5 kraftverkene krever betydelige mengder vann for \u00e5 kj\u00f8le ned utstyr og snu turbiner ved hjelp av damp \u2013 if\u00f8lge forskeren utgj\u00f8r dette st\u00f8rstedelen av et datasenters vannfotavtrykk.\u00a0<\/p>\n<p>Flere datasentre som bygges for generativ KI, f\u00f8rer til flere kraftverk \u2013 som igjen bruker mer vann.<\/p>\n<p>        <a itemprop=\"url\" class=\"\" href=\"https:\/\/www.kode24.no\/artikkel\/politikere-vil-oke-elavgiften-til-datasentre-i-norge\/250038\" data-k5a-url=\"https:\/\/www.kode24.no\/a\/250038\" rel=\"nofollow noopener\" target=\"_blank\"><\/p>\n<p>            Vil gi dyrere str\u00f8m til norske datasentre<\/p>\n<p itemprop=\"description\" class=\"subtitle \" style=\"\">\n    Senterpartiet vil \u00f8ke elavgiften med 10 \u00f8re per kilowattime for datasentre. Partiet f\u00e5r st\u00f8tte av SV og R\u00f8dt.\n<\/p>\n<p>        <\/a><\/p>\n","protected":false},"excerpt":{"rendered":"En fersk studie ansl\u00e5r at KI sto for et karbonavtrykk p\u00e5 niv\u00e5 med hele New York by i&hellip;\n","protected":false},"author":2,"featured_media":117513,"comment_status":"","ping_status":"","sticky":false,"template":"","format":"standard","meta":{"footnotes":""},"categories":[12],"tags":[20,21,24,25,15,22,23,13,30,28,29,14,16,26,27,42,43,44,45],"class_list":{"0":"post-117512","1":"post","2":"type-post","3":"status-publish","4":"format-standard","5":"has-post-thumbnail","7":"category-verden","8":"tag-breaking-news","9":"tag-breakingnews","10":"tag-featured-news","11":"tag-featurednews","12":"tag-headlines","13":"tag-latest-news","14":"tag-latestnews","15":"tag-news","16":"tag-no","17":"tag-norge","18":"tag-norway","19":"tag-nyheter","20":"tag-overskrifter","21":"tag-top-stories","22":"tag-topstories","23":"tag-verden","24":"tag-world","25":"tag-world-news","26":"tag-worldnews"},"share_on_mastodon":{"url":"https:\/\/pubeurope.com\/@no\/115746853957380173","error":""},"_links":{"self":[{"href":"https:\/\/www.europesays.com\/no\/wp-json\/wp\/v2\/posts\/117512","targetHints":{"allow":["GET"]}}],"collection":[{"href":"https:\/\/www.europesays.com\/no\/wp-json\/wp\/v2\/posts"}],"about":[{"href":"https:\/\/www.europesays.com\/no\/wp-json\/wp\/v2\/types\/post"}],"author":[{"embeddable":true,"href":"https:\/\/www.europesays.com\/no\/wp-json\/wp\/v2\/users\/2"}],"replies":[{"embeddable":true,"href":"https:\/\/www.europesays.com\/no\/wp-json\/wp\/v2\/comments?post=117512"}],"version-history":[{"count":0,"href":"https:\/\/www.europesays.com\/no\/wp-json\/wp\/v2\/posts\/117512\/revisions"}],"wp:featuredmedia":[{"embeddable":true,"href":"https:\/\/www.europesays.com\/no\/wp-json\/wp\/v2\/media\/117513"}],"wp:attachment":[{"href":"https:\/\/www.europesays.com\/no\/wp-json\/wp\/v2\/media?parent=117512"}],"wp:term":[{"taxonomy":"category","embeddable":true,"href":"https:\/\/www.europesays.com\/no\/wp-json\/wp\/v2\/categories?post=117512"},{"taxonomy":"post_tag","embeddable":true,"href":"https:\/\/www.europesays.com\/no\/wp-json\/wp\/v2\/tags?post=117512"}],"curies":[{"name":"wp","href":"https:\/\/api.w.org\/{rel}","templated":true}]}}