{"id":117514,"date":"2025-12-19T15:06:14","date_gmt":"2025-12-19T15:06:14","guid":{"rendered":"https:\/\/www.europesays.com\/no\/117514\/"},"modified":"2025-12-19T15:06:14","modified_gmt":"2025-12-19T15:06:14","slug":"bakmann-19-knyttes-til-flere-voldsoppdrag-siktes-ogsa-i-kidnappingssak","status":"publish","type":"post","link":"https:\/\/www.europesays.com\/no\/117514\/","title":{"rendered":"Bakmann (19) knyttes til flere volds\u00adoppdrag \u2013 siktes ogs\u00e5 i kidnappings\u00adsak"},"content":{"rendered":"\n<ul class=\"_list_o9xde_3 _list_64s2r_85 _unordered_o9xde_106 text-sans-m\">\n<li class=\"_item_o9xde_30\">En 19-\u00e5ring er n\u00e5 siktet for medvirkning til skyteepisode mot en enebolig i Oslo og kidnappingssak i Lillestr\u00f8m.<\/li>\n<li class=\"_item_o9xde_30\">Hans siktelse er ogs\u00e5 utvidet til \u00e5 omfatte medvirkning  til skytehendelsen ved H\u00f8ybr\u00e5ten den 6. november 2025.<\/li>\n<li class=\"_item_o9xde_30\">Politiet mener han samarbeider med kriminelle i utlandet.<\/li>\n<li class=\"_item_o9xde_30\">19-\u00e5ringen nekter straffskyld.<\/li>\n<\/ul>\n<p>Vis mer <\/p>\n<p class=\"_paragraph_o9xde_4 _paragraph_xtcu6_10 layout-component text-serif-m layout-normal text-serif-m layout-padded\">Han var fra f\u00f8r siktet for \u00e5 ha hatt en rolle i flere hendelser p\u00e5 \u00d8stlandet den siste tiden. <\/p>\n<p class=\"_paragraph_o9xde_4 _paragraph_xtcu6_10 layout-component text-serif-m layout-normal text-serif-m layout-padded\"><strong class=\"_strong_o9xde_25\">N\u00e5 er siktelsen mot han utvidet, og en ny siktelse opprettet: <\/strong><\/p>\n<p class=\"_paragraph_o9xde_4 _paragraph_xtcu6_10 layout-component text-serif-m layout-normal text-serif-m layout-padded\">19-\u00e5ringen er n\u00e5 ogs\u00e5 siktet for medvirkning til skyteepisoden ved <a href=\"https:\/\/www.vg.no\/tag\/hoeybraaten?utm_source=vg-article&amp;utm_medium=auto-tagger&amp;utm_campaign=6qny6o\" class=\"_link_o9xde_39\" rel=\"nofollow noopener\" target=\"_blank\">H\u00f8ybr\u00e5ten<\/a> 6. november, opplyser politiadvokat i Oslo, Henrik R\u00e5dal til VG. <\/p>\n<p class=\"_paragraph_o9xde_4 _paragraph_xtcu6_10 layout-component text-serif-m layout-normal text-serif-m layout-padded\">Da ble det avfyrt skudd mot en privat bolig, og to mindre\u00e5rige gutter ble p\u00e5grepet like ved \u00e5stedet. <\/p>\n<p class=\"_paragraph_o9xde_4 _paragraph_xtcu6_10 layout-component text-serif-m layout-normal text-serif-m layout-padded\">Denne hendelsen har politiet allerede uttalt at han knyttes til. N\u00e5 er siktelsen formell. <\/p>\n<p class=\"_paragraph_o9xde_4 _paragraph_xtcu6_10 layout-component text-serif-m layout-normal text-serif-m layout-padded\"><strong class=\"_strong_o9xde_25\">Fredag ble han ogs\u00e5 siktet for medvirkningmedvirkning\u00c5 bidra eller hjelpe til i utf\u00f8relsen av en kriminell handling, uten n\u00f8dvendigvis \u00e5 v\u00e6re den som utf\u00f8rer handlingen direkte.<br \/>\n i <a href=\"https:\/\/www.vg.no\/nyheter\/i\/j09aA9\/to-gutter-paagrepet-i-kidnappingssak-kobles-til-skyting-i-oslo\" data-track-element-type=\"Link\" data-track-id=\"link:j09aA9\" class=\"_link_o9xde_39\" rel=\"nofollow noopener\" target=\"_blank\">kidnappingssaken i Lillestr\u00f8m<\/a><\/strong>. <\/p>\n<p class=\"_paragraph_o9xde_4 _paragraph_xtcu6_10 layout-component text-serif-m layout-normal text-serif-m layout-padded\">Den etterforskes av \u00d8st politidistrikt.<\/p>\n<p class=\"_paragraph_o9xde_4 _paragraph_xtcu6_10 layout-component text-serif-m layout-normal text-serif-m layout-padded\">\u2013 Vi ser at han g\u00e5r igjen i v\u00e5r sak om frihetsber\u00f8velse og er som en tilrettelegger der, sier Anders Johnsen B\u00e6kkemoen i \u00d8st politidistrikt til VG. <\/p>\n<p class=\"_paragraph_o9xde_4 _paragraph_xtcu6_10 layout-component text-serif-m layout-normal text-serif-m layout-padded\">Han understreker at de ikke har gjennomf\u00f8rt avh\u00f8r av 19-\u00e5ringen og kjenner ikke til hvordan han stiller seg til akkurat denne siktelsen. <\/p>\n<p><img alt=\"Politiet p\u00e5 stedet etter skyting p\u00e5 H\u00f8ybr\u00e5ten i november.   Foto: Adnan Ayanle \/ PSP \/ NTB\" class=\"_image_qp4xg_65 layout-component layout-normal\" data-fullscreen- data-track-element-type=\"Article image fullscreen\" data-track-name=\"ImageFullscreen\" decoding=\"async\" loading=\"lazy\" height=\"1080\" itemprop=\"image\"  src=\"https:\/\/www.europesays.com\/no\/wp-content\/uploads\/2025\/12\/fb4ae8fc-36d5-49fc-888f-097cb5262c4d\"  style=\"object-position:0% 0%\" width=\"1620\"\/>Politiet p\u00e5 stedet etter skyting p\u00e5 H\u00f8ybr\u00e5ten i november.   Foto: Adnan Ayanle \/ PSP \/ NTB<\/p>\n<p class=\"_paragraph_o9xde_4 _paragraph_xtcu6_10 layout-component text-serif-m layout-normal text-serif-m layout-padded\"><strong class=\"_strong_o9xde_25\">Politiet har siktet ham etter fire hendelser p\u00e5 \u00d8stlandet i h\u00f8st: <\/strong><\/p>\n<ul class=\"_list_o9xde_3 _list_xtcu6_9 _unordered_o9xde_106 layout-component text-serif-m layout-normal text-serif-m layout-padded\">\n<li class=\"_item_o9xde_30\">Skyting utenfor en privat adresse i <a href=\"http:\/\/www.vg.no\/nyheter\/i\/Gy4k94\/skytingen-i-sarpsborg-svaert-skremmende#:~:text=26.09.25%3A%20Politiet%20p%C3%A5griper%20en,Politiet%20beslaglegger%20ogs%C3%A5%20et%20skytev%C3%A5pen.\" data-track-element-type=\"Link\" data-track-id=\"link:Gy4k94\" class=\"_link_o9xde_39\" rel=\"nofollow noopener\" target=\"_blank\">Sarpsborg tirsdag 30. september<\/a> der tre mindre\u00e5rige gutter ble p\u00e5grepet p\u00e5 stedet.<\/li>\n<li class=\"_item_o9xde_30\">Et forhold som ble avverget av politiet hvor det 1. oktober 2025, ble planlagt \u00e5 avfyre skudd mot en adresse.<\/li>\n<li class=\"_item_o9xde_30\">Politiet har siktet 19-\u00e5ringen medvirket i hendelsen hvor det ble fyrt skudd mot en privat bolig p\u00e5 <a href=\"https:\/\/www.vg.no\/nyheter\/i\/LMyPEQ\/politiet-melding-om-skudd-paa-hoeybraaten\" data-track-element-type=\"Link\" data-track-id=\"link:LMyPEQ\" class=\"_link_o9xde_39\" rel=\"nofollow noopener\" target=\"_blank\">H\u00f8ybr\u00e5ten 6. november<\/a>. To mindre\u00e5rige gutter ble p\u00e5grepet like ved \u00e5stedet<\/li>\n<li class=\"_item_o9xde_30\">Politiet har siktet 19-\u00e5ringen for medvirkning i saken om <a href=\"https:\/\/www.vg.no\/nyheter\/i\/j09aA9\/to-gutter-paagrepet-i-kidnappingssak-kobles-til-skyting-i-oslo\" data-track-element-type=\"Link\" data-track-id=\"link:j09aA9\" class=\"_link_o9xde_39\" rel=\"nofollow noopener\" target=\"_blank\">frihetsber\u00f8velse i R\u00e6lingen kommune. <\/a><\/li>\n<\/ul>\n<p class=\"_paragraph_o9xde_4 _paragraph_xtcu6_10 layout-component text-serif-m layout-normal text-serif-m layout-padded\"><strong class=\"_strong_o9xde_25\">Han knyttes ogs\u00e5 til en straffesak i S\u00f8r-Vest politidistrikt, opplyser R\u00e5dal. <\/strong><\/p>\n<p class=\"_paragraph_o9xde_4 _paragraph_xtcu6_10 layout-component text-serif-m layout-normal text-serif-m layout-padded\">S\u00f8r-Vest politidistrikt har ikke villet si noe om dette til VG. <\/p>\n<p class=\"_paragraph_o9xde_4 _paragraph_xtcu6_10 layout-component text-serif-m layout-normal text-serif-m layout-padded\">Politiadvokat R\u00e5dal <a href=\"https:\/\/www.vg.no\/nyheter\/i\/Ex4dz2\/19-aaring-siktet-etter-voldsoppdrag-saken\" data-track-element-type=\"Link\" data-track-id=\"link:Ex4dz2\" class=\"_link_o9xde_39\" rel=\"nofollow noopener\" target=\"_blank\">har tidligere sagt til VG<\/a> at de mener 19-\u00e5ringen har bidratt og medvirket i oppdrag og rekruttert barn eller mindre\u00e5rige i \u00e5 utf\u00f8re dem.<\/p>\n<p>Nekter straffskyld<\/p>\n<p class=\"_paragraph_o9xde_4 _paragraph_xtcu6_10 layout-component text-serif-m layout-normal text-serif-m layout-padded\">Politiet mener 19-\u00e5ringen har oppholdt seg i Mexico under hele perioden og har flyttet seg videre til Europa der han ble p\u00e5grepet i Nederland. <\/p>\n<p class=\"_paragraph_o9xde_4 _paragraph_xtcu6_10 layout-component text-serif-m layout-normal text-serif-m layout-padded\">P\u00e5 listen over siktelser er ogs\u00e5 to tilfeller av medvirkning til grov ulovlig befatning med skytev\u00e5pen som ledd i aktivitetene til en organisert kriminell gruppe.<\/p>\n<p><img decoding=\"async\" alt=\"Bilde av Espen Wangberg\" class=\"_image_ygndg_42\" height=\"53\" itemprop=\"image\" loading=\"lazy\"  src=\"https:\/\/www.europesays.com\/no\/wp-content\/uploads\/2025\/12\/1766156772_557_fb60b570-d5c5-42b4-b2ed-9e3ed71dc477\"  width=\"40\"\/><strong class=\"_name_ygndg_51 title-serif-xs\">Espen Wangberg<\/strong><\/p>\n<p class=\"_paragraph_o9xde_4 text-sans-m _description_ygndg_56\">19-\u00e5ringens forsvarer<\/p>\n<p class=\"_paragraph_o9xde_4 _paragraph_xtcu6_10 layout-component text-serif-m layout-normal text-serif-m layout-padded\">\u2013 I enkelte hendelser ogs\u00e5 Foxtrot, <a href=\"https:\/\/www.vg.no\/nyheter\/i\/Ex4dz2\/19-aaring-siktet-etter-voldsoppdrag-saken\" data-track-element-type=\"Link\" data-track-id=\"link:Ex4dz2\" class=\"_link_o9xde_39\" rel=\"nofollow noopener\" target=\"_blank\">sa politiadvokat Henrik R\u00e5dal da. <\/a><\/p>\n<p class=\"_paragraph_o9xde_4 _paragraph_xtcu6_10 layout-component text-serif-m layout-normal text-serif-m layout-padded\">Politiet sier at 19-\u00e5ring ikke er blitt konfrontert om den nye siktelsen enda. <\/p>\n<p class=\"_paragraph_o9xde_4 _paragraph_xtcu6_10 layout-component text-serif-m layout-normal text-serif-m layout-padded\"><strong class=\"_strong_o9xde_25\">Forsvarer Espen Wangberg sier at klienten nekter straffskyld i de andre sakene. <\/strong><\/p>\n<p class=\"_paragraph_o9xde_4 _paragraph_xtcu6_10 layout-component text-serif-m layout-normal text-serif-m layout-padded\">To menn ble p\u00e5grepet etter skytingen p\u00e5 H\u00f8ybr\u00e5ten i Oslo. Video viser p\u00e5gripelsen: <\/p>\n<p class=\"_paragraph_o9xde_4 _paragraph_xtcu6_10 layout-component text-serif-m layout-normal text-serif-m layout-padded\">Torsdag denne uken ble siktede refengsletrefengsletN\u00e5r en person som allerede er fengslet, f\u00e5r forlenget sin fengsling gjennom en ny rettslig avgj\u00f8relse.<br \/>\n i fire nye uker.<\/p>\n<p class=\"_paragraph_o9xde_4 _paragraph_xtcu6_10 layout-component text-serif-m layout-normal text-serif-m layout-padded\">I fengslingskjennelsen fengslingskjennelsenEn rettslig avgj\u00f8relse som bestemmer at en person skal holdes i varetekt i en bestemt periode. st\u00e5r det at etterforskningen har vist at det er flere involverte med ulike roller, herunder mindre\u00e5rige personer.<\/p>\n<p class=\"_paragraph_o9xde_4 _paragraph_xtcu6_10 layout-component text-serif-m layout-normal text-serif-m layout-padded\">\u2013 Det p\u00e5regnes ytterlige p\u00e5gripelser, ransakingen og beslag i saken. <\/p>\n<p>Lillestr\u00f8m: Har p\u00e5grepet svenske \u2013 kobles til Foxtrot<\/p>\n<p class=\"_paragraph_o9xde_4 _paragraph_xtcu6_10 layout-component text-serif-m layout-normal text-serif-m layout-padded\">Forrige uke ble det ogs\u00e5 p\u00e5grepet en svensk mann i forbindelse med kidnappingssaken. <\/p>\n<p class=\"_paragraph_o9xde_4 _paragraph_xtcu6_10 layout-component text-serif-m layout-normal text-serif-m layout-padded\"><strong class=\"_strong_o9xde_25\">If\u00f8lge etterforskningen s\u00e5 langt s\u00e5 mener politiet det var han og de to ten\u00e5ringene som utf\u00f8rte oppdraget. 19-\u00e5ringens rolle var tilrettelegger, mener de. <\/strong><\/p>\n<p class=\"_paragraph_o9xde_4 _paragraph_xtcu6_10 layout-component text-serif-m layout-normal text-serif-m layout-padded\">Torsdag forrige uke ble den svenske mannen i 20-\u00e5rene p\u00e5grepet utenfor Stockholm i Sverige. P\u00e5gripelsen ble gjennomf\u00f8rt p\u00e5 anmodning fra \u00d8st politidistrikt, som etterforsker kidnappingssaken i Lillestr\u00f8m.<\/p>\n<p class=\"_paragraph_o9xde_4 _paragraph_xtcu6_10 layout-component text-serif-m layout-normal text-serif-m layout-padded\">Det opplyser Anders Johnsen B\u00e6kkemoen i \u00d8st politidistrikt til VG.<\/p>\n<p class=\"_paragraph_o9xde_4 _paragraph_xtcu6_10 layout-component text-serif-m layout-normal text-serif-m layout-padded\">VG har hentet inn straffehistorikken fra Sverige til den svenske mannen: Her finner man dommer for blant annet vold, ran, trusler og narkotika.<\/p>\n<p><img alt=\"\u00c5STED: Flere personer skal ha blitt holdt fanget og angivelig utsatt for vold i en leilighet like ved Lillestr\u00f8m stasjon.  Foto: J\u00f8rgen Braastad \/ VG\" class=\"_image_qp4xg_65 layout-component layout-normal\" data-fullscreen- data-track-element-type=\"Article image fullscreen\" data-track-name=\"ImageFullscreen\" decoding=\"async\" loading=\"lazy\" height=\"5464\" itemprop=\"image\"  src=\"https:\/\/www.europesays.com\/no\/wp-content\/uploads\/2025\/12\/73fc5802-7b27-4679-bcb4-4565d669c8de\"  style=\"object-position:0% 0%\" width=\"8192\"\/>\u00c5STED: Flere personer skal ha blitt holdt fanget og angivelig utsatt for vold i en leilighet like ved Lillestr\u00f8m stasjon.  Foto: J\u00f8rgen Braastad \/ VG<\/p>\n<p class=\"_paragraph_o9xde_4 _paragraph_xtcu6_10 layout-component text-serif-m layout-normal text-serif-m layout-padded\">If\u00f8lge VGs opplysninger ble den svenske mannen anholdt i Sverige etter kidnappingssaken i begynnelsen av november, men sluppet igjen.<\/p>\n<p class=\"_paragraph_o9xde_4 _paragraph_xtcu6_10 layout-component text-serif-m layout-normal text-serif-m layout-padded\">Om kvelden 3. november fikk politiet melding om en mulig frihetsber\u00f8velse i Lillestr\u00f8m.<\/p>\n<p class=\"_paragraph_o9xde_4 _paragraph_xtcu6_10 layout-component text-serif-m layout-normal text-serif-m layout-padded\">Varsleren var en bekjent av en mann i 30-\u00e5rene som skal ha blitt holdt i en leilighet mot sin vilje i stasjonsbyen \u2013 og utsatt for vold, if\u00f8lge VGs opplysninger.<\/p>\n<p class=\"_paragraph_o9xde_4 _paragraph_xtcu6_10 layout-component text-serif-m layout-normal text-serif-m layout-padded\">Varsleren hevdet ogs\u00e5 at bakgrunnen for frihetsber\u00f8velsen dreide seg om gjeld p\u00e5 en dr\u00f8y million kroner til det svenske kriminelle nettverket Foxtrot, f\u00e5r VG opplyst.<\/p>\n<p class=\"_paragraph_o9xde_4 _paragraph_xtcu6_10 layout-component text-serif-m layout-normal text-serif-m layout-padded\">I h\u00f8st har det v\u00e6rt flere hendelser p\u00e5 \u00d8stlandet utf\u00f8rt av unge som politiet knytter til organisert kriminalitet:<\/p>\n<p>    <img decoding=\"async\" alt=\"Tips oss illustrasjon\" src=\"https:\/\/www.europesays.com\/no\/wp-content\/uploads\/2025\/10\/pssst-small.webp.webp\"\/>    <\/p>\n<p class=\"title-serif-s\">Har du tips?<\/p>\n<p class=\"text-sans-m\">Send oss informasjon, bilder eller video.<\/p>\n<p>  <a href=\"https:\/\/www.vg.no\/tips-oss\" rel=\"nofollow noopener\" target=\"_blank\"> Tips oss <\/a>      <\/p>\n","protected":false},"excerpt":{"rendered":"En 19-\u00e5ring er n\u00e5 siktet for medvirkning til skyteepisode mot en enebolig i Oslo og kidnappingssak i Lillestr\u00f8m.&hellip;\n","protected":false},"author":2,"featured_media":117515,"comment_status":"","ping_status":"","sticky":false,"template":"","format":"standard","meta":{"footnotes":""},"categories":[10],"tags":[31,20,21,24,25,15,8251,22,23,729,13,30,28,29,14,16,415,468,26,27],"class_list":{"0":"post-117514","1":"post","2":"type-post","3":"status-publish","4":"format-standard","5":"has-post-thumbnail","7":"category-norge","8":"tag-breaking","9":"tag-breaking-news","10":"tag-breakingnews","11":"tag-featured-news","12":"tag-featurednews","13":"tag-headlines","14":"tag-hoybraten","15":"tag-latest-news","16":"tag-latestnews","17":"tag-lillestrom","18":"tag-news","19":"tag-no","20":"tag-norge","21":"tag-norway","22":"tag-nyheter","23":"tag-overskrifter","24":"tag-ost-politidistrikt","25":"tag-politiet","26":"tag-top-stories","27":"tag-topstories"},"share_on_mastodon":{"url":"https:\/\/pubeurope.com\/@no\/115746857706306814","error":""},"_links":{"self":[{"href":"https:\/\/www.europesays.com\/no\/wp-json\/wp\/v2\/posts\/117514","targetHints":{"allow":["GET"]}}],"collection":[{"href":"https:\/\/www.europesays.com\/no\/wp-json\/wp\/v2\/posts"}],"about":[{"href":"https:\/\/www.europesays.com\/no\/wp-json\/wp\/v2\/types\/post"}],"author":[{"embeddable":true,"href":"https:\/\/www.europesays.com\/no\/wp-json\/wp\/v2\/users\/2"}],"replies":[{"embeddable":true,"href":"https:\/\/www.europesays.com\/no\/wp-json\/wp\/v2\/comments?post=117514"}],"version-history":[{"count":0,"href":"https:\/\/www.europesays.com\/no\/wp-json\/wp\/v2\/posts\/117514\/revisions"}],"wp:featuredmedia":[{"embeddable":true,"href":"https:\/\/www.europesays.com\/no\/wp-json\/wp\/v2\/media\/117515"}],"wp:attachment":[{"href":"https:\/\/www.europesays.com\/no\/wp-json\/wp\/v2\/media?parent=117514"}],"wp:term":[{"taxonomy":"category","embeddable":true,"href":"https:\/\/www.europesays.com\/no\/wp-json\/wp\/v2\/categories?post=117514"},{"taxonomy":"post_tag","embeddable":true,"href":"https:\/\/www.europesays.com\/no\/wp-json\/wp\/v2\/tags?post=117514"}],"curies":[{"name":"wp","href":"https:\/\/api.w.org\/{rel}","templated":true}]}}