{"id":117517,"date":"2025-12-19T15:08:27","date_gmt":"2025-12-19T15:08:27","guid":{"rendered":"https:\/\/www.europesays.com\/no\/117517\/"},"modified":"2025-12-19T15:08:27","modified_gmt":"2025-12-19T15:08:27","slug":"knuste-alle-i-ramsau","status":"publish","type":"post","link":"https:\/\/www.europesays.com\/no\/117517\/","title":{"rendered":"Knuste alle i Ramsau"},"content":{"rendered":"<p class=\"kicker \" style=\"\">Jan Thomas:<\/p>\n<p>  \u00c9n av dommerne forteller at de m\u00e5 forlate \u00abSkal vi danse\u00bb-finalen i all hast.<\/p>\n<p>\n    UTEBLIR: Jan Thomas kan ikke feire med de andre etter l\u00f8rdagens finale. Foto: Thomas Andersen \/ TV 2\n  <\/p>\n<p>Gjennom h\u00f8sten har ivrige TV-seere kunnet nyte godt av en ny runde med \u00abSkal vi danse\u00bb p\u00e5 TV 2.<\/p>\n<p>L\u00f8rdag kveld markeres slutten p\u00e5 \u00e5rets utgave med en finalesending, hvor deltakere Tale Torjussen (20), Viggo Venn (36) og Tiril Eckhoff (35) skal kjempe om seieren.<\/p>\n<p>I \u00e5r har programmet bydd p\u00e5 en rekke endringer, og finalen er intet unntak.\u00a0<\/p>\n<p class=\"italic m-italic\" data-lab-italic=\"italic\">Les mer om hvordan sendingen blir her:<\/p>\n<p>    <a itemprop=\"url\" href=\"https:\/\/www.dagbladet.no\/kjendis\/aldri-skjedd-for\/83999028\" rel=\"nofollow noopener\" target=\"_blank\"><\/p>\n<p>        <img loading=\"lazy\" decoding=\"async\" src=\"https:\/\/www.europesays.com\/no\/wp-content\/uploads\/2025\/12\/1766156905_205_83999598.webp\" width=\"980\" height=\"441\" title=\"Aldri skjedd f\u00f8r\" alt=\"\" class=\"lazyload\" style=\"--aspect-ratio-image: 2.22; \"\/><\/p>\n<p>        Aldri skjedd f\u00f8r<\/p>\n<p>    <\/a><\/p>\n<p>Det gjenst\u00e5r alts\u00e5 f\u00e5 timer f\u00f8r vi vet hvem som er \u00e5rets vinner. F\u00f8r det skal hele ni ulike danser framf\u00f8res, og dommerne skal gi sine siste poeng.<\/p>\n<p class=\"font-weight-bold m-font-weight-bold\" data-lab-font_weight=\"font-weight-bold\">For s\u00e6rlig \u00e9n dommer blir det en hektisk finalekveld.<\/p>\n<p>        TATT P\u00c5 FERSKEN: Hva befinner seg under Skal vi danse-dommernes bord? Jan Thomas har svaret. Reporter: Nora Skavhaug \/ Foto: Danny Son To \/ R\u00f8d L\u00f8per <\/p>\n<p>&#8211; Feirer i \u00e5nden<\/p>\n<p>Tradisjonen tro reiser nemlig Jan Thomas (58) og forloveden Harlem Alexander (38) til Mexico i jula, og avreisen skjer bare noen timer etter at \u00abSkal vi danse\u00bb er ferdig.<\/p>\n<p>Mens deltakerne og de andre dommerne slipper jubelen l\u00f8s p\u00e5 etterfest, er alts\u00e5 Jan Thomas og Harlem p\u00e5 vei s\u00f8rover.<\/p>\n<p class=\"font-weight-bold m-font-weight-bold\" data-lab-font_weight=\"font-weight-bold\">&#8211; Det stemmer, dessverre. Jeg har en bil som st\u00e5r og venter p\u00e5 meg etter sendingen og kj\u00f8rer rett til Gardermoen, sier han til Dagbladet.<\/p>\n<p>    <a itemprop=\"url\" href=\"https:\/\/www.dagbladet.no\/kjendis\/det-er-skandalost\/83983076\" rel=\"nofollow noopener\" target=\"_blank\"><\/p>\n<p>        <img loading=\"lazy\" decoding=\"async\" src=\"https:\/\/www.europesays.com\/no\/wp-content\/uploads\/2025\/12\/1766156906_901_83983377.webp\" width=\"980\" height=\"441\" title=\"- Det er skandal\u00f8st\" alt=\"\" class=\"lazyload\" style=\"--aspect-ratio-image: 2.22; \"\/><\/p>\n<p>        &#8211; Det er skandal\u00f8st<\/p>\n<p>    <\/a><\/p>\n<p>Videre roser han \u00e5rets program:<\/p>\n<p>&#8211;\u00a0Denne sesongen av \u00abSkal vi danse\u00bb har v\u00e6rt en helt uvirkelig opplevelse. Man har f\u00e5tt kjenne p\u00e5 f\u00f8lelser man ikke engang visste at man hadde, og jeg er s\u00e5 stolt av alle &#8211; b\u00e5de foran og bak kamera. Kanskje aller mest av kjendisene som har kastet seg ut i noe som b\u00e5de er vakkert og veldig skummelt.\u00a0<\/p>\n<p>&#8211; Jeg skulle s\u00e5 gjerne v\u00e6rt med og feiret finalen, seerrekorden og alt det fine som har skjedd b\u00e5de p\u00e5 scenen og bak kulissene, men jeg drar dessverre rett fra sending til flyplassen. Neste gang er jeg med &#8211; og i mellomtida feirer jeg i \u00e5nden, for dette er virkelig noe \u00e5 feire, legger han til.<\/p>\n<p>        INGEN KOMMENTAR: \u00abSkal vi danse\u00bb-finalist Viggo Venn l\u00f8per fra intervjuet n\u00e5r han f\u00e5r sp\u00f8rsm\u00e5l om eget kj\u00e6rlighetsliv. Reporter: Karolina Rusov-Hansen. Video: Sanne Holt\/ Silja Furset<\/p>\n<p>&#8211; Et sirkus  <\/p>\n<p>Jan Thomas og Harlem har flere ganger uttalt seg om juleferiene i Mexico. For f\u00f8rstnevnte har det nesten blitt som et andre hjem.<\/p>\n<p> &#8211; Hjemme er livet mitt et sirkus. Jeg har ikke privatliv, og m\u00e5 forholde meg til alt og alle i det \u00f8yeblikket jeg g\u00e5r ut d\u00f8ren. Derfor setter jeg s\u00e5 um\u00e5telig stor pris p\u00e5 de rolige, fine \u00f8yeblikkene alene med forloveden min, fortalte han for et par \u00e5r siden.<\/p>\n<p>    <a itemprop=\"url\" href=\"https:\/\/www.dagbladet.no\/kjendis\/vanskelig-a-vise-folelser\/83904361\" rel=\"nofollow noopener\" target=\"_blank\"><\/p>\n<p>        <img loading=\"lazy\" decoding=\"async\" src=\"https:\/\/www.europesays.com\/no\/wp-content\/uploads\/2025\/12\/1766156907_610_83982983.webp\" width=\"980\" height=\"441\" title=\"- Vanskelig \u00e5 vise f\u00f8lelser\" alt=\"\" class=\"lazyload\" style=\"--aspect-ratio-image: 2.22; \"\/><\/p>\n<p>        &#8211; Vanskelig \u00e5 vise f\u00f8lelser<\/p>\n<p>    <\/a><\/p>\n<p> Han trakk fram varme og gjestfrie mennesker som ikke ante hvem de var, som en av \u00e5rsakene til at han liker Mexico s\u00e5 godt.<\/p>\n<p>&#8211; Jeg opplever at i Norge s\u00e5 har mange alt, men ingenting. I Mexico s\u00e5 har de nesten ingenting, men de har alt. Det minner meg p\u00e5 at jeg m\u00e5 leve i nuet, og f\u00e5 med meg alt det magiske som skjer rundt meg. Det er balsam for sjelen!<\/p>\n","protected":false},"excerpt":{"rendered":"Jan Thomas: \u00c9n av dommerne forteller at de m\u00e5 forlate \u00abSkal vi danse\u00bb-finalen i all hast. UTEBLIR: Jan&hellip;\n","protected":false},"author":2,"featured_media":117518,"comment_status":"","ping_status":"","sticky":false,"template":"","format":"standard","meta":{"footnotes":""},"categories":[59],"tags":[30,28,29,83,82],"class_list":{"0":"post-117517","1":"post","2":"type-post","3":"status-publish","4":"format-standard","5":"has-post-thumbnail","7":"category-sport","8":"tag-no","9":"tag-norge","10":"tag-norway","11":"tag-sport","12":"tag-sports"},"share_on_mastodon":{"url":"https:\/\/pubeurope.com\/@no\/115746865547240083","error":""},"_links":{"self":[{"href":"https:\/\/www.europesays.com\/no\/wp-json\/wp\/v2\/posts\/117517","targetHints":{"allow":["GET"]}}],"collection":[{"href":"https:\/\/www.europesays.com\/no\/wp-json\/wp\/v2\/posts"}],"about":[{"href":"https:\/\/www.europesays.com\/no\/wp-json\/wp\/v2\/types\/post"}],"author":[{"embeddable":true,"href":"https:\/\/www.europesays.com\/no\/wp-json\/wp\/v2\/users\/2"}],"replies":[{"embeddable":true,"href":"https:\/\/www.europesays.com\/no\/wp-json\/wp\/v2\/comments?post=117517"}],"version-history":[{"count":0,"href":"https:\/\/www.europesays.com\/no\/wp-json\/wp\/v2\/posts\/117517\/revisions"}],"wp:featuredmedia":[{"embeddable":true,"href":"https:\/\/www.europesays.com\/no\/wp-json\/wp\/v2\/media\/117518"}],"wp:attachment":[{"href":"https:\/\/www.europesays.com\/no\/wp-json\/wp\/v2\/media?parent=117517"}],"wp:term":[{"taxonomy":"category","embeddable":true,"href":"https:\/\/www.europesays.com\/no\/wp-json\/wp\/v2\/categories?post=117517"},{"taxonomy":"post_tag","embeddable":true,"href":"https:\/\/www.europesays.com\/no\/wp-json\/wp\/v2\/tags?post=117517"}],"curies":[{"name":"wp","href":"https:\/\/api.w.org\/{rel}","templated":true}]}}