{"id":117519,"date":"2025-12-19T15:12:42","date_gmt":"2025-12-19T15:12:42","guid":{"rendered":"https:\/\/www.europesays.com\/no\/117519\/"},"modified":"2025-12-19T15:12:42","modified_gmt":"2025-12-19T15:12:42","slug":"har-utplassert-oresjnik-missiler-belarus","status":"publish","type":"post","link":"https:\/\/www.europesays.com\/no\/117519\/","title":{"rendered":"Har utplassert Oresjnik-missiler Belarus"},"content":{"rendered":"<p class=\"kicker t15 font-weight-bold m-font-weight-bold color_mobile_no_bg_color quaternary color_mobile_quaternary font-Trim text-case-transform-upper mobile-hasTextPadding\" style=\"\">Nyheter<\/p>\n<p>    Det er ikke opplyst hvor mange missiler det gjelder, eller hvor de er utplassert.\u00a0<\/p>\n<p>\n        UTPLASSERT: Russland har utplassert mellomdistansemissiler av typen Oresjnik i Belarus. Bildet viser Russlands president Vladimir Putin som inspiserer russiske v\u00e5pen og utstyr ved Mulino \u00f8vingsfelt i Nizhny Novgorod-regionen i Russland. Bildet er datert 16. september.<br \/>\n        Foto: Sergey Bobylev, Sputnik, Kreml fotopool, AP, NTB\n    <\/p>\n<p>Russland utplasserte denne uka sine nyutviklede Oresjnik-missiler i Belarus,\u00a0opplyser den belarusiske presidenten Aleksandr Lukasjenko.<\/p>\n<p>De hypersoniske mellomdistansmissilene kan utstyres med kjernefysiske stridshoder, men det er ikke kjent om dette er tilfelle med dem som n\u00e5 er utplassert i Belarus.<\/p>\n<p>Det er heller ikke opplyst hvor mange missiler som er utplassert der, eller hvor de befinner seg.<\/p>\n<p>Putin truet onsdag med \u00e5 trappe opp krigf\u00f8ringen i Ukraina dersom ikke landet og deres vestlige allierte g\u00e5r med p\u00e5 Moskvas krav til en fredsavtale.<\/p>\n<p>\u2013 Dersom motparten og deres utenlandske st\u00f8ttespillere nekter \u00e5 delta i en reell dialog, vil Russland frigj\u00f8re sine historiske landomr\u00e5der ved bruk av milit\u00e6rmakt, sa han i et m\u00f8te med milit\u00e6re ledere.<\/p>\n<p>Putin understreket samtidig at Russland h\u00e5per \u00e5 lykkes med \u00e5 \u00abfjerne konfliktens grunnleggende \u00e5rsaker\u00bb og n\u00e5 sine m\u00e5l gjennom diplomati.<\/p>\n<p>Oresjnik-missilene oppn\u00e5r if\u00f8lge Russland en fart p\u00e5 12.300 kilometer i timen, og mellomdistansemissiler har vanligvis en rekkevidde p\u00e5 opptil 5500 kilometer.<\/p>\n<p>If\u00f8lge den amerikanske tankesmia Center for Strategic and International Studies (CSIS) vil det n\u00e6rmest v\u00e6re umulig for Ukrainas luftvern \u00e5 oppdage og stanse slike missiler.\u00a0<\/p>\n","protected":false},"excerpt":{"rendered":"Nyheter Det er ikke opplyst hvor mange missiler det gjelder, eller hvor de er utplassert.\u00a0 UTPLASSERT: Russland har&hellip;\n","protected":false},"author":2,"featured_media":117520,"comment_status":"","ping_status":"","sticky":false,"template":"","format":"standard","meta":{"footnotes":""},"categories":[12],"tags":[20,21,24,25,15,22,23,13,30,28,29,14,16,26,27,42,43,44,45],"class_list":{"0":"post-117519","1":"post","2":"type-post","3":"status-publish","4":"format-standard","5":"has-post-thumbnail","7":"category-verden","8":"tag-breaking-news","9":"tag-breakingnews","10":"tag-featured-news","11":"tag-featurednews","12":"tag-headlines","13":"tag-latest-news","14":"tag-latestnews","15":"tag-news","16":"tag-no","17":"tag-norge","18":"tag-norway","19":"tag-nyheter","20":"tag-overskrifter","21":"tag-top-stories","22":"tag-topstories","23":"tag-verden","24":"tag-world","25":"tag-world-news","26":"tag-worldnews"},"share_on_mastodon":{"url":"https:\/\/pubeurope.com\/@no\/115746881150578033","error":""},"_links":{"self":[{"href":"https:\/\/www.europesays.com\/no\/wp-json\/wp\/v2\/posts\/117519","targetHints":{"allow":["GET"]}}],"collection":[{"href":"https:\/\/www.europesays.com\/no\/wp-json\/wp\/v2\/posts"}],"about":[{"href":"https:\/\/www.europesays.com\/no\/wp-json\/wp\/v2\/types\/post"}],"author":[{"embeddable":true,"href":"https:\/\/www.europesays.com\/no\/wp-json\/wp\/v2\/users\/2"}],"replies":[{"embeddable":true,"href":"https:\/\/www.europesays.com\/no\/wp-json\/wp\/v2\/comments?post=117519"}],"version-history":[{"count":0,"href":"https:\/\/www.europesays.com\/no\/wp-json\/wp\/v2\/posts\/117519\/revisions"}],"wp:featuredmedia":[{"embeddable":true,"href":"https:\/\/www.europesays.com\/no\/wp-json\/wp\/v2\/media\/117520"}],"wp:attachment":[{"href":"https:\/\/www.europesays.com\/no\/wp-json\/wp\/v2\/media?parent=117519"}],"wp:term":[{"taxonomy":"category","embeddable":true,"href":"https:\/\/www.europesays.com\/no\/wp-json\/wp\/v2\/categories?post=117519"},{"taxonomy":"post_tag","embeddable":true,"href":"https:\/\/www.europesays.com\/no\/wp-json\/wp\/v2\/tags?post=117519"}],"curies":[{"name":"wp","href":"https:\/\/api.w.org\/{rel}","templated":true}]}}