{"id":117521,"date":"2025-12-19T15:13:10","date_gmt":"2025-12-19T15:13:10","guid":{"rendered":"https:\/\/www.europesays.com\/no\/117521\/"},"modified":"2025-12-19T15:13:10","modified_gmt":"2025-12-19T15:13:10","slug":"davaerende-sametingspresident-visste-at-de-pressa-noen-grenser-da-de-brot-grunnloven-nrk-sapmi","status":"publish","type":"post","link":"https:\/\/www.europesays.com\/no\/117521\/","title":{"rendered":"Dav\u00e6rende sametingspresident visste at de \u00abpressa noen grenser\u00bb da de br\u00f8t Grunnloven \u2013 NRK S\u00e1pmi"},"content":{"rendered":"<p>Det var i dag at det skulle avgj\u00f8res om en leder p\u00e5 Sametinget skulle bli sparket, eller ikke.<\/p>\n<p>If\u00f8lge NRKs opplysninger s\u00e5 beskyldes lederen blant annet for \u00e5 ha tilbakeholdt informasjon, da Sametinget vedtok \u00e5 gi l\u00e5negarantier p\u00e5 nesten 13 millioner kroner til det samiske senteret V\u00e1rdob\u00e1iki.<\/p>\n<p>Vedtakene resulterte i at Sametinget br\u00f8t Grunnloven, slo Riksrevisjonen fast.<\/p>\n<p><strong>Utvalget som skulle avgj\u00f8re lederens skjebne kom ikke i m\u00e5l i dag. <\/strong><\/p>\n<p>Derfor fortsetter de m\u00f8tet p\u00e5 l\u00f8rdag.<\/p>\n<p>Kaller det for \u00abhodejakt\u00bb<\/p>\n<p>Det er sametingsdirekt\u00f8r Inger Marit Eira-\u00c5hren som har sendt varsel om oppsigelse til lederen.<\/p>\n<p>Vibeke Larsen (Nkf) er ikke imponert av dette.<\/p>\n<p>Hun leder i dag Nordkalottfolket, som er det st\u00f8rste opposisjonspartiet p\u00e5 Sametinget.<\/p>\n<p>\u2013 Dette er en hodejakt i organisasjonen. Riksrevisjonen sa at Sametinget m\u00e5 g\u00e5 gjennom hvordan intern kontroll, rutiner og saksbehandling gj\u00f8res. Jeg forventer at man styrker det, ikke at man holder p\u00e5 med hodejakt, sier Larsen til NRK.<\/p>\n<p><img decoding=\"async\"   src=\"data:image\/gif;base64,R0lGODlhAQABAIAAAAAAAP\/\/\/yH5BAEAAAAALAAAAAABAAEAAAIBRAA7\" loading=\"eager\" alt=\"Vibeke Larsen i debatt\" title=\"Foto: D\u00e1vvet Bruun-Solbakk \/ NRK\"\/><\/p>\n<p class=\"\">Vibeke Larsen mener det er rart at en unders\u00e5tt p\u00e5 Sametinget skal straffes for feil som ble gjort for \u00e5tte \u00e5r siden. <\/p>\n<p>Foto: D\u00e1vvet Bruun-Solbakk \/ NRK<\/p>\n<p>Uansett s\u00e5 mener hun at det ikke er en enkelt leders ansvar at det ble gjort feil.<\/p>\n<p><strong>\u2013 Det politiske ansvaret ligger hos to avg\u00e5tte sametingspresidenter og det administrative ansvaret hos en avg\u00e5tt direkt\u00f8r.<\/strong><\/p>\n<p><a href=\"http:\/\/www.nrk.no\/sapmi\/sametinget-brot-grunnloven-_-leder-risikerer-a-miste-jobben-1.17699019\" ec-id=\"pp:article:1.17699019\" ec-name=\"Dav\u00e6rende sametingsdirekt\u00f8r, Rune Fjellheim, er ogs\u00e5 enig i dette.\" rel=\"nofollow noopener\" target=\"_blank\">Dav\u00e6rende sametingsdirekt\u00f8r, Rune Fjellheim, er ogs\u00e5 enig i dette.<\/a><\/p>\n<p>\u2013 Vi har sett saken, men har ingen ytterligere kommentar til uttalelsene fra Fjellheim og Larsen, skriver Riksrevisjonen i en e-post til NRK.<\/p>\n<p>\u2013 Vi visste at vi pressa noen grenser<\/p>\n<p>Larsen tar alts\u00e5 selv ansvar, for hun var sametingspresident i 2017.<\/p>\n<p>Det var hennes Sametingsr\u00e5d som f\u00f8rste gang valgte \u00e5 gi l\u00e5negaranti til V\u00e1rdob\u00e1iki.<\/p>\n<p>\u2013 V\u00e1rdob\u00e1iki har holdt p\u00e5 i over 30 \u00e5r og hadde ikke noe hjem. De fikk mulighet til \u00e5 kj\u00f8pe bygg, men hadde ikke midler og fikk ikke l\u00e5n uten l\u00e5negaranti, sier Larsen.<\/p>\n<p>Derfor mente hun at Sametingsr\u00e5det m\u00e5tte ta muligheten og sikre et stabilt hjem til senteret.<\/p>\n<p><strong>\u2013 Vi visste at dette aldri hadde blitt gjort f\u00f8r. Vi visste at vi pressa noen grenser, sier Larsen.<br \/>\n<\/strong><\/p>\n<p><img decoding=\"async\"   src=\"data:image\/gif;base64,R0lGODlhAQABAIAAAAAAAP\/\/\/yH5BAEAAAAALAAAAAABAAEAAAIBRAA7\" loading=\"eager\" alt=\"Vibeke Larsen inne i plenumssalen\" title=\"Foto: Lemet Johanas Nystad \/ NRK\"\/><\/p>\n<p class=\"\">Vibeke Larsen var den f\u00f8rste sametingspresidenten som ga l\u00e5negaranti til V\u00e1rdob\u00e1iki AS. Hun sier at hennes Sametingsr\u00e5d visste at de \u00abpressa noen grenser.\u00bb<\/p>\n<p>Foto: Lemet Johanas Nystad \/ NRK<\/p>\n<p>Larsen sier hun ogs\u00e5 var klar over at dette kunne skape reaksjoner.<\/p>\n<p><strong>\u2013 Vi var forberedt p\u00e5 at departementet kanskje hadde noe \u00e5 si til dette.<\/strong><\/p>\n<p>Hun understreker likevel at hun ikke visste at dette var ulovlig.<\/p>\n<p>\u2013 Da hadde vi jo ikke gjort det.<\/p>\n<p>Larsen minner ogs\u00e5 om at hennes Sametingsr\u00e5d ikke var alene om \u00e5 ville st\u00f8tte V\u00e1rdob\u00e1iki.<\/p>\n<p>Disse gjorde ulovlige vedtak<\/p>\n<p>    \u2190<\/p>\n<ul data-scroll-container=\"\" role=\"list\">\n<li><img alt=\"Sametingsr\u00e5det fra Ap, \u00c1rja og H\u00f8yre\"  width=\"3840\" height=\"2159\" loading=\"lazy\"\/>Vibeke Larsens sametingsr\u00e5d\n<ul>\n<li>Vibeke Larsen, som f\u00f8rst representerte Arbeiderpartiet, var sametingspresident da V\u00e1rdob\u00e1iki AS-saken kom p\u00e5 bordet til sametingsr\u00e5det i 2017.<\/li>\n<li>I Sametingets \u00e5rsmelding for 2017 fremkommer det at Sametinget i denne perioden ga en l\u00e5negaranti i forbindelse med kj\u00f8p av nytt bygg til V\u00e1rdob\u00e1iki, spesifikt med form\u00e5l om \u00e5 sikre husleiekostnadene.<\/li>\n<\/ul>\n<\/li>\n<li><img alt=\"Fem personer if\u00f8rt tradisjonelle samiske kl\u00e6r st\u00e5r sammen i et rom med trevegg og naturlig belysning. De viser variasjon i b\u00e5de farger og design p\u00e5 draktene, som inkluderer tjukkull og broderier. Flere av personene har smykker og tilbeh\u00f8r som kompletterer antrekkene. Bakgrunnen inneholder bokhyller og moderne innredning, som gir kontekst til omgivelsene. (Bildebeskrivelsen er laget av en KI-tjeneste)\"  width=\"3840\" height=\"2160\" loading=\"lazy\"\/>Aili Keskitalos sametingsr\u00e5d\n<ul>\n<li>Aili Keskitalo var sametingspresident 9. februar 2018 da sametingsr\u00e5det vedtok \u00e5 stille garanti\/kausjon til V\u00e1rdob\u00e1iki AS totale l\u00e5neengasjement p\u00e5 20.160.000 kroner knyttet til realiseringen av kultursenteret.<\/li>\n<li>Samtidig vedtok r\u00e5det \u00e5 holde driftstilskuddet stort nok til at senteret skulle klare \u00e5 betjene de totale l\u00e5net.<\/li>\n<\/ul>\n<\/li>\n<li><img alt=\"Sametingsbygget i februar 2018\"  width=\"3840\" height=\"2160\" loading=\"lazy\"\/>Administrasjonen stilte sp\u00f8rsm\u00e5l\n<ul>\n<li>To dager f\u00f8r vedtaket i sametingsr\u00e5det, 7. februar 2018, stilte \u00f8konomiavdelingen ved Sametinget sp\u00f8rsm\u00e5l om Sametinget kan garantere eller stille som kausjonist for l\u00e5n til avklaring med departementet.<\/li>\n<li>1. juni 2018 kom svaret fra departementet: Sametinget har ikke fullmakt til \u00e5 gi l\u00e5negarantier.<\/li>\n<\/ul>\n<\/li>\n<li><img alt=\"Det nye sametingsr\u00e5det\"  width=\"3840\" height=\"2160\" loading=\"lazy\"\/>\n<p>\n        Carl-G\u00f8ran Larsson\n      <\/p>\n<p>Sa ja til \u00e5 gi nok tilskudd<\/p>\n<ul>\n<li>Aili Keskitalos sametingsr\u00e5d ga i 2019 tilslutning til at V\u00e1rdob\u00e1iki AS tar opp et l\u00e5n p\u00e5 inntil 10 millioner kr til ombygging av bygget.<\/li>\n<li>Sametinget forpliktet seg til \u00e5 gi et \u00e5rlig tilskudd tilsvarende det senteret f\u00e5r i \u00e5rlige avdrags- og rentebelastninger knyttet til dette l\u00e5neopptaket.<\/li>\n<li>Med i dette r\u00e5det var ogs\u00e5 dagens sametingspresident Silje Karine Muotka.<\/li>\n<\/ul>\n<\/li>\n<\/ul>\n<p>\u2192<\/p>\n<p>\u2013 Jeg beklager<\/p>\n<p>Da Aili Keskitalo (NSR) tok over som sametingspresident i 2017, fortsatte l\u00e5negarantiene fra Sametinget fram til 2019.<\/p>\n<p><strong>\u2013 Jeg og mitt r\u00e5d har ansvar for de vedtakene vi har gjort. Jeg beklager at Sametinget gikk ut over sine fullmakter da jeg var president, sier Keskitalo til NRK.<\/strong><\/p>\n<p>Ogs\u00e5 Keskitalo er overrasket over varselet om oppsigelse mot \u00e9n leder p\u00e5 Sametinget.<\/p>\n<p><strong>\u2013 Det er s\u00e5 lenge siden, mange var involvert og garantiene er avsluttet.<\/strong><\/p>\n<p><img decoding=\"async\"   src=\"data:image\/gif;base64,R0lGODlhAQABAIAAAAAAAP\/\/\/yH5BAEAAAAALAAAAAABAAEAAAIBRAA7\" loading=\"eager\" alt=\"En person ikledd tradisjonell samisk drakt st\u00e5r foran et banner med teksten &quot;Til bokraft&quot;. Det sn\u00f8r lett, og sn\u00f8dekte tr\u00e6r er synlige i bakgrunnen. Personen har p\u00e5 seg et smykke og har et navneskilt festet til drakten. Arrangementet ser ut til \u00e5 v\u00e6re utend\u00f8rs. (Bildebeskrivelsen er laget av en KI-tjeneste)\" title=\"Foto: Jan Langhaug \/ NTB\"\/><\/p>\n<p class=\"\">Aili Keskitalo (NSR) var sametingspresident mellom 2017\u20132021 og vedtok l\u00e5negaranti til V\u00e1rdob\u00e1iki i \u00e5rene 2018 og 2019. N\u00e5 beklager hun.<\/p>\n<p>Foto: Jan Langhaug \/ NTB<\/p>\n<p>Keskitalo, i likhet med Larsen, var klar over at det var uvanlig \u00e5 gi slike l\u00e5negarantier.<\/p>\n<p>\u2013 Derfor opererte vi i ukjent terreng. S\u00e5 ble det jo rapportert om det via \u00e5rsmelding\/regnskap til b\u00e5de revisjon, regjering og storting, uten at det ble reagert p\u00e5, s\u00e5 da ble det jo oppfattet som greit.<\/p>\n<p>I 2018 skrev Kommunaldepartementet i et brev at Sametinget ikke skal gi noen l\u00e5negarantier. Det er blant annet denne informasjonen som ikke skal ha n\u00e5dd Sametingsr\u00e5det f\u00f8r de fattet vedtaket.<\/p>\n<p>\u2013 Visste dere at det var ulovlig? S\u00e5 dere dette brevet?<\/p>\n<p><strong>\u2013 Jeg tror jeg ville husket det om jeg hadde blitt presentert for et brev der det sto at det var ulovlig.<\/strong><\/p>\n<p>Sametingspresidenten skulle v\u00e6rt til stede<\/p>\n<p>Utvalget som skal ta stilling til om lederen f\u00e5r beholde jobben sin, heter Sametingets politiske tilsettingsutvalg.<\/p>\n<p>Det best\u00e5r av fem medlemmer: Tre politikere og to representanter fra fagforeningene Akademikerne og Norges Tjenestemannslag.<\/p>\n<p>Utvalget ledes vanligvis av sametingspresidenten.<\/p>\n<p><img decoding=\"async\"   src=\"data:image\/gif;base64,R0lGODlhAQABAIAAAAAAAP\/\/\/yH5BAEAAAAALAAAAAABAAEAAAIBRAA7\" loading=\"eager\" alt=\"En kvinne i kofte som ser inn i kamera\" title=\"Foto: Ida Marja Emilie Marakatt Lindseth \/ NRK\"\/><\/p>\n<p class=\"\">N\u00e5v\u00e6rende sametingspresident Silje Karine Muotka (NSR) leder vanligvis det politiske tilsettingsutvalget p\u00e5 Sametinget. I saken om den omtalte lederen, s\u00e5 er hun inhabil. <\/p>\n<p>Foto: Ida Marja Emilie Marakatt Lindseth \/ NRK<\/p>\n<p>Silje Karine Muotka (NSR) har meldt seg inhabil i saken, ettersom hun var med p\u00e5 \u00e5 gi l\u00e5negarantiene da hun satt i Sametingsr\u00e5det mellom 2017\u20132019.<\/p>\n<p>NRK har ikke klart \u00e5 f\u00e5 svar p\u00e5 hvem som har m\u00f8tt for sametingspresidenten i utvalget.<\/p>\n<p>\u2013 Det \u00f8nsker vi ikke \u00e5 kommentere, sier r\u00e5dgiver Anett-Vibeke Fl\u00f8istad i Sametingets HR-avdeling.<\/p>\n<p>NRK har gjort gjentatte fors\u00f8k p\u00e5 \u00e5 f\u00e5 sametingsdirekt\u00f8r Inger Marit Eira-\u00c5hren i tale p\u00e5 torsdag og fredag. Det har vi ikke lykkes med.<\/p>\n<p>Publisert<\/p>\n<p>19.12.2025, kl. 15.14<\/p>\n","protected":false},"excerpt":{"rendered":"Det var i dag at det skulle avgj\u00f8res om en leder p\u00e5 Sametinget skulle bli sparket, eller ikke.&hellip;\n","protected":false},"author":2,"featured_media":117522,"comment_status":"","ping_status":"","sticky":false,"template":"","format":"standard","meta":{"footnotes":""},"categories":[10],"tags":[20,21,24,25,15,22,23,13,30,28,29,14,16,26,27],"class_list":{"0":"post-117521","1":"post","2":"type-post","3":"status-publish","4":"format-standard","5":"has-post-thumbnail","7":"category-norge","8":"tag-breaking-news","9":"tag-breakingnews","10":"tag-featured-news","11":"tag-featurednews","12":"tag-headlines","13":"tag-latest-news","14":"tag-latestnews","15":"tag-news","16":"tag-no","17":"tag-norge","18":"tag-norway","19":"tag-nyheter","20":"tag-overskrifter","21":"tag-top-stories","22":"tag-topstories"},"share_on_mastodon":{"url":"https:\/\/pubeurope.com\/@no\/115746885029377708","error":""},"_links":{"self":[{"href":"https:\/\/www.europesays.com\/no\/wp-json\/wp\/v2\/posts\/117521","targetHints":{"allow":["GET"]}}],"collection":[{"href":"https:\/\/www.europesays.com\/no\/wp-json\/wp\/v2\/posts"}],"about":[{"href":"https:\/\/www.europesays.com\/no\/wp-json\/wp\/v2\/types\/post"}],"author":[{"embeddable":true,"href":"https:\/\/www.europesays.com\/no\/wp-json\/wp\/v2\/users\/2"}],"replies":[{"embeddable":true,"href":"https:\/\/www.europesays.com\/no\/wp-json\/wp\/v2\/comments?post=117521"}],"version-history":[{"count":0,"href":"https:\/\/www.europesays.com\/no\/wp-json\/wp\/v2\/posts\/117521\/revisions"}],"wp:featuredmedia":[{"embeddable":true,"href":"https:\/\/www.europesays.com\/no\/wp-json\/wp\/v2\/media\/117522"}],"wp:attachment":[{"href":"https:\/\/www.europesays.com\/no\/wp-json\/wp\/v2\/media?parent=117521"}],"wp:term":[{"taxonomy":"category","embeddable":true,"href":"https:\/\/www.europesays.com\/no\/wp-json\/wp\/v2\/categories?post=117521"},{"taxonomy":"post_tag","embeddable":true,"href":"https:\/\/www.europesays.com\/no\/wp-json\/wp\/v2\/tags?post=117521"}],"curies":[{"name":"wp","href":"https:\/\/api.w.org\/{rel}","templated":true}]}}