{"id":117523,"date":"2025-12-19T15:15:25","date_gmt":"2025-12-19T15:15:25","guid":{"rendered":"https:\/\/www.europesays.com\/no\/117523\/"},"modified":"2025-12-19T15:15:25","modified_gmt":"2025-12-19T15:15:25","slug":"sport-fotball-tar-over-obos-klubb-moter-eik-neste-ar","status":"publish","type":"post","link":"https:\/\/www.europesays.com\/no\/117523\/","title":{"rendered":"Sport, Fotball | Tar over Obos-klubb \u2013 m\u00f8ter EIK neste \u00e5r"},"content":{"rendered":"\n<p>Horten-mannen Kjell Andr\u00e9 Thu forlater Jerv og tar over som hovedtrener i 1.-divisjonsklubben Stab\u00e6k.<\/p>\n<p>Det opplyser Stab\u00e6k p\u00e5 sine <a rel=\"noopener nofollow\" href=\"https:\/\/www.stabak.no\/nyheter\/thu-ny-hovedtrener\" target=\"_blank\">nettsider<\/a>.<\/p>\n<p>\u2013 Jeg er veldig glad for \u00e5 v\u00e6re p\u00e5 plass. Stab\u00e6k en stor og kul klubb, og da den muligheten dukket opp, trigget det meg veldig, sier Thu.<\/p>\n<p>Stab\u00e6k har hatt hyppige trenerskifter de siste sesongene. I \u00e5r ledet Mikael Stahre laget ut sesongen etter at J\u00f6rgen W\u00e5lemark fikk sparken i juli.<\/p>\n<p>Thu ble ansatt i Jerv s\u00e5 sent som i juni i \u00e5r. Han ledet laget til 4.-plass i 2. divisjon, og n\u00e5 g\u00e5r alts\u00e5 turen videre til Stab\u00e6k.<\/p>\n<p>Thu startet trenerkarrieren i \u00d8rn Horten, der han ogs\u00e5 spilte i flere \u00e5r. Han overtok EIK foran 2023-sesongen og var der i to \u00e5r f\u00f8r han ga seg og senere ble Jerv-trener.<\/p>\n<p>Thu st\u00e5r for \u00f8vrig bak et vondt minne for Stab\u00e6k-fansen. Han var nemlig trener for Egersund da laget snudde 0-4 til 5-4-seier p\u00e5 Nadderud i fjor.<\/p>\n<p>Stab\u00e6k slet sportslig i 2025-sesongen, men berget seg p\u00e5 h\u00f8sten og endte p\u00e5 11.-plass i 1. divisjon.<\/p>\n","protected":false},"excerpt":{"rendered":"Horten-mannen Kjell Andr\u00e9 Thu forlater Jerv og tar over som hovedtrener i 1.-divisjonsklubben Stab\u00e6k. Det opplyser Stab\u00e6k p\u00e5&hellip;\n","protected":false},"author":2,"featured_media":117524,"comment_status":"","ping_status":"","sticky":false,"template":"","format":"standard","meta":{"footnotes":""},"categories":[59],"tags":[36,5978,1101,92,30,28,29,83,82,1510],"class_list":{"0":"post-117523","1":"post","2":"type-post","3":"status-publish","4":"format-standard","5":"has-post-thumbnail","7":"category-sport","8":"tag-art","9":"tag-egersund","10":"tag-eik","11":"tag-fotball","12":"tag-no","13":"tag-norge","14":"tag-norway","15":"tag-sport","16":"tag-sports","17":"tag-story"},"share_on_mastodon":{"url":"https:\/\/pubeurope.com\/@no\/115746893004623064","error":""},"_links":{"self":[{"href":"https:\/\/www.europesays.com\/no\/wp-json\/wp\/v2\/posts\/117523","targetHints":{"allow":["GET"]}}],"collection":[{"href":"https:\/\/www.europesays.com\/no\/wp-json\/wp\/v2\/posts"}],"about":[{"href":"https:\/\/www.europesays.com\/no\/wp-json\/wp\/v2\/types\/post"}],"author":[{"embeddable":true,"href":"https:\/\/www.europesays.com\/no\/wp-json\/wp\/v2\/users\/2"}],"replies":[{"embeddable":true,"href":"https:\/\/www.europesays.com\/no\/wp-json\/wp\/v2\/comments?post=117523"}],"version-history":[{"count":0,"href":"https:\/\/www.europesays.com\/no\/wp-json\/wp\/v2\/posts\/117523\/revisions"}],"wp:featuredmedia":[{"embeddable":true,"href":"https:\/\/www.europesays.com\/no\/wp-json\/wp\/v2\/media\/117524"}],"wp:attachment":[{"href":"https:\/\/www.europesays.com\/no\/wp-json\/wp\/v2\/media?parent=117523"}],"wp:term":[{"taxonomy":"category","embeddable":true,"href":"https:\/\/www.europesays.com\/no\/wp-json\/wp\/v2\/categories?post=117523"},{"taxonomy":"post_tag","embeddable":true,"href":"https:\/\/www.europesays.com\/no\/wp-json\/wp\/v2\/tags?post=117523"}],"curies":[{"name":"wp","href":"https:\/\/api.w.org\/{rel}","templated":true}]}}