{"id":117529,"date":"2025-12-19T15:20:22","date_gmt":"2025-12-19T15:20:22","guid":{"rendered":"https:\/\/www.europesays.com\/no\/117529\/"},"modified":"2025-12-19T15:20:22","modified_gmt":"2025-12-19T15:20:22","slug":"trump-jeg-haper-at-ukraina-foretar-seg-noe-raskt","status":"publish","type":"post","link":"https:\/\/www.europesays.com\/no\/117529\/","title":{"rendered":"Trump: \u2013 Jeg h\u00e5per at Ukraina foretar seg noe raskt"},"content":{"rendered":"<p>\u2013 Vel, vi n\u00e6rmer oss noe, men jeg h\u00e5per at Ukraina foretar seg noe raskt. Jeg h\u00e5per Ukraina gj\u00f8r det raskt, fordi Russland er der, og du vet, hver gang Ukraina bruker for lang tid, s\u00e5 skifter Russland mening, sa Trump til journalister i Det ovale kontor torsdag.<\/p>\n<p>Trump har presset p\u00e5 for \u00e5 f\u00e5 p\u00e5 plass en rask avtale, og forhandlere har presentert forslag til planer som kan avslutte krigen.<\/p>\n<p>USAs spesialutsending Steve Witkoff og Trumps svigers\u00f8nn Jared Kushner skal m\u00f8te Ukrainas forhandler Rustem Umerov i Florida denne helgen, opplyser Det hvite hus til nyhetsbyr\u00e5et AFP.<\/p>\n<p>Ukrainas president Volodymyr Zelenskyj har tidligere sagt at hans utsending skal m\u00f8te amerikanske representanter fredag og l\u00f8rdag.<\/p>\n<p>I Miami skal ogs\u00e5 amerikanske utsendinger m\u00f8te en russisk delegasjon, i et separat m\u00f8te. President Vladimir Putins \u00f8konomiske utsending Kirill Dmitrijev skal lede Moskvas delegasjon, skriver Politico.<\/p>\n<p>Russland har enn\u00e5 ikke kommet med noen offisiell reaksjon etter det siste avtaleutkastet fra USA. Men Putin har sagt at Moskva st\u00e5r klar til \u00e5 fortsette milit\u00e6raksjonen i Ukraina hvis Vesten ikke lytter til russiske krav.<\/p>\n<p>Ukraina og USA mener det er gjort fremgang i sp\u00f8rsm\u00e5l knyttet til sikkerhetsgarantier for Ukraina, men at det fortsatt er uenighet knyttet til hvilke landomr\u00e5der Ukraina risikerer \u00e5 m\u00e5tte gi fra seg.<\/p>\n","protected":false},"excerpt":{"rendered":"\u2013 Vel, vi n\u00e6rmer oss noe, men jeg h\u00e5per at Ukraina foretar seg noe raskt. Jeg h\u00e5per Ukraina&hellip;\n","protected":false},"author":2,"featured_media":117530,"comment_status":"","ping_status":"","sticky":false,"template":"","format":"standard","meta":{"footnotes":""},"categories":[12],"tags":[20,21,24,25,15,22,23,13,30,28,29,14,16,26,27,42,43,44,45],"class_list":{"0":"post-117529","1":"post","2":"type-post","3":"status-publish","4":"format-standard","5":"has-post-thumbnail","7":"category-verden","8":"tag-breaking-news","9":"tag-breakingnews","10":"tag-featured-news","11":"tag-featurednews","12":"tag-headlines","13":"tag-latest-news","14":"tag-latestnews","15":"tag-news","16":"tag-no","17":"tag-norge","18":"tag-norway","19":"tag-nyheter","20":"tag-overskrifter","21":"tag-top-stories","22":"tag-topstories","23":"tag-verden","24":"tag-world","25":"tag-world-news","26":"tag-worldnews"},"share_on_mastodon":{"url":"https:\/\/pubeurope.com\/@no\/115746912630315258","error":""},"_links":{"self":[{"href":"https:\/\/www.europesays.com\/no\/wp-json\/wp\/v2\/posts\/117529","targetHints":{"allow":["GET"]}}],"collection":[{"href":"https:\/\/www.europesays.com\/no\/wp-json\/wp\/v2\/posts"}],"about":[{"href":"https:\/\/www.europesays.com\/no\/wp-json\/wp\/v2\/types\/post"}],"author":[{"embeddable":true,"href":"https:\/\/www.europesays.com\/no\/wp-json\/wp\/v2\/users\/2"}],"replies":[{"embeddable":true,"href":"https:\/\/www.europesays.com\/no\/wp-json\/wp\/v2\/comments?post=117529"}],"version-history":[{"count":0,"href":"https:\/\/www.europesays.com\/no\/wp-json\/wp\/v2\/posts\/117529\/revisions"}],"wp:featuredmedia":[{"embeddable":true,"href":"https:\/\/www.europesays.com\/no\/wp-json\/wp\/v2\/media\/117530"}],"wp:attachment":[{"href":"https:\/\/www.europesays.com\/no\/wp-json\/wp\/v2\/media?parent=117529"}],"wp:term":[{"taxonomy":"category","embeddable":true,"href":"https:\/\/www.europesays.com\/no\/wp-json\/wp\/v2\/categories?post=117529"},{"taxonomy":"post_tag","embeddable":true,"href":"https:\/\/www.europesays.com\/no\/wp-json\/wp\/v2\/tags?post=117529"}],"curies":[{"name":"wp","href":"https:\/\/api.w.org\/{rel}","templated":true}]}}