{"id":117531,"date":"2025-12-19T15:21:23","date_gmt":"2025-12-19T15:21:23","guid":{"rendered":"https:\/\/www.europesays.com\/no\/117531\/"},"modified":"2025-12-19T15:21:23","modified_gmt":"2025-12-19T15:21:23","slug":"skattekommisjon-eigil-knutsen-stoltenbergs-skattekommisjon-er-klar-eigil-knutsen-blir-leder","status":"publish","type":"post","link":"https:\/\/www.europesays.com\/no\/117531\/","title":{"rendered":"Skattekommisjon, Eigil Knutsen | Stoltenbergs skattekommisjon er klar \u2013 Eigil Knutsen blir leder"},"content":{"rendered":"\n<p>Knutsen var innvalgt p\u00e5 Stortinget i fire \u00e5r, fram til i h\u00f8st. Der ledet han blant annet finanskomiteen.<\/p>\n<p>Stoltenberg har kalt inn til pressekonferanse klokken 14.15 fredag. <\/p>\n<p>Han f\u00e5r med seg f\u00f8lgende gjeng i kommisjonen:<\/p>\n<ul>\n<li>Daglig leder Lars Erik Bartnes, B\u00e6rum <\/li>\n<li>Advokat Jan Joachim Meidell Bjerke, Oslo <\/li>\n<li>F\u00f8rsteamanuensis Ole-Andreas Elvik N\u00e6ss, Bergen <\/li>\n<li>Gruppesekret\u00e6r Ingrid Nergaard Fjeldstad, Bergen <\/li>\n<li>Partner Jon Gunnar Pedersen, Larvik <\/li>\n<li>Analytiker Astrid-Kristine Hauge Ramb\u00f8l, Oslo <\/li>\n<li>F\u00f8rsteamanuensis Ragnhild Camilla Schreiner, Oslo <\/li>\n<li>Leder myndighetskontakt Hans Olav Syversen, Oslo <\/li>\n<li>Advokat Hilde Thorstad, Oslo <\/li>\n<li>IT-utvikler Torkil Vederhus, Oslo <\/li>\n<li>F\u00f8rsteamanuensis Camilla Bakken \u00d8vald, Oslo<\/li>\n<\/ul>\n<p>\u2013 Jeg er glad for at vi f\u00e5tt p\u00e5 plass en skattekommisjon som kan bidra til mer forutsigbarhet for norske husholdninger og bedrifter. Oppnevnelse av skattekommisjonen er et viktig steg p\u00e5 veien i arbeidet med et bredt skatteforlik, sier finansminister Jens Stoltenberg (Ap).<\/p>\n<p>Skal foresl\u00e5 nytt skattesystem<\/p>\n<p>Finansministeren lanserte ideen om en skattekommisjon i v\u00e5r. Da ble han m\u00f8tt med en kald skulder fra de fleste partiene, som ikke ville v\u00e6re med p\u00e5 arbeidet.<\/p>\n<p>Etter valget har imidlertid alle partiene utenom Frp sagt ja til \u00e5 st\u00f8tte opp om kommisjonen. M\u00e5let er at arbeidet til kommisjonen skal munne ut i et bredt skatteforlik i Stortinget.<\/p>\n<p><b>Les ogs\u00e5: <a href=\"https:\/\/www.nettavisen.no\/nyheter\/dette-er-stores-plan-for-norge-de-neste-arene\/s\/5-95-2780161\" rel=\"Follow nofollow noopener\" target=\"_blank\">Dette er St\u00f8res plan for Norge de neste \u00e5rene<\/a><\/b><\/p>\n<p>\u2013 V\u00e5rt m\u00e5l er \u00e5 oppn\u00e5 enighet om viktige elementer i skattesystemet p\u00e5 tvers av politiske skillelinjer. Skattekommisjonen kan gi nyttige r\u00e5d p\u00e5 veien mot en stortingsmelding og et skatteforlik. P\u00e5 den m\u00e5ten kan vi oppn\u00e5 forutsigbarhet om skattesystemet fremover, som kan st\u00e5 seg over tid, sier Stoltenberg.<\/p>\n<p>Regjeringen har gitt skattekommisjonen en frist til 1. juli 2026 til \u00e5 ferdigstille sin utredning.<\/p>\n<p>Deretter planlegger regjeringen \u00e5 lage en stortingsmelding med forslag til et nytt skattesystem som legges fram for stortinget i 2027.<\/p>\n<p>NHO forn\u00f8yd<\/p>\n<p>Det nye skattesystemet kan tre i kraft fra 2028 dersom de blir enige.<\/p>\n<p>NHO-sjef Ole Erik Almlid sier det er bra om vi f\u00e5r et skatteforlik p\u00e5 tvers av de politiske blokkene som \u00f8ker forutsigbarheten til n\u00e6ringslivet.<\/p>\n<p>\u2013 Det er viktig at kommisjonen foresl\u00e5r en vesentlig skattereduksjon for norske eiere slik at norsk n\u00e6ringsliv har like konkurransevilk\u00e5r som utenlandske bedrifter. NHO er klare til \u00e5 bidra konstruktivt inn mot kommisjonen for \u00e5 sikre at den finner gode l\u00f8sninger s\u00e5 raskt som mulig, sier Almlid.<\/p>\n","protected":false},"excerpt":{"rendered":"Knutsen var innvalgt p\u00e5 Stortinget i fire \u00e5r, fram til i h\u00f8st. Der ledet han blant annet finanskomiteen.&hellip;\n","protected":false},"author":2,"featured_media":117532,"comment_status":"","ping_status":"","sticky":false,"template":"","format":"standard","meta":{"footnotes":""},"categories":[10],"tags":[20,21,24,25,15,22,23,13,30,28,29,14,16,26,27],"class_list":{"0":"post-117531","1":"post","2":"type-post","3":"status-publish","4":"format-standard","5":"has-post-thumbnail","7":"category-norge","8":"tag-breaking-news","9":"tag-breakingnews","10":"tag-featured-news","11":"tag-featurednews","12":"tag-headlines","13":"tag-latest-news","14":"tag-latestnews","15":"tag-news","16":"tag-no","17":"tag-norge","18":"tag-norway","19":"tag-nyheter","20":"tag-overskrifter","21":"tag-top-stories","22":"tag-topstories"},"share_on_mastodon":{"url":"https:\/\/pubeurope.com\/@no\/115746916519568510","error":""},"_links":{"self":[{"href":"https:\/\/www.europesays.com\/no\/wp-json\/wp\/v2\/posts\/117531","targetHints":{"allow":["GET"]}}],"collection":[{"href":"https:\/\/www.europesays.com\/no\/wp-json\/wp\/v2\/posts"}],"about":[{"href":"https:\/\/www.europesays.com\/no\/wp-json\/wp\/v2\/types\/post"}],"author":[{"embeddable":true,"href":"https:\/\/www.europesays.com\/no\/wp-json\/wp\/v2\/users\/2"}],"replies":[{"embeddable":true,"href":"https:\/\/www.europesays.com\/no\/wp-json\/wp\/v2\/comments?post=117531"}],"version-history":[{"count":0,"href":"https:\/\/www.europesays.com\/no\/wp-json\/wp\/v2\/posts\/117531\/revisions"}],"wp:featuredmedia":[{"embeddable":true,"href":"https:\/\/www.europesays.com\/no\/wp-json\/wp\/v2\/media\/117532"}],"wp:attachment":[{"href":"https:\/\/www.europesays.com\/no\/wp-json\/wp\/v2\/media?parent=117531"}],"wp:term":[{"taxonomy":"category","embeddable":true,"href":"https:\/\/www.europesays.com\/no\/wp-json\/wp\/v2\/categories?post=117531"},{"taxonomy":"post_tag","embeddable":true,"href":"https:\/\/www.europesays.com\/no\/wp-json\/wp\/v2\/tags?post=117531"}],"curies":[{"name":"wp","href":"https:\/\/api.w.org\/{rel}","templated":true}]}}