{"id":117533,"date":"2025-12-19T15:23:23","date_gmt":"2025-12-19T15:23:23","guid":{"rendered":"https:\/\/www.europesays.com\/no\/117533\/"},"modified":"2025-12-19T15:23:23","modified_gmt":"2025-12-19T15:23:23","slug":"egnet-til-a-skape-forvirring","status":"publish","type":"post","link":"https:\/\/www.europesays.com\/no\/117533\/","title":{"rendered":"\u2013 Egnet til \u00e5 skape forvirring"},"content":{"rendered":"\n<ul class=\"_list_o9xde_3 _list_64s2r_85 _unordered_o9xde_106 text-sans-m\">\n<li class=\"_item_o9xde_30\">Regjeringen skulle kj\u00f8pe 100 millioner kroner p\u00e5 masker i gave til ukrainske soldater i krigen mot Russland. <\/li>\n<li class=\"_item_o9xde_30\">Forsvarets forskningsinstitutt anbefalte maskene til regjeringen.<\/li>\n<li class=\"_item_o9xde_30\">\u2013 Det er beklagelig hvis noen p\u00e5 bakgrunn av anbefalingsbrevet har oppfattet det slik at Safegaiter kan erstatte vernemaske eller stoppe CS-gass, skriver de i en e-post til VG.<\/li>\n<\/ul>\n<p>Vis mer <\/p>\n<p class=\"_paragraph_o9xde_4 _paragraph_xtcu6_10 layout-component text-serif-m layout-normal text-serif-m layout-padded\">\u2013 Det er beklagelig hvis noen p\u00e5 bakgrunn av anbefalingsbrevet har oppfattet det slik at Safegaiter kan erstatte vernemaske eller stoppe CS-gass, skriver Forsvarets forskningsinstitutt i en e-post til VG.<\/p>\n<p class=\"_paragraph_o9xde_4 _paragraph_xtcu6_10 layout-component text-serif-m layout-normal text-serif-m layout-padded\"><a href=\"https:\/\/www.vg.no\/nyheter\/i\/L4pl4Q\/kjoeper-masker-fra-watchbird-for-100-millioner-naa-faar-jeg-ikke-puste\" data-track-element-type=\"Link\" data-track-id=\"link:L4pl4Q\" class=\"_link_o9xde_39\" rel=\"nofollow noopener\" target=\"_blank\">VG<\/a> har de siste ukene skrevet om regjeringens kj\u00f8p av masker for 100 milloner kroner som blant annet skal gi beskyttelse mot CS eller t\u00e5regass \u2013 og gis i gave til ukrainske soldater i krigen mot Russland.<\/p>\n<p class=\"_paragraph_o9xde_4 _paragraph_xtcu6_10 layout-component text-serif-m layout-normal text-serif-m layout-padded\"><strong class=\"_strong_o9xde_25\">Slik ser masken ut innvendig:<\/strong><\/p>\n<p class=\"_paragraph_o9xde_4 _paragraph_xtcu6_10 layout-component text-serif-m layout-normal text-serif-m layout-padded\">F\u00f8r regjeringen bestemte seg for \u00e5 kj\u00f8pe beskyttelsesmasker for 100 millioner kroner, ble de anbefalt masken av forskningsleder \u00d8yvind Voie ved Forsvarets forskningsinstitutt (FFI)Forsvarets forskningsinstitutt (FFI)En norsk statlig institusjon som driver med forskning og utvikling innen forsvarsrelaterte omr\u00e5der.. <\/p>\n<p class=\"_paragraph_o9xde_4 _paragraph_xtcu6_10 layout-component text-serif-m layout-normal text-serif-m layout-padded\">Forskningslederen begrunnet det slik:<\/p>\n<p class=\"_paragraph_o9xde_4 _paragraph_xtcu6_10 layout-component text-serif-m layout-normal text-serif-m layout-padded\">\u00abDette er s\u00e6rlig relevant i lys av dokumentert bruk av CS-aerosoler i Ukraina, der middelet anvendes for \u00e5 tvinge soldater ut av beskyttede stillinger. I slike scenarier kan lavterskel beskyttelsesutstyr bidra til \u00e5 redusere eksponering, opprettholde operativ kapasitet og beskytte helse\u00bb. <\/p>\n<p class=\"_paragraph_o9xde_4 _paragraph_xtcu6_10 layout-component text-serif-m layout-normal text-serif-m layout-padded\">CS, som Voie omtalte i anbefalingen, er en type t\u00e5regass. <a href=\"https:\/\/www.vg.no\/nyheter\/i\/L4pl4Q\/kjoeper-masker-fra-watchbird-for-100-millioner-naa-faar-jeg-ikke-puste\" data-track-element-type=\"Link\" data-track-id=\"link:L4pl4Q\" class=\"_link_o9xde_39\" rel=\"nofollow noopener\" target=\"_blank\">VGs egne tester <\/a>viste at en maske fra Biltema til 33 kroner ga bedre beskyttelse mot t\u00e5regass:<\/p>\n<p class=\"_paragraph_o9xde_4 _paragraph_xtcu6_10 layout-component text-serif-m layout-normal text-serif-m layout-padded\">VG har stilt sp\u00f8rsm\u00e5l direkte til forskningsleder \u00d8yvind Voie. Kommunikasjonsenheten i Forsvarets forskningsinstitutt skriver:<\/p>\n<p class=\"_paragraph_o9xde_4 _paragraph_xtcu6_10 layout-component text-serif-m layout-normal text-serif-m layout-padded\">\u2013 FFI har ikke sagt at Safegaiter (masken) kan stoppe t\u00e5regass. Det er en vesentlig forskjell p\u00e5 \u00abstoppe t\u00e5regass\u00bb og \u00abkan bidra til \u00e5 redusere eksponering\u00bb for CS-aerosoler slik det var formulert i anbefalingsbrevet, skriver Forsvarets forskningsinstitutt i en e-post til VG.<\/p>\n<p class=\"_paragraph_o9xde_4 _paragraph_xtcu6_10 layout-component text-serif-m layout-normal text-serif-m layout-padded\">\u2013 Ville du skrevet og brukt n\u00f8yaktig de samme formuleringene du gjorde i denne anbefalingen \u2013 igjen?<\/p>\n<p class=\"_paragraph_o9xde_4 _paragraph_xtcu6_10 layout-component text-serif-m layout-normal text-serif-m layout-padded\">\u2013 Vi ser i ettertid at begrepet CS-aerosolerCS-aerosolerSm\u00e5 partikler eller \u00f8rsm\u00e5 dr\u00e5per som svever i lufta. er egnet til \u00e5 skape forvirring. Det er beklagelig hvis noen p\u00e5 bakgrunn av anbefalingsbrevet har oppfattet det slik at Safegaiter kan erstatte vernemaske eller stoppe CS-gass, svarer instituttet. <\/p>\n<p>Gass vs partikler<\/p>\n<p class=\"_paragraph_o9xde_4 _paragraph_xtcu6_10 _paragraph_16v91_10 layout-component text-serif-m layout-normal text-sans-m layout-padded\">Det som omtales som <strong class=\"_strong_o9xde_25\">CS-gass<\/strong> er egentlig et fint kjemisk pulver som spres i luften ved hjelp av r\u00f8yk- eller aerosollignende metoder. Dette er det vi kaller \u00abt\u00e5regass\u00bb fordi det irriterer slimhinner og hud og kan gj\u00f8re det vanskelig \u00e5 puste.<br \/><strong class=\"_strong_o9xde_25\">CS-partikler <\/strong>er sm\u00e5 partikler av kjemikaliet i pulverform, som kan bli liggende igjen p\u00e5 overflater og utstyr etter at selve gassen har lagt seg.<\/p>\n<p>Vis mer<\/p>\n<p class=\"_paragraph_o9xde_4 _paragraph_xtcu6_10 layout-component text-serif-m layout-normal text-serif-m layout-padded\">Den 2. juli i \u00e5r sendte Forsvaret en liste p\u00e5 ti norske bedrifter til Forsvarsdepartementet. <\/p>\n<p class=\"_paragraph_o9xde_4 _paragraph_xtcu6_10 layout-component text-serif-m layout-normal text-serif-m layout-padded\">Forsvaret mente de ti bedriftene hadde produkter som burde kj\u00f8pes inn av regjeringen for \u00e5 donere til Ukraina i krigen mot Russland.<\/p>\n<p class=\"_paragraph_o9xde_4 _paragraph_xtcu6_10 layout-component text-serif-m layout-normal text-serif-m layout-padded\">En av bedriftene var selskapet <a href=\"https:\/\/www.vg.no\/tag\/watchbird?utm_source=vg-article&amp;utm_medium=auto-tagger&amp;utm_campaign=ArddlA\" class=\"_link_o9xde_39\" rel=\"nofollow noopener\" target=\"_blank\">Watchbird<\/a> som solgte \u00abSafegaiter \u00e5ndedrettsvern\u00bb, if\u00f8lge Forsvarets anbefaling.<\/p>\n<p class=\"_paragraph_o9xde_4 _paragraph_xtcu6_10 layout-component text-serif-m layout-normal text-serif-m layout-padded\">Dokumentet er gradert og de andre leverand\u00f8rene er sladdet av VG: <\/p>\n<p><img alt=\"\" class=\"_image_qp4xg_65 layout-component layout-normal\" data-fullscreen- data-track-element-type=\"Article image fullscreen\" data-track-name=\"ImageFullscreen\" decoding=\"async\" loading=\"lazy\" height=\"1316\" itemprop=\"image\"  src=\"https:\/\/www.europesays.com\/no\/wp-content\/uploads\/2025\/12\/930501f7-43a1-4e1e-bb21-0f7c8610ac31\"  style=\"object-position:0% 0%\" width=\"1152\"\/><\/p>\n<p class=\"_paragraph_o9xde_4 _paragraph_xtcu6_10 layout-component text-serif-m layout-normal text-serif-m layout-padded\">Dagen etter sendte forskningsleder \u00d8yvind Voie fra Forsvarets forskningsinstitutt sin anbefaling, som omtalt tidligere i saken.<\/p>\n<p class=\"_paragraph_o9xde_4 _paragraph_xtcu6_10 layout-component text-serif-m layout-normal text-serif-m layout-padded\">Den gikk p\u00e5 e-post til Forsvarsdepartementet \u2013 med flere personer p\u00e5 kopi.<\/p>\n<p class=\"_paragraph_o9xde_4 _paragraph_xtcu6_10 layout-component text-serif-m layout-normal text-serif-m layout-padded\">I tillegg til coronageneral Espen Rostrup Nakstad, som VG tidligere har omtalt, var disse ogs\u00e5 med i tr\u00e5den:<\/p>\n<ul class=\"_list_o9xde_3 _list_xtcu6_9 _unordered_o9xde_106 layout-component text-serif-m layout-normal text-serif-m layout-padded\">\n<li class=\"_item_o9xde_30\">Odin Standal: Avdelingsdirekt\u00f8r i Forsvarsdepartementet for marked og industripolitikk<\/li>\n<li class=\"_item_o9xde_30\">Oberst Kjell Hauan: Var sjef for \u00abOperasjon Ellisiv\u00bb, som er navnet p\u00e5 Forsvarets st\u00f8tte til Ukraina.<\/li>\n<li class=\"_item_o9xde_30\">Rune Jomaas: Daglig leder i Watchbird<\/li>\n<li class=\"_item_o9xde_30\">Jonatan de Lange Mortensbakke Claussen: Overingeni\u00f8r med fagomr\u00e5de CBRN CBRN En forkortelse for kjemiske, biologiske, radiologiske og nukle\u00e6re trusler, som er farer relatert til disse typer materialer.i Forsvarsmateriell<\/li>\n<\/ul>\n<p class=\"_paragraph_o9xde_4 _paragraph_xtcu6_10 layout-component text-serif-m layout-normal text-serif-m layout-padded\">I tillegg la Voie til en seniorr\u00e5dgiver i FFI og en seniorr\u00e5dgiver i Forsvarsdepartementets avdeling for marked og industripolitikk.<\/p>\n<p class=\"_paragraph_o9xde_4 _paragraph_xtcu6_10 layout-component text-serif-m layout-normal text-serif-m layout-padded\">Deretter gikk det seks uker. VG har ikke klart \u00e5 finne noen dokumenter fra denne perioden.<\/p>\n<p class=\"_paragraph_o9xde_4 _paragraph_xtcu6_10 layout-component text-serif-m layout-normal text-serif-m layout-padded\">Den 18. august sendte regjeringen ut en <a href=\"https:\/\/www.regjeringen.no\/no\/aktuelt\/100-millioner-kroner-til-beskyttelsesutstyr-til-ukraina\/id3116154\/\" class=\"_link_o9xde_39\" rel=\"nofollow noopener\" target=\"_blank\">pressemelding <\/a>der forsvarsminister Tore O. Sandvik annonserte maskehandelen.<\/p>\n<p><img alt=\"Sandvik (til venstre) og Jomaas (til h\u00f8yre)  Foto: Forsvarsdepartementet\" class=\"_image_qp4xg_65 layout-component layout-normal\" data-fullscreen- data-track-element-type=\"Article image fullscreen\" data-track-name=\"ImageFullscreen\" decoding=\"async\" loading=\"lazy\" height=\"1369\" itemprop=\"image\"  src=\"https:\/\/www.europesays.com\/no\/wp-content\/uploads\/2025\/12\/1766157800_344_f0384cfa-dfe6-438d-98e2-6ba886767c23\"  style=\"object-position:0% 0%\" width=\"1369\"\/>Sandvik (til venstre) og Jomaas (til h\u00f8yre)  Foto: Forsvarsdepartementet<\/p>\n<p class=\"_paragraph_o9xde_4 _paragraph_xtcu6_10 layout-component text-serif-m layout-normal text-serif-m layout-padded\">Etter at VG skrev om masken og testet den i gassbugassbuEn vanlig m\u00e5te \u00e5 unders\u00f8ke om en pustemaske sitter riktig og stenger ute gass er \u00e5 ha den p\u00e5 i et lite rom som er fylt med gass, ofte kalt ei gassbu, la FFI ut en sak p\u00e5 sine nettsider med tittelen <a href=\"https:\/\/www.ffi.no\/aktuelt\/nyheter\/slik-har-ffi-testet-safegaiter\" class=\"_link_o9xde_39\" rel=\"nofollow noopener\" target=\"_blank\">\u00abSlik har FFI testet SAFEgaiter\u00bb<\/a>.<\/p>\n<p class=\"_paragraph_o9xde_4 _paragraph_xtcu6_10 layout-component text-serif-m layout-normal text-serif-m layout-padded\">Den starter med: <\/p>\n<p class=\"_paragraph_o9xde_4 _paragraph_xtcu6_10 layout-component text-serif-m layout-normal text-serif-m layout-padded\">\u00abFFIs tester viser at SAFEgaiter-buffene, som regjeringen har annonsert at de vil donere til Ukraina, ikke stopper t\u00e5regass. Produktet har likevel en nytteverdi for soldater, sier forskningsleder \u00d8yvind Voie.\u00bb<\/p>\n<p class=\"_paragraph_o9xde_4 _paragraph_xtcu6_10 layout-component text-serif-m layout-normal text-serif-m layout-padded\">VG har spurt forsvarsminister Tore O. Sandvik om han hadde valgt \u00e5 kj\u00f8pe inn 33.000 masker av typen Safegaiter for 100 millioner kroner, hvis forskningsleder \u00d8yvind Voie hadde skrevet det som n\u00e5 st\u00e5r p\u00e5 FFIs sider.<\/p>\n<p class=\"_paragraph_o9xde_4 _paragraph_xtcu6_10 layout-component text-serif-m layout-normal text-serif-m layout-padded\">Det sp\u00f8rsm\u00e5let vil ikke forsvarsministeren svare p\u00e5.<\/p>\n<p class=\"_paragraph_o9xde_4 _paragraph_xtcu6_10 layout-component text-serif-m layout-normal text-serif-m layout-padded\">VG har ogs\u00e5 spurt forsvarsministeren om hvilken beskyttelse han oppfattet at masken ga da de annonserte kj\u00f8pet av masken?<\/p>\n<p class=\"_paragraph_o9xde_4 _paragraph_xtcu6_10 layout-component text-serif-m layout-normal text-serif-m layout-padded\">Heller ikke dette sp\u00f8rsm\u00e5let vil Sandvik besvare.<\/p>\n<p> <img decoding=\"async\" alt=\"Rolf J. Wider\u00f8e\" class=\"_image_uv074_179\" src=\"https:\/\/www.europesays.com\/no\/wp-content\/uploads\/2025\/12\/1766157801_85_3dbc548d-922e-4780-98d2-50bfdc448f42\" width=\"480\"\/>Einar Otto Stangvik<\/p>\n<p class=\"text-sans-s\">Reporter<\/p>\n<p><img decoding=\"async\" alt=\"Einar Otto Stangvik\" class=\"_image_uv074_179\" src=\"https:\/\/www.europesays.com\/no\/wp-content\/uploads\/2025\/12\/1766157803_443_de6bbb4f-4b11-4b77-966d-eac0982e115b\" width=\"480\"\/>Kontakt Einar Otto Stangvik <\/p>\n<p class=\"_paragraph_o9xde_4 _paragraph_xtcu6_10 layout-component text-serif-m layout-normal text-serif-m layout-padded\">Samme dag som regjeringen sendte ut pressemeldingen om maskekj\u00f8pet ble forsvarsministeren intervjuet i Aftenposten om handelen og sa f\u00f8lgende om masken:<\/p>\n<p class=\"_paragraph_o9xde_4 _paragraph_xtcu6_10 layout-component text-serif-m layout-normal text-serif-m layout-padded\">\u2013 Dette redder liv. Det \u00f8ker kampkraften til Ukraina og overlevelsen til ukrainske soldater. Det er en st\u00f8tte med mening, sier statsr\u00e5den.<\/p>\n<p class=\"_paragraph_o9xde_4 _paragraph_xtcu6_10 layout-component text-serif-m layout-normal text-serif-m layout-padded\">VG har spurt forsvarsminister Tore O. Sandvik om han mener det samme i dag.<\/p>\n<p class=\"_paragraph_o9xde_4 _paragraph_xtcu6_10 layout-component text-serif-m layout-normal text-serif-m layout-padded\">Forsvarsministeren vil heller ikke svare p\u00e5 dette sp\u00f8rsm\u00e5let.<\/p>\n<p class=\"_paragraph_o9xde_4 _paragraph_xtcu6_10 layout-component text-serif-m layout-normal text-serif-m layout-padded\">I stedet har kommunikasjonsenheten i Forsvarsdepartementet sendt f\u00f8lgende uttalelse:<\/p>\n<p class=\"_paragraph_o9xde_4 _paragraph_xtcu6_10 layout-component text-serif-m layout-normal text-serif-m layout-padded\">\u00abDet er ikke inng\u00e5tt noen kontrakt med Watchbird om leveranse til Ukraina innenfor IndustriportalenIndustriportalenEn plattform eller kanal for samarbeid mellom forsvarsindustrien og myndighetene for \u00e5 anskaffe forsvarsmateriell.. Det har likevel fremkommet flere forhold som vi m\u00e5 se n\u00e6rmere p\u00e5.<br \/>Forsvaret har p\u00e5 eget initiativ startet ytterligere unders\u00f8kelser, og jeg har bedt dem om en redegj\u00f8relse om fakta, inkludert om hva som l\u00e5 til grunn for anbefalingen i sommer\u00bb. <\/p>\n","protected":false},"excerpt":{"rendered":"Regjeringen skulle kj\u00f8pe 100 millioner kroner p\u00e5 masker i gave til ukrainske soldater i krigen mot Russland. Forsvarets&hellip;\n","protected":false},"author":2,"featured_media":117534,"comment_status":"","ping_status":"","sticky":false,"template":"","format":"standard","meta":{"footnotes":""},"categories":[5],"tags":[20,21,24,25,8437,567,15,19,22,23,17,18,13,30,28,29,14,16,26,27,13904],"class_list":{"0":"post-117533","1":"post","2":"type-post","3":"status-publish","4":"format-standard","5":"has-post-thumbnail","7":"category-overskrifter","8":"tag-breaking-news","9":"tag-breakingnews","10":"tag-featured-news","11":"tag-featurednews","12":"tag-forsvarets-forskningsinstitutt-ffi","13":"tag-forsvarsdepartementet","14":"tag-headlines","15":"tag-hovedoppslag","16":"tag-latest-news","17":"tag-latestnews","18":"tag-main-news","19":"tag-mainnews","20":"tag-news","21":"tag-no","22":"tag-norge","23":"tag-norway","24":"tag-nyheter","25":"tag-overskrifter","26":"tag-top-stories","27":"tag-topstories","28":"tag-watchbird"},"share_on_mastodon":{"url":"https:\/\/pubeurope.com\/@no\/115746925489477184","error":""},"_links":{"self":[{"href":"https:\/\/www.europesays.com\/no\/wp-json\/wp\/v2\/posts\/117533","targetHints":{"allow":["GET"]}}],"collection":[{"href":"https:\/\/www.europesays.com\/no\/wp-json\/wp\/v2\/posts"}],"about":[{"href":"https:\/\/www.europesays.com\/no\/wp-json\/wp\/v2\/types\/post"}],"author":[{"embeddable":true,"href":"https:\/\/www.europesays.com\/no\/wp-json\/wp\/v2\/users\/2"}],"replies":[{"embeddable":true,"href":"https:\/\/www.europesays.com\/no\/wp-json\/wp\/v2\/comments?post=117533"}],"version-history":[{"count":0,"href":"https:\/\/www.europesays.com\/no\/wp-json\/wp\/v2\/posts\/117533\/revisions"}],"wp:featuredmedia":[{"embeddable":true,"href":"https:\/\/www.europesays.com\/no\/wp-json\/wp\/v2\/media\/117534"}],"wp:attachment":[{"href":"https:\/\/www.europesays.com\/no\/wp-json\/wp\/v2\/media?parent=117533"}],"wp:term":[{"taxonomy":"category","embeddable":true,"href":"https:\/\/www.europesays.com\/no\/wp-json\/wp\/v2\/categories?post=117533"},{"taxonomy":"post_tag","embeddable":true,"href":"https:\/\/www.europesays.com\/no\/wp-json\/wp\/v2\/tags?post=117533"}],"curies":[{"name":"wp","href":"https:\/\/api.w.org\/{rel}","templated":true}]}}