{"id":117541,"date":"2025-12-19T15:34:10","date_gmt":"2025-12-19T15:34:10","guid":{"rendered":"https:\/\/www.europesays.com\/no\/117541\/"},"modified":"2025-12-19T15:34:10","modified_gmt":"2025-12-19T15:34:10","slug":"unge-meninger-jeg-blir-sa-stolt","status":"publish","type":"post","link":"https:\/\/www.europesays.com\/no\/117541\/","title":{"rendered":"Unge meninger: Jeg blir s\u00e5 stolt!"},"content":{"rendered":"\n<p class=\"_paragraph_o9xde_4 _paragraph_xtcu6_10 layout-component text-serif-m layout-normal text-serif-m layout-padded\">Dette er det aller siste innlegget i VGs Unge Meninger prosjekt.Unge Meninger prosjekt.Unge Meninger har v\u00e6rt en debattplattform for unge, og et tre\u00e5ring prosjekt i VG.  <\/p>\n<p class=\"_paragraph_o9xde_4 _paragraph_xtcu6_10 layout-component text-serif-m layout-normal text-serif-m layout-padded\">Det er veldig synd.<\/p>\n<p class=\"_paragraph_o9xde_4 _paragraph_xtcu6_10 layout-component text-serif-m layout-normal text-serif-m layout-padded\">De siste \u00e5rene har alle de etablerte mediene snakket varmt om ungt engasjement.<\/p>\n<p class=\"_paragraph_o9xde_4 _paragraph_xtcu6_10 layout-component text-serif-m layout-normal text-serif-m layout-padded\">Det legges ut om viktigheten av at unge engasjerer seg og ytres et \u00f8nske om at unge skal lese redakt\u00f8rstyrte medier.<\/p>\n<p class=\"_paragraph_o9xde_4 _paragraph_xtcu6_10 layout-component text-serif-m layout-normal text-serif-m layout-padded\"><strong class=\"_strong_o9xde_25\">De vil v\u00e6re relevante!<\/strong><\/p>\n<p class=\"_paragraph_o9xde_4 _paragraph_xtcu6_10 layout-component text-serif-m layout-normal text-serif-m layout-padded\">Paradokset er at de samme mediehusene konsekvent nedprioriterer oss.<\/p>\n<p>Ung og vil skrive i VG?<\/p>\n<ul class=\"_list_o9xde_3 _list_xtcu6_9 _list_16v91_9 _unordered_o9xde_106 layout-component text-serif-m layout-normal text-sans-m layout-padded\">\n<li class=\"_item_o9xde_30\">VG \u00f8nsker fortsatt \u00e5 invitere unge inn i debatten!<\/li>\n<li class=\"_item_o9xde_30\">Send inn dine innlegg til meninger@vg.no<\/li>\n<\/ul>\n<p>Vis mer<\/p>\n<p class=\"_paragraph_o9xde_4 _paragraph_xtcu6_10 layout-component text-serif-m layout-normal text-serif-m layout-padded\">NRK var f\u00f8rst ute med \u00e5 legge ned P3 meninger, i fjor fulgte Aftenposten etter, og n\u00e5 er ogs\u00e5 VGs prosjekt over.<\/p>\n<p class=\"_paragraph_o9xde_4 _paragraph_xtcu6_10 layout-component text-serif-m layout-normal text-serif-m layout-padded\">Uten debattprosjekter og journalister som engasjerer seg for unge stemmer, blir terskelen mye h\u00f8yere. <\/p>\n<p class=\"_paragraph_o9xde_4 _paragraph_xtcu6_10 layout-component text-serif-m layout-normal text-serif-m layout-padded\">Vi f\u00e5r f\u00e6rre unge stemmer som etablerer seg, og en mer homogen debatt.<\/p>\n<p class=\"_paragraph_o9xde_4 _paragraph_xtcu6_10 layout-component text-serif-m layout-normal text-serif-m layout-padded\">Mange redakt\u00f8rer og journalister har kl\u00f8dd seg i hodet over hvorfor \u00abGutta\u00bb med Oskar Westerlin i spissen klarte \u00e5 favne s\u00e5 bredt ved \u00e5rets stortingsvalg. <\/p>\n<p class=\"_paragraph_o9xde_4 _paragraph_xtcu6_10 layout-component text-serif-m layout-normal text-serif-m layout-padded\">Jeg mener svaret er ganske \u00e5penbart; de tar unge stemmer p\u00e5 alvor, og lar dem diskutere med \u00abmakta\u00bb. <\/p>\n<p><img alt=\"GUTTA samlet partilederne til debatt i Youtube-serie. Snorre Klanderud, Henrik Viken, Sebastian Brevik, Erna Solberg.  Foto: Even N\u00e6vdal \/ VG\" class=\"_image_qp4xg_65 layout-component layout-normal\" data-fullscreen- data-track-element-type=\"Article image fullscreen\" data-track-name=\"ImageFullscreen\" decoding=\"async\" loading=\"lazy\" height=\"3973\" itemprop=\"image\"  src=\"https:\/\/www.europesays.com\/no\/wp-content\/uploads\/2025\/12\/f42293f9-d01e-4622-8876-7aecde437fb6\"  style=\"object-position:48.612153038259564% 41.87012333249434%\" width=\"3999\"\/>GUTTA samlet partilederne til debatt i Youtube-serie. Snorre Klanderud, Henrik Viken, Sebastian Brevik, Erna Solberg.  Foto: Even N\u00e6vdal \/ VG<\/p>\n<p class=\"_paragraph_o9xde_4 _paragraph_xtcu6_10 layout-component text-serif-m layout-normal text-serif-m layout-padded\">Det h\u00f8rer ogs\u00e5 med til historien at ungdomspolitikerne de siste \u00e5rene har satt agenda p\u00e5 en helt ny m\u00e5te.<\/p>\n<p class=\"_paragraph_o9xde_4 _paragraph_xtcu6_10 layout-component text-serif-m layout-normal text-serif-m layout-padded\">Sosiale medier har virkelig gitt unge en mulighet til \u00e5 sette agenda, og det er bra. <\/p>\n<p class=\"_paragraph_o9xde_4 _paragraph_xtcu6_10 layout-component text-serif-m layout-normal text-serif-m layout-padded\">Samtidig er det ikke til \u00e5 stikke under stol at tonen i debatten er en ganske annen p\u00e5 TikTok enn i Aftenposten eller VG.<\/p>\n<p class=\"_paragraph_o9xde_4 _paragraph_xtcu6_10 layout-component text-serif-m layout-normal text-serif-m layout-padded\">Fordi man har s\u00e5 kort tid p\u00e5 \u00e5 fange oppmerksomheten til folk, ender debatten fort opp med \u00e5 bli veldig polarisert. Det er ingen tjent med.<\/p>\n<p class=\"_paragraph_o9xde_4 _paragraph_xtcu6_10 layout-component text-serif-m layout-normal text-serif-m layout-padded\">N\u00e5r unge mister plassen i redakt\u00f8rstyrte medier, mister vi ogs\u00e5 en arena for nyanserte debatter. <\/p>\n<p class=\"_paragraph_o9xde_4 _paragraph_xtcu6_10 layout-component text-serif-m layout-normal text-serif-m layout-padded\">Det svekker demokratiet. <\/p>\n<p><img alt=\"Fr\u00f8ya Skjold Sjurs\u00e6ther (MDG) i Debatten.  Foto: Amanda Pedersen Giske \/ NTB\" class=\"_image_qp4xg_65 layout-component layout-normal\" data-fullscreen- data-track-element-type=\"Article image fullscreen\" data-track-name=\"ImageFullscreen\" decoding=\"async\" loading=\"lazy\" height=\"4000\" itemprop=\"image\"  src=\"https:\/\/www.europesays.com\/no\/wp-content\/uploads\/2025\/12\/c58f73c0-304b-4a08-9f3c-ea9445cc3af5\"  style=\"object-position:48.43333333333334% 37.1875%\" width=\"6000\"\/>Fr\u00f8ya Skjold Sjurs\u00e6ther (MDG) i Debatten.  Foto: Amanda Pedersen Giske \/ NTB<\/p>\n<p class=\"_paragraph_o9xde_4 _paragraph_xtcu6_10 layout-component text-serif-m layout-normal text-serif-m layout-padded\">Jeg er bekymret for hva det gj\u00f8r med tilliten til, og oppslutningen til redakt\u00f8rstyrte medier n\u00e5r det blir vanskeligere \u00e5 ta del i debatten.<\/p>\n<p class=\"_paragraph_o9xde_4 _paragraph_xtcu6_10 layout-component text-serif-m layout-normal text-serif-m layout-padded\"><strong class=\"_strong_o9xde_25\">Jeg vil til tross for det, hylle ungdomspolitikere som har satt dagsorden de siste \u00e5rene. <\/strong><\/p>\n<p class=\"_paragraph_o9xde_4 _paragraph_xtcu6_10 layout-component text-serif-m layout-normal text-serif-m layout-padded\">Ola Svenneby, som for alvor startet debatten om innvandringspolitikk sommeren 2024.<\/p>\n<p class=\"_paragraph_o9xde_4 _paragraph_xtcu6_10 layout-component text-serif-m layout-normal text-serif-m layout-padded\">Simen Velle, som kickstartet en ny debatt om likestilling i 2024.<\/p>\n<p class=\"_paragraph_o9xde_4 _paragraph_xtcu6_10 layout-component text-serif-m layout-normal text-serif-m layout-padded\">Gaute Skjerv\u00f8 som har tatt et nytt oppgj\u00f8r med 22. Juli n\u00e5 i 2025.<\/p>\n<p class=\"_paragraph_o9xde_4 _paragraph_xtcu6_10 layout-component text-serif-m layout-normal text-serif-m layout-padded\">Fr\u00f8ya Sjurs\u00e6ter som imponerer som yngste p\u00e5 Stortinget. <\/p>\n<p class=\"_paragraph_o9xde_4 _paragraph_xtcu6_10 layout-component text-serif-m layout-normal text-serif-m layout-padded\">Eller Ingrid Olina Hovland som sto st\u00f8dig i en noks\u00e5 absurd abortdebatt tidligere i h\u00f8st.<\/p>\n<p class=\"_paragraph_o9xde_4 _paragraph_xtcu6_10 layout-component text-serif-m layout-normal text-serif-m layout-padded\">Dette er bare noen eksempler, men de viser at den nye generasjonen som n\u00e5 inntar politikken og Stortinget for alvor.<\/p>\n<p class=\"_paragraph_o9xde_4 _paragraph_xtcu6_10 layout-component text-serif-m layout-normal text-serif-m layout-padded\">Jeg er stolt av \u00e5 v\u00e6re en del av generasjonen som ikke gir seg, som t\u00f8r \u00e5 sette dagsorden og st\u00e5 i stormen.<\/p>\n<p class=\"_paragraph_o9xde_4 _paragraph_xtcu6_10 layout-component text-serif-m layout-normal text-serif-m layout-padded\">Likevel er jeg veldig bekymret for hva det gj\u00f8r med tilliten til, og oppslutningen til redakt\u00f8rstyrte medier, n\u00e5r det blir vanskeligere \u00e5 f\u00e5 delta i debatten.<\/p>\n<p class=\"_paragraph_o9xde_4 _paragraph_xtcu6_10 layout-component text-serif-m layout-normal text-serif-m layout-padded\">Denne konsekvente nedprioriteringen av unge stemmer, er rett og slett en langfinger fra de etablerte mediene.<\/p>\n<p class=\"_paragraph_o9xde_4 _paragraph_xtcu6_10 layout-component text-serif-m layout-normal text-serif-m layout-padded\">Hvis mediene virkelig mener alvor med \u00e5 engasjere unge, m\u00e5 de gi oss plass, ikke bare heie fra sidelinjen.<\/p>\n<p>      Dette er en kronikk. Kronikken gir uttrykk for skribentens holdning. Du kan sende inn kronikker og debattinnlegg til <a class=\"_link_jv5ak_10\" href=\"https:\/\/www.vg.no\/nyheter\/i\/WvbbGL\/mailto:debatt@vg.no\" rel=\"nofollow noopener\" target=\"_blank\">debatt@vg.no<\/a>. Unge meninger-prosjektet er finansiert med st\u00f8tte av Stiftelsen Tinius. <a class=\"_link_jv5ak_10\" href=\"https:\/\/www.vg.no\/informasjon\/redaksjonelle-avgjorelser\/240\" rel=\"nofollow noopener\" target=\"_blank\">Les mer<\/a>. <\/p>\n","protected":false},"excerpt":{"rendered":"Dette er det aller siste innlegget i VGs Unge Meninger prosjekt.Unge Meninger prosjekt.Unge Meninger har v\u00e6rt en debattplattform&hellip;\n","protected":false},"author":2,"featured_media":117542,"comment_status":"","ping_status":"","sticky":false,"template":"","format":"standard","meta":{"footnotes":""},"categories":[5],"tags":[20,21,24,25,15,19,22,23,17,18,13,30,28,29,14,16,26,27,103],"class_list":{"0":"post-117541","1":"post","2":"type-post","3":"status-publish","4":"format-standard","5":"has-post-thumbnail","7":"category-overskrifter","8":"tag-breaking-news","9":"tag-breakingnews","10":"tag-featured-news","11":"tag-featurednews","12":"tag-headlines","13":"tag-hovedoppslag","14":"tag-latest-news","15":"tag-latestnews","16":"tag-main-news","17":"tag-mainnews","18":"tag-news","19":"tag-no","20":"tag-norge","21":"tag-norway","22":"tag-nyheter","23":"tag-overskrifter","24":"tag-top-stories","25":"tag-topstories","26":"tag-vgmeninger"},"share_on_mastodon":{"url":"https:\/\/pubeurope.com\/@no\/115746967860926500","error":""},"_links":{"self":[{"href":"https:\/\/www.europesays.com\/no\/wp-json\/wp\/v2\/posts\/117541","targetHints":{"allow":["GET"]}}],"collection":[{"href":"https:\/\/www.europesays.com\/no\/wp-json\/wp\/v2\/posts"}],"about":[{"href":"https:\/\/www.europesays.com\/no\/wp-json\/wp\/v2\/types\/post"}],"author":[{"embeddable":true,"href":"https:\/\/www.europesays.com\/no\/wp-json\/wp\/v2\/users\/2"}],"replies":[{"embeddable":true,"href":"https:\/\/www.europesays.com\/no\/wp-json\/wp\/v2\/comments?post=117541"}],"version-history":[{"count":0,"href":"https:\/\/www.europesays.com\/no\/wp-json\/wp\/v2\/posts\/117541\/revisions"}],"wp:featuredmedia":[{"embeddable":true,"href":"https:\/\/www.europesays.com\/no\/wp-json\/wp\/v2\/media\/117542"}],"wp:attachment":[{"href":"https:\/\/www.europesays.com\/no\/wp-json\/wp\/v2\/media?parent=117541"}],"wp:term":[{"taxonomy":"category","embeddable":true,"href":"https:\/\/www.europesays.com\/no\/wp-json\/wp\/v2\/categories?post=117541"},{"taxonomy":"post_tag","embeddable":true,"href":"https:\/\/www.europesays.com\/no\/wp-json\/wp\/v2\/tags?post=117541"}],"curies":[{"name":"wp","href":"https:\/\/api.w.org\/{rel}","templated":true}]}}