{"id":117549,"date":"2025-12-19T15:43:16","date_gmt":"2025-12-19T15:43:16","guid":{"rendered":"https:\/\/www.europesays.com\/no\/117549\/"},"modified":"2025-12-19T15:43:16","modified_gmt":"2025-12-19T15:43:16","slug":"sport-fotball-historisk-vedtak-i-vard","status":"publish","type":"post","link":"https:\/\/www.europesays.com\/no\/117549\/","title":{"rendered":"Sport, Fotball | Historisk vedtak i Vard"},"content":{"rendered":"\n<p><b>FOTBALL: <\/b>Torsdag ble det avholdt ekstraordin\u00e6rt \u00e5rsm\u00f8te p\u00e5 Vardhuset. En sak sto p\u00e5 agendaen. Vedtak av bygging av nytt garderobebygg og tribune p\u00e5 klubbens nye stadion.<\/p>\n<p>I en pressemelding melder Vard at \u00e5rsm\u00f8tet fattet \u00abet enstemmig og historisk vedtak\u00bb.<\/p>\n<p><b>\u2013 Vedtaket markerer b\u00e5de slutten p\u00e5 en lang og grundig prosess, og starten p\u00e5 en ny epoke i klubbens historie. Med \u00e5rsm\u00f8tets tilslutning ligger alt til rette for byggestart rett over nytt\u00e5r. Framdriftsplanen viser at selve bygningsmassen skal reises i perioden april \u2013 juni, skriver Vard i pressemeldingen.<\/b><\/p>\n<p>Koster over 30 millioner<\/p>\n<p>Garderobebygget og tribunen har et samlet byggekostnad p\u00e5 31, 3 millioner kroner.<\/p>\n<p><b>\u2013 Vedtaket inneb\u00e6rer at Vard tar et avgj\u00f8rende steg inn i framtiden. En gang i l\u00f8pet av sesongen 2026 vil publikum kunne ta plass p\u00e5 setene p\u00e5 Haugesund Sparebank-tribunen i Imenco Arena og oppleve fotball i moderne og tidsriktige rammer, skriver Vard. <\/b><\/p>\n<p>  <a href=\"https:\/\/www.h-avis.no\/5-62-1908865\" class=\"related-teaser default-story-teaser article--c-eRUmMG article--c-eRUmMG-jKCPdD-design-default article--c-eRUmMG-kpKLOW-cv\" rel=\"nofollow noopener\" target=\"_blank\"><\/p>\n<p>\n            Les ogs\u00e5<\/p>\n<p>              Her tar de f\u00f8rste spadetak for Stadion 2\n        <\/p>\n<p>  <\/a><br \/>\n  Imenco Arena<\/p>\n<p>Imenco Arena blir alts\u00e5 navnet p\u00e5 Vards nye stadion.<\/p>\n<p>Fra f\u00f8r er Imenco inne i Vard blant annet som sponsor av Imencohallen, tidligere kjent om Vardhallen.<\/p>\n<p><b>\u2013 Navnevalget er et resultat av et tett og langvarig samarbeid med Imenco, hvor Vard-legenden  nok en gang \u2013 i likhet med Imencohallen \u2013 bidrar til \u00e5 gi klubben et betydelig l\u00f8ft, skriver Vard. <\/b><\/p>\n<p>I tillegg til midlene fra samarbeidspartnerne, jobber ogs\u00e5 Vard med en kronerulling. Der er det if\u00f8lge klubben fortsatt mulig \u00e5 bidra.<\/p>\n<p><b>\u2013 Klubben \u00f8nsker samtidig \u00e5 rette en stor og oppriktig takk til den dedikerte arbeidsgruppen som over flere \u00e5r har jobbet m\u00e5lrettet med prosjektet, og som n\u00e5 er med p\u00e5 \u00e5 f\u00f8re det trygt i havn. Arbeidet har v\u00e6rt solid ledet av Erik Nesse, sammen med blant andre Per \u00d8rpetveit, Finn Nistad, Hans D\u00f8sen, Hans H\u00f8ie, Kjell Spanne, Petter Nistad og arkitekt Jan Ove Bj\u00f8rheim, skriver Vard. <\/b><\/p>\n","protected":false},"excerpt":{"rendered":"FOTBALL: Torsdag ble det avholdt ekstraordin\u00e6rt \u00e5rsm\u00f8te p\u00e5 Vardhuset. En sak sto p\u00e5 agendaen. Vedtak av bygging av&hellip;\n","protected":false},"author":2,"featured_media":117550,"comment_status":"","ping_status":"","sticky":false,"template":"","format":"standard","meta":{"footnotes":""},"categories":[59],"tags":[36,92,1337,30,28,29,83,82,1510,2821],"class_list":{"0":"post-117549","1":"post","2":"type-post","3":"status-publish","4":"format-standard","5":"has-post-thumbnail","7":"category-sport","8":"tag-art","9":"tag-fotball","10":"tag-haugesund","11":"tag-no","12":"tag-norge","13":"tag-norway","14":"tag-sport","15":"tag-sports","16":"tag-story","17":"tag-vard"},"share_on_mastodon":{"url":"https:\/\/pubeurope.com\/@no\/115747002960127228","error":""},"_links":{"self":[{"href":"https:\/\/www.europesays.com\/no\/wp-json\/wp\/v2\/posts\/117549","targetHints":{"allow":["GET"]}}],"collection":[{"href":"https:\/\/www.europesays.com\/no\/wp-json\/wp\/v2\/posts"}],"about":[{"href":"https:\/\/www.europesays.com\/no\/wp-json\/wp\/v2\/types\/post"}],"author":[{"embeddable":true,"href":"https:\/\/www.europesays.com\/no\/wp-json\/wp\/v2\/users\/2"}],"replies":[{"embeddable":true,"href":"https:\/\/www.europesays.com\/no\/wp-json\/wp\/v2\/comments?post=117549"}],"version-history":[{"count":0,"href":"https:\/\/www.europesays.com\/no\/wp-json\/wp\/v2\/posts\/117549\/revisions"}],"wp:featuredmedia":[{"embeddable":true,"href":"https:\/\/www.europesays.com\/no\/wp-json\/wp\/v2\/media\/117550"}],"wp:attachment":[{"href":"https:\/\/www.europesays.com\/no\/wp-json\/wp\/v2\/media?parent=117549"}],"wp:term":[{"taxonomy":"category","embeddable":true,"href":"https:\/\/www.europesays.com\/no\/wp-json\/wp\/v2\/categories?post=117549"},{"taxonomy":"post_tag","embeddable":true,"href":"https:\/\/www.europesays.com\/no\/wp-json\/wp\/v2\/tags?post=117549"}],"curies":[{"name":"wp","href":"https:\/\/api.w.org\/{rel}","templated":true}]}}