{"id":117554,"date":"2025-12-19T15:53:12","date_gmt":"2025-12-19T15:53:12","guid":{"rendered":"https:\/\/www.europesays.com\/no\/117554\/"},"modified":"2025-12-19T15:53:12","modified_gmt":"2025-12-19T15:53:12","slug":"nrk-sender-kjendiser-pa-brodrene-dal-inspirert-tidsreise-i-eventyrerne-jakten-pa-spektralsteinene","status":"publish","type":"post","link":"https:\/\/www.europesays.com\/no\/117554\/","title":{"rendered":"NRK sender kjendiser \u00abp\u00e5 Br\u00f8drene Dal\u00bb-inspirert tidsreise i \u00abEventyrerne \u2013 Jakten p\u00e5 spektralsteinene\u00bb"},"content":{"rendered":"\n<p class=\"_lead_o9xde_2 _lead_xtcu6_50 layout-component text-serif-m layout-normal text-serif-l layout-component layout-wide layout-padded _wide_17hqh_1 layout-padded\">Aslak Maurstad, Vidar Magnussen, Kristine Gr\u00e6ndsen og Isalill Kolpus st\u00e5r i spissen for NRKs nye storsatsing. <\/p>\n<p><img alt=\"PODKASTAKTUELLE: Isalill Kolpus, Vidar Magnussen, Aslak Maurstad og Kristine Gr\u00e6ndsen.  Foto: NRK \/ NRK\" class=\"_image_qp4xg_65 layout-component layout-wide\" data-fullscreen- data-track-element-type=\"Article image fullscreen\" data-track-name=\"ImageFullscreen\" fetchpriority=\"high\" decoding=\"sync\" loading=\"eager\" height=\"1080\" itemprop=\"image\"  src=\"https:\/\/www.europesays.com\/no\/wp-content\/uploads\/2025\/12\/6cf05ce4-b6e6-45e1-91a5-baf8feae33ad\"  style=\"object-position:0% 0%\" width=\"1920\"\/>PODKASTAKTUELLE: Isalill Kolpus, Vidar Magnussen, Aslak Maurstad og Kristine Gr\u00e6ndsen.  Foto: NRK \/ NRK<\/p>\n<ul aria-hidden=\"true\" class=\"_images_ntbth_112\">\n<li><a class=\"_link_ntbth_117\" href=\"https:\/\/www.vg.no\/forfatter\/thor-benjamin-brekken\" style=\"z-index:1\" title=\"Benjamin Brekken\" rel=\"nofollow noopener\" target=\"_blank\"><img alt=\"Bilde av Benjamin Brekken\" class=\"_image_ntbth_93\" fetchpriority=\"low\" loading=\"lazy\" decoding=\"async\" itemprop=\"image\"  src=\"https:\/\/www.europesays.com\/no\/wp-content\/uploads\/2025\/12\/1766159589_486_a7e2b135-ec04-4aac-b1df-254547b32ff3\"  width=\"480\"\/><\/a><\/li>\n<\/ul>\n<p> Oppdatert fredag 19. desember kl. 16:00    <\/p>\n<ul class=\"_list_o9xde_3 _list_64s2r_85 _unordered_o9xde_106 text-sans-m\">\n<li class=\"_item_o9xde_30\">NRK lanserer podkasten \u00abEventyrerne \u2013 Jakten p\u00e5 spektralsteinene\u00bb med Aslak Maurstad, Vidar Magnussen, Kristine Gr\u00e6ndsen og Isalill Kolpus.<\/li>\n<li class=\"_item_o9xde_30\">Podkasten kombinerer rollespill og lyddrama med elementer fra \u00abDungeons and Dragons\u00bb.<\/li>\n<li class=\"_item_o9xde_30\">Tidsreiser, mystikk og improviserte eventyr er sentrale temaer.<\/li>\n<li class=\"_item_o9xde_30\">De f\u00f8rste episodene publiseres 1. januar 2026.<\/li>\n<\/ul>\n<p>Vis mer <\/p>\n<p class=\"_paragraph_o9xde_4 _paragraph_xtcu6_10 layout-component text-serif-m layout-normal text-serif-m layout-padded\"><a href=\"https:\/\/www.vg.no\/tag\/nrk?utm_source=vg-article&amp;utm_medium=auto-tagger&amp;utm_campaign=wrPEbP\" class=\"_link_o9xde_39\" rel=\"nofollow noopener\" target=\"_blank\">NRK<\/a> satser stort p\u00e5 rollespill og lyddrama i sin nye podkast \u00abEventyrerne \u2013 Jakten p\u00e5 spektralsteinene\u00bb. Her kastes tre kjente profiler ut i et improvisert eventyrunivers fullt av tidsreiser, overraskelser og d\u00e5rlige valg, skriver NRK i en pressemelding. <\/p>\n<p class=\"_paragraph_o9xde_4 _paragraph_xtcu6_10 layout-component text-serif-m layout-normal text-serif-m layout-padded\">\u2013 Det var veldig g\u00f8y \u00e5 v\u00e6re med p\u00e5 et helt tenkt univers med kun terninger, sier Vidar Magnussen i en SMS til VG.<\/p>\n<p class=\"_paragraph_o9xde_4 _paragraph_xtcu6_10 layout-component text-serif-m layout-normal text-serif-m layout-padded\">Podkasten, som ogs\u00e5 filmes, er inspirert av \u00abBr\u00f8drene Dal\u00bbs ikoniske fantasiunivers, og trekker \u00e5penbart tr\u00e5der fra det popul\u00e6re brettspillet \u00abDungeons and Dragons\u00bb.<\/p>\n<p class=\"_paragraph_o9xde_4 _paragraph_xtcu6_10 layout-component text-serif-m layout-normal text-serif-m layout-padded\">Den mystiske Professor Dr\u00f8vel dukker opp, og b\u00e5de tidsmaskinen og de sagnomsuste spektralsteinene spiller sentrale roller. Samtidig truer den onde Professor Kr\u00e5keving i bakgrunnen.<\/p>\n<p><img alt=\"IKONISK TRIO: Trond Kirkvaag (foran), Knut Lystad og Lars Mj\u00f8en (TV) slik vi husker dem i humorklassikeren \u00abBr\u00f8drene Dal\u00bb.  Foto: Trond Solberg \/ VG\" class=\"_image_qp4xg_65 layout-component layout-normal\" data-fullscreen- data-track-element-type=\"Article image fullscreen\" data-track-name=\"ImageFullscreen\" decoding=\"async\" loading=\"lazy\" height=\"3492\" itemprop=\"image\"  src=\"https:\/\/www.europesays.com\/no\/wp-content\/uploads\/2025\/12\/87b197f9-222c-40c9-9925-cb05f25b36a8\"  style=\"object-position:0% 0%\" width=\"4452\"\/>IKONISK TRIO: Trond Kirkvaag (foran), Knut Lystad og Lars Mj\u00f8en (TV) slik vi husker dem i humorklassikeren \u00abBr\u00f8drene Dal\u00bb.  Foto: Trond Solberg \/ VG<\/p>\n<p class=\"_paragraph_o9xde_4 _paragraph_xtcu6_10 layout-component text-serif-m layout-normal text-serif-m layout-padded\">\u2013 Vennene mine spilte mye D &amp; D n\u00e5r vi var ten\u00e5ringer. Men jeg var aldri med selv, trodde ikke jeg hadde konsentrasjonsevnen. Men dette var jo superg\u00f8y! skriver Magnussen i en SMS til VG. <\/p>\n<p class=\"_paragraph_o9xde_4 _paragraph_xtcu6_10 layout-component text-serif-m layout-normal text-serif-m layout-padded\">I spillet forteller \u00e9n spillmester om verdenen og historien, mens spillerne styrer hver sin karakter, og terningkast avgj\u00f8r hva som lykkes i et felles improvisert eventyr. Aslak Maurstad har rollen som spillmester, mens Gr\u00e6ndsen, Kolpus og Magnussen er spillerne. <\/p>\n<p><img alt=\"SPILLETS GANG: Slik ser det ut n\u00e5r Kristine Gr\u00e6ndsen, Vidar Magnussen og Isalill Kolpus skaper historie \u2013 bokstavelig talt.   Foto: NRK \/ NRK\" class=\"_image_qp4xg_65 layout-component layout-normal\" data-fullscreen- data-track-element-type=\"Article image fullscreen\" data-track-name=\"ImageFullscreen\" decoding=\"async\" loading=\"lazy\" height=\"1080\" itemprop=\"image\"  src=\"https:\/\/www.europesays.com\/no\/wp-content\/uploads\/2025\/12\/78c86d3f-864a-455d-8fee-25d0a9489983\"  style=\"object-position:0% 0%\" width=\"1920\"\/>SPILLETS GANG: Slik ser det ut n\u00e5r Kristine Gr\u00e6ndsen, Vidar Magnussen og Isalill Kolpus skaper historie \u2013 bokstavelig talt.   Foto: NRK \/ NRK<\/p>\n<p class=\"_paragraph_o9xde_4 _paragraph_xtcu6_10 layout-component text-serif-m layout-normal text-serif-m layout-padded\">De har alle utviklet sine egne karakterer og spiller dem gjennom hele serien p\u00e5 18 episoder.<\/p>\n<p class=\"_paragraph_o9xde_4 _paragraph_xtcu6_10 layout-component text-serif-m layout-normal text-serif-m layout-padded\">\u2013 Jeg synes det har v\u00e6rt utrolig g\u00f8y \u00e5 v\u00e6re med p\u00e5! S\u00e5nn over all forventning g\u00f8y. Aslak er perfekt i rollen som spillmester, og byr p\u00e5 s\u00e5 mange morsomme (og komplekse!) karakterer, skriver Gr\u00e6ndsen i en SMS.<\/p>\n<p> <img alt=\"SPILLMESTER: Aslak Maurstad styrer spillet med en vennlig jernh\u00e5nd.   Foto: NRK \/ NRK\" class=\"_image_qp4xg_65 layout-component layout-normal\" data-fullscreen- data-track-element-type=\"Article image fullscreen\" data-track-name=\"ImageFullscreen\" decoding=\"async\" loading=\"lazy\" height=\"1080\" itemprop=\"image\"  src=\"https:\/\/www.europesays.com\/no\/wp-content\/uploads\/2025\/12\/480c6472-311e-473e-aeba-8bea11ed85fe\"  style=\"object-position:0% 0%\" width=\"1920\"\/>SPILLMESTER: Aslak Maurstad styrer spillet med en vennlig jernh\u00e5nd.   Foto: NRK \/ NRK<\/p>\n<p class=\"_paragraph_o9xde_4 _paragraph_xtcu6_10 layout-component text-serif-m layout-normal text-serif-m layout-padded\">Hun trekker fram \u00f8yeblikkene da Kolpus\u2019 karakter pr\u00f8ver \u00e5 ligge med en vikingh\u00f8vding og da Magnussens karakter sloss med to veldig s\u00f8lete, glatte og uheldige menn som h\u00f8ydepunkter.<\/p>\n<p class=\"_paragraph_o9xde_4 _paragraph_xtcu6_10 layout-component text-serif-m layout-normal text-serif-m layout-padded\">\u2013 Jeg h\u00e5per det blir like spennende \u00e5 h\u00f8re p\u00e5 for publikum som det var for oss \u00e5 f\u00e5 lage det. Publikum kan forvente tre stykker som pr\u00f8ver s\u00e5 godt de kan \u00e5 reise gjennom tid og rom for \u00e5 redde verden, men som tar ufattelig mange d\u00e5rlige valg, skriver Gr\u00e6ndsen. <\/p>\n<p class=\"_paragraph_o9xde_4 _paragraph_xtcu6_10 layout-component text-serif-m layout-normal text-serif-m layout-padded\">Eventyret starter i vikingtiden, f\u00f8r tidsmaskinen sender trioen videre til New York p\u00e5 60-tallet, et postapokalyptisk Oslo og Ville Vesten. Hva som faktisk skjer, avgj\u00f8res av spillmesterens fantasi \u2013 og terningkastene.<\/p>\n<p class=\"_paragraph_o9xde_4 _paragraph_xtcu6_10 layout-component text-serif-m layout-normal text-serif-m layout-padded\">Blant karakterene m\u00f8ter vi Magnussen som \u00abGeir Slire Sleivkastberg\u00bb, en mann besatt av mysteriet rundt sin forsvunne tryllekunstner-far.<\/p>\n<p class=\"_paragraph_o9xde_4 _paragraph_xtcu6_10 layout-component text-serif-m layout-normal text-serif-m layout-padded\">\u2013 Hjernen forsvant helt inn i det. Jeg ble nesten litt utmattet av glede. Og for en herlig gjeng \u00e5 spille det inn med. Jeg er herved konvertert til rollespiller! skriver Magnussen. <\/p>\n<p class=\"_paragraph_o9xde_4 _paragraph_xtcu6_10 layout-component text-serif-m layout-normal text-serif-m layout-padded\">De f\u00f8rste episodene av \u00abEventyrerne \u2013 Jakten p\u00e5 spektralsteinene\u00bb publiseres i NRK Radio 1. januar 2026. Hver episode varer rundt i 30 minutter.<\/p>\n<p><img alt=\"I T\u00c5RER: Vidar Magnussen blir r\u00f8rt av sin egen historie i \u00abEventyrerne \u2013 Jakten p\u00e5 spektralsteinene\u00bb.  Foto: NRK\" class=\"_image_qp4xg_65 layout-component layout-normal\" data-fullscreen- data-track-element-type=\"Article image fullscreen\" data-track-name=\"ImageFullscreen\" decoding=\"async\" loading=\"lazy\" height=\"1080\" itemprop=\"image\"  src=\"https:\/\/www.europesays.com\/no\/wp-content\/uploads\/2025\/12\/a20cf0de-1be3-4c43-9113-79400999fa7c\"  style=\"object-position:0% 0%\" width=\"1920\"\/>I T\u00c5RER: Vidar Magnussen blir r\u00f8rt av sin egen historie i \u00abEventyrerne \u2013 Jakten p\u00e5 spektralsteinene\u00bb.  Foto: NRK    <\/p>\n","protected":false},"excerpt":{"rendered":"Aslak Maurstad, Vidar Magnussen, Kristine Gr\u00e6ndsen og Isalill Kolpus st\u00e5r i spissen for NRKs nye storsatsing. PODKASTAKTUELLE: Isalill&hellip;\n","protected":false},"author":2,"featured_media":117555,"comment_status":"","ping_status":"","sticky":false,"template":"","format":"standard","meta":{"footnotes":""},"categories":[5],"tags":[11628,20,21,24,25,15,19,14149,9412,22,23,17,18,13,30,28,29,787,14,16,1270,14148,26,27],"class_list":{"0":"post-117554","1":"post","2":"type-post","3":"status-publish","4":"format-standard","5":"has-post-thumbnail","7":"category-overskrifter","8":"tag-aslak-maurstad","9":"tag-breaking-news","10":"tag-breakingnews","11":"tag-featured-news","12":"tag-featurednews","13":"tag-headlines","14":"tag-hovedoppslag","15":"tag-isalill-kolpus","16":"tag-kristine-graendsen","17":"tag-latest-news","18":"tag-latestnews","19":"tag-main-news","20":"tag-mainnews","21":"tag-news","22":"tag-no","23":"tag-norge","24":"tag-norway","25":"tag-nrk","26":"tag-nyheter","27":"tag-overskrifter","28":"tag-podkast","29":"tag-rollespill","30":"tag-top-stories","31":"tag-topstories"},"share_on_mastodon":{"url":"https:\/\/pubeurope.com\/@no\/115747042483861441","error":""},"_links":{"self":[{"href":"https:\/\/www.europesays.com\/no\/wp-json\/wp\/v2\/posts\/117554","targetHints":{"allow":["GET"]}}],"collection":[{"href":"https:\/\/www.europesays.com\/no\/wp-json\/wp\/v2\/posts"}],"about":[{"href":"https:\/\/www.europesays.com\/no\/wp-json\/wp\/v2\/types\/post"}],"author":[{"embeddable":true,"href":"https:\/\/www.europesays.com\/no\/wp-json\/wp\/v2\/users\/2"}],"replies":[{"embeddable":true,"href":"https:\/\/www.europesays.com\/no\/wp-json\/wp\/v2\/comments?post=117554"}],"version-history":[{"count":0,"href":"https:\/\/www.europesays.com\/no\/wp-json\/wp\/v2\/posts\/117554\/revisions"}],"wp:featuredmedia":[{"embeddable":true,"href":"https:\/\/www.europesays.com\/no\/wp-json\/wp\/v2\/media\/117555"}],"wp:attachment":[{"href":"https:\/\/www.europesays.com\/no\/wp-json\/wp\/v2\/media?parent=117554"}],"wp:term":[{"taxonomy":"category","embeddable":true,"href":"https:\/\/www.europesays.com\/no\/wp-json\/wp\/v2\/categories?post=117554"},{"taxonomy":"post_tag","embeddable":true,"href":"https:\/\/www.europesays.com\/no\/wp-json\/wp\/v2\/tags?post=117554"}],"curies":[{"name":"wp","href":"https:\/\/api.w.org\/{rel}","templated":true}]}}