{"id":117556,"date":"2025-12-19T15:55:09","date_gmt":"2025-12-19T15:55:09","guid":{"rendered":"https:\/\/www.europesays.com\/no\/117556\/"},"modified":"2025-12-19T15:55:09","modified_gmt":"2025-12-19T15:55:09","slug":"uteblir-seher-no","status":"publish","type":"post","link":"https:\/\/www.europesays.com\/no\/117556\/","title":{"rendered":"Uteblir &#8211; seher.no"},"content":{"rendered":"<ol>\n<li><a href=\"https:\/\/news.google.com\/rss\/articles\/CBMiWEFVX3lxTE03Xzh0amRJV0I0aTcxbG56X25rbC1zZ1FBUERDTlloMEEzYXB1Yk14WTFFZkV4NjRvcWV1UUtaQkhUQTJvTW9Ed1o2YTBib3RQQjBPZERoa1M?oc=5\" target=\"_blank\" rel=\"nofollow noopener\">Uteblir<\/a>&nbsp;&nbsp;seher.no<\/li>\n<li><a href=\"https:\/\/news.google.com\/rss\/articles\/CBMic0FVX3lxTE5JT25ZUXJrX0Q3Wmh3dmRyQlR2TmZVNTVYMG1QN09rTzlIRFBoREJmN3FrRklleUJMdUlEU2dGZHlxcmNPS25SV2h0VWhtQ0pkMGlFZ05aUUNJN2lXdlNsaC1hYkNyaE9QT1UzOWVhekhDVjA?oc=5\" target=\"_blank\" rel=\"nofollow noopener\">Bekrefter: Haster videre<\/a>&nbsp;&nbsp;Dagbladet<\/li>\n<li><a href=\"https:\/\/news.google.com\/rss\/articles\/CBMimwFBVV95cUxORXJWSzY4WnFHWS1IbEc2RFNZbzl4VXRGYzRtaTh4REpmbXVZSGRaMDZvWm96U2ZFRkFmSXgtbm93bThDMkNQX196dnB0R05IRWg5enVDMEJtQW9XcVNhVy0xaE1qM0lIQlpJelVQUlNmem9FWXl0dTFmMUNLUzdYeUdmTjFmUklVNmV0dTlYZUpDYmZ4Wi1MNnQzbw?oc=5\" target=\"_blank\" rel=\"nofollow noopener\">Skal vi danse, Helene Olafsen | Vill festing bak kulissene: \u2013 Ikke \u00e9n avholdskveld<\/a>&nbsp;&nbsp;Nettavisen<\/li>\n<li><a href=\"https:\/\/news.google.com\/rss\/articles\/CBMiggFBVV95cUxOd1Rnc2g4OG1Fc2pzTWhoUFJqbFd5WDFPMU1NX1JfMkloRjdJQlZ1RU1PNGlqZnAtcmZTMk9LdlFUSDRDWGk2cUVTQmh3UnBYd2REeDhIb0drS0NEQUFCOTNpalFBT0UxYk5hVGgzMjhYNTFnZjViOERCeTJIX3M5Vm53?oc=5\" target=\"_blank\" rel=\"nofollow noopener\">Skal vi danse-finale: \u00c9n av disse vinner<\/a>&nbsp;&nbsp;Norsk Tipping<\/li>\n<li><a href=\"https:\/\/news.google.com\/rss\/articles\/CBMiqAFBVV95cUxOWk9JTGsyZi1wZ0FTRUZXUkpRcXpWMFNKOGItZzlJRmk0VWVzck03Yk8xVEpEbWhIRW1iNlptSkFqaUpNVjJSWjB1QmZWS0IwSmJqNTQyTTd0MXM3MXg0TWlRZ1psaWZ5T2s5ZHhjTC1IdEhkQ1E5eWE4RHlvdi1NZTh4N0NRSmx4MEo4RG1UcEVkZThBY2FLaDEtMlJaaGJsbmhCcFVWMnA?oc=5\" target=\"_blank\" rel=\"nofollow noopener\">Kultur, TV 2 | \u2013 Vi har nok s\u00f8lv i Kongsberg, s\u00e5 det hadde v\u00e6rt g\u00f8y med gull<\/a>&nbsp;&nbsp;Laagendalsposten<\/li>\n<\/ol>\n","protected":false},"excerpt":{"rendered":"Uteblir&nbsp;&nbsp;seher.no Bekrefter: Haster videre&nbsp;&nbsp;Dagbladet Skal vi danse, Helene Olafsen | Vill festing bak kulissene: \u2013 Ikke \u00e9n avholdskveld&nbsp;&nbsp;Nettavisen&hellip;\n","protected":false},"author":2,"featured_media":117557,"comment_status":"","ping_status":"","sticky":false,"template":"","format":"standard","meta":{"footnotes":""},"categories":[58],"tags":[71,2286,479,2543,30,28,29,2280,72],"class_list":{"0":"post-117556","1":"post","2":"type-post","3":"status-publish","4":"format-standard","5":"has-post-thumbnail","7":"category-underholdning","8":"tag-entertainment","9":"tag-jan-thomas","10":"tag-kjendis","11":"tag-kjendisdesken","12":"tag-no","13":"tag-norge","14":"tag-norway","15":"tag-skal-vi-danse","16":"tag-underholdning"},"share_on_mastodon":{"url":"https:\/\/pubeurope.com\/@no\/115747050154198166","error":""},"_links":{"self":[{"href":"https:\/\/www.europesays.com\/no\/wp-json\/wp\/v2\/posts\/117556","targetHints":{"allow":["GET"]}}],"collection":[{"href":"https:\/\/www.europesays.com\/no\/wp-json\/wp\/v2\/posts"}],"about":[{"href":"https:\/\/www.europesays.com\/no\/wp-json\/wp\/v2\/types\/post"}],"author":[{"embeddable":true,"href":"https:\/\/www.europesays.com\/no\/wp-json\/wp\/v2\/users\/2"}],"replies":[{"embeddable":true,"href":"https:\/\/www.europesays.com\/no\/wp-json\/wp\/v2\/comments?post=117556"}],"version-history":[{"count":0,"href":"https:\/\/www.europesays.com\/no\/wp-json\/wp\/v2\/posts\/117556\/revisions"}],"wp:featuredmedia":[{"embeddable":true,"href":"https:\/\/www.europesays.com\/no\/wp-json\/wp\/v2\/media\/117557"}],"wp:attachment":[{"href":"https:\/\/www.europesays.com\/no\/wp-json\/wp\/v2\/media?parent=117556"}],"wp:term":[{"taxonomy":"category","embeddable":true,"href":"https:\/\/www.europesays.com\/no\/wp-json\/wp\/v2\/categories?post=117556"},{"taxonomy":"post_tag","embeddable":true,"href":"https:\/\/www.europesays.com\/no\/wp-json\/wp\/v2\/tags?post=117556"}],"curies":[{"name":"wp","href":"https:\/\/api.w.org\/{rel}","templated":true}]}}