{"id":117562,"date":"2025-12-19T16:03:13","date_gmt":"2025-12-19T16:03:13","guid":{"rendered":"https:\/\/www.europesays.com\/no\/117562\/"},"modified":"2025-12-19T16:03:13","modified_gmt":"2025-12-19T16:03:13","slug":"onsker-den-nyeste-iphonen-og-playstation-5-nrk-vestfold-og-telemark-lokale-nyheter-tv-og-radio","status":"publish","type":"post","link":"https:\/\/www.europesays.com\/no\/117562\/","title":{"rendered":"\u2013 \u00d8nsker den nyeste iPhonen og Playstation 5 \u2013 NRK Vestfold og Telemark \u2013 Lokale nyheter, TV og radio"},"content":{"rendered":"<p>Saken oppsummert:<\/p>\n<ul>\n<li>Stadig flere dyre julegave\u00f8nsker, som iPhone og PlayStation5, henger p\u00e5 \u00f8nsketr\u00e6r over hele landet.<\/li>\n<li>R\u00f8de Kors og organisasjonen \u00abOmvendt julenisse\u00bb bekrefter en \u00f8kning i foresp\u00f8rsler om kostbare gaver.<\/li>\n<li>Mange \u00f8nsker dyre gaver for \u00e5 passe inn sosialt, if\u00f8lge trendforsker Anita Borch ved SIFO.<\/li>\n<li>Organisasjoner som \u00abOmvendt julenisse\u00bb m\u00e5 ofte justere eller avsl\u00e5 urealistiske \u00f8nsker, men jobber for \u00e5 gi alle en hyggelig jul.<\/li>\n<li>\u00d8nsketr\u00e6rne symboliserer familier som sliter \u00f8konomisk, og det er fortsatt mange som \u00f8nsker seg praktiske og n\u00f8dvendige ting som kl\u00e6r og sko.<\/li>\n<li>Prisvekst og \u00f8kt press p\u00e5 \u00e5 ha \u00abriktige\u00bb ting trekkes frem som mulige \u00e5rsaker til de h\u00f8ye forventningene.<\/li>\n<\/ul>\n<p>Oppsummeringen er laget av en KI-tjeneste fra OpenAI. Innholdet er kvalitetssikret av NRKs journalister f\u00f8r publisering.<\/p>\n<p>P\u00e5 gr\u00f8nne \u00f8nsketr\u00e6r over hele landet henger det r\u00f8de hjerter.<\/p>\n<p>Hvert lille hjerte symboliserer en familie som ikke f\u00e5r endene til \u00e5 m\u00f8tes i jula. En varm jakke, vintersko, kortstokk eller tegnesaker er bare noen av dr\u00f8mmene og h\u00e5pet til barn og unge.<\/p>\n<p>Men p\u00e5 flere tr\u00e6r henger det noe som handler om mer enn \u00e5 det \u00e5 hjelpe.<\/p>\n<p>Det var<a href=\"https:\/\/www.varden.no\/nyheter\/n\/XMwKbW\/reagerer-kraftig-paa-juleoenskene-jeg-blir-kvalm\" ec-id=\"https:\/\/www.varden.no\/nyheter\/n\/XMwKbW\/reagerer-kraftig-paa-juleoenskene-jeg-blir-kvalm\" ec-name=\"avisa Varden\" rel=\"nofollow noopener\" target=\"_blank\"> avisa Varden<\/a> som startet debatten om dyre julegave\u00f8nsker. I avisa er det flere som er rystet over hvor mye gavene koster.<\/p>\n<p>    <img class=\"dhtb__img--YLLyL\" alt=\"Et juletre med lys og lapper\" loading=\"lazy\" fetchpriority=\"auto\" style=\"--_horizontal-object-position: max(100%, min(0px, calc(0.50 * 100% - 0.50 * 100vw + 50vw))) max(100%, min(0px, calc(0.50 * 100% - 0.50 * 100vh + 50vh))); --_vertical-object-position: max(100%, min(0px, calc(0.48 * 100% - 0.48 * 100vw + 50vw))) max(100%, min(0px, calc(0.51 * 100% - 0.51 * 100vh + 50vh)));\" \/><\/p>\n<p>Mange julegave\u00f8nsker henger p\u00e5 &raquo; \u00d8nsketr\u00e6rne&raquo; rundt om i landet.<\/p>\n<p>Foto: H\u00e5kon Lie \/ NRK<\/p>\n<p>Mange julegave\u00f8nsker henger p\u00e5 &raquo; \u00d8nsketr\u00e6rne&raquo; rundt om i landet.<\/p>\n<p> Foto: H\u00e5kon Lie \/ NRK<\/p>\n<p>NRK ville unders\u00f8ke om dyre \u00f8nsker er en trend over hele landet.<\/p>\n<p><strong>\u2013 Det skjer jo at det kommer inn \u00f8nsker som er ganske urealistiske.<\/strong><\/p>\n<p>Det sier Peter Mikov som er seniorr\u00e5dgiver med ansvar for aktiviteter for barn og unge i R\u00f8de Kors.<\/p>\n<ul class=\"dhpg__gallery__list\">\n<li class=\"dhpg__gallery__listItem\"><img alt=\"En voksen mann st\u00e5r foran en lys vegg if\u00f8rt en r\u00f8d hettegenser med logoen til R\u00f8de Kors. Han har hendene bak ryggen og ser rett frem. Bakgrunnen er n\u00f8ytral og enkel, uten distraherede elementer. Bildet fokuserer p\u00e5 mannen og hans bekledning. (Bildebeskrivelsen er laget av en KI-tjeneste)\"  width=\"2400\" height=\"2400\" loading=\"lazy\"\/>Peter Mikov\n<p>Seniorr\u00e5dgiver Barn og Unge i R\u00f8de Kors<\/p>\n<\/li>\n<\/ul>\n<p>Han peker p\u00e5 at det har v\u00e6rt en prisvekst i samfunnet, og at noe av grunnen ogs\u00e5 ligger der.<\/p>\n<p>\u2013 Vi ser jo at folk f\u00e5r mindre for pengene n\u00e5 enn de gjorde f\u00f8r.<\/p>\n<p>        Har du dyre julegave\u00f8nsker i \u00e5r?<\/p>\n<p>        Nei, og uansett blir jeg glad for alt jeg f\u00e5r til jul<\/p>\n<p>        Ja, jeg har nok noen \u00f8nsker som koster tusenlapper<\/p>\n<p>        Jeg liker best \u00e5 f\u00e5 hjemmelagede gaver<\/p>\n<p>      Vis resultat<\/p>\n<p class=\"pin-nrkno-poll__disclaimer\">\n    Denne avstemningen viser ikke hva befolkningen mener om sp\u00f8rsm\u00e5let.<br \/>\n    Resultatet viser hva de som selv har valgt \u00e5 stemme mener,<br \/>\n    og avstemningen har ikke et utvalg som gj\u00f8r den representativ for alle som bor i landet.\n  <\/p>\n<p>Ralph-Lauren-genser<\/p>\n<p><strong>P\u00e5 treet til <a href=\"https:\/\/omvendtjulenisse.no\/om\" ec-id=\"https:\/\/omvendtjulenisse.no\/om\" ec-name=\"\u00abOmvendt julenisse\u00bb\" rel=\"nofollow noopener\" target=\"_blank\">\u00abOmvendt julenisse\u00bb<\/a> p\u00e5 kj\u00f8pesenteret Herkules i Skien \u00f8nsker en 13 \u00e5r gammel jente seg en \u00abRalph Lauren-genser\u00bb. En 17 \u00e5r gammel gutt sitt st\u00f8rste \u00f8nske denne julen er en \u00abLars Monsen B\u00f8rgefjell-jakke\u00bb.<\/strong><\/p>\n<p>Gaver som koster flere tusen kroner.<\/p>\n<p>Runar Abrahamsen startet organisasjonen \u00abOmvendt julenisse\u00bb for over 14 \u00e5r siden. Han sier han ser flere dyrere \u00f8nsker n\u00e5 enn f\u00f8r.<\/p>\n<p>    <img alt=\"Bildet viser en person st\u00e5ende ved en julestr\u00f8mpe fylt med gaver i en butikk. Personen holder et kort mens de st\u00e5r n\u00e6r et juletre med lys. Juletreet har flere kort hengende fra grenene som presenterer julegaveideer. Bakgrunnen viser en innredet butikk med kl\u00e6r og belysning. (Bildebeskrivelsen er laget av en KI-tjeneste)\"  loading=\"lazy\"\/><img alt=\"En person holder en pent innpakket gave med gullb\u00e5nd, foran et juletre i en butikk. Juletreet er dekorert med lys og kort. I bakgrunnen sees andre kunder og deler av butikkens interi\u00f8r. Gaven har en etikett som indikerer at den er en del av en julegaveinnsamling. (Bildebeskrivelsen er laget av en KI-tjeneste)\"  loading=\"lazy\"\/><\/p>\n<p>Runar Abrahamsen startet organisasjonen &raquo; Omvendt julenisse&raquo; for 14 \u00e5r siden.<\/p>\n<p>H\u00e5kon Lie\/ NRK<\/p>\n<p><strong>\u2013 Vi har f\u00e5tt inn s\u00f8knader p\u00e5 PlayStation 5, den nyeste iPhonen og den siste utgaven av iPad. Da m\u00e5 vi ringe familien og fortelle dem at det klarer vi ikke \u00e5 oppfylle.<\/strong><\/p>\n<p>Han sier de ser en endring i alle s\u00f8knadene som kommer inn.<\/p>\n<p>\u2013 Familiene m\u00e5 jo skrive en god forklaring p\u00e5 hvorfor de s\u00f8ker hjelp hos oss. Da st\u00e5r det veldig ofte at dette handler om at barna eller de unge skal passe inn i vennegjengen, sier han.<\/p>\n<p>Handler om tilh\u00f8righet<\/p>\n<p>Siri L\u00f8ite har ledet \u00d8nsketreet i Porsgrunn de siste fem \u00e5rene. Hun kan ogs\u00e5 bekrefte at de f\u00e5r inn \u00f8nsker av den dyrere sorten.<\/p>\n<p>    <img class=\"dhtb__img--YLLyL\" alt=\"en person i svart jakke (Bildebeskrivelsen er laget av en KI-tjeneste)\" loading=\"lazy\" fetchpriority=\"auto\" style=\"--_horizontal-object-position: max(100%, min(0px, calc(0.50 * 100% - 0.50 * 100vw + 50vw))) max(100%, min(0px, calc(0.50 * 100% - 0.50 * 100vh + 50vh))); --_vertical-object-position: max(100%, min(0px, calc(0.50 * 100% - 0.50 * 100vw + 50vw))) max(100%, min(0px, calc(0.50 * 100% - 0.50 * 100vh + 50vh)));\" \/><\/p>\n<p>Ansvarlig for &laquo;\u00d8nsketreet&raquo; i Porsgrunn, Siri L\u00f8ite bekrefter at ogs\u00e5 de f\u00e5r inn dyre julegave\u00f8nsker.<\/p>\n<p>Foto: H\u00e5kon Lie \/ NRK<\/p>\n<p>Ansvarlig for &laquo;\u00d8nsketreet&raquo; i Porsgrunn, Siri L\u00f8ite bekrefter at ogs\u00e5 de f\u00e5r inn dyre julegave\u00f8nsker.<\/p>\n<p> Foto: H\u00e5kon Lie \/ NRK<\/p>\n<p>\u2013 Vi f\u00e5r jo noen innimellom som vil ha jakker som koster 8000 til 10.000 kroner. Dem fjerner vi merket p\u00e5, og setter ned til en vanlig vinterjakke, som er god. Vi er opptatt av b\u00e6rekraft, og det skal v\u00e6re kvalitetsvarer de f\u00e5r.<\/p>\n<p>Anita Borch er trendforsker ved Forbruksforskningsinstituttet SIFO, Oslo Met.<\/p>\n<ul class=\"dhpg__gallery__list\">\n<li class=\"dhpg__gallery__listItem\"><img alt=\"Anita Brioch, SIFO\"  width=\"2400\" height=\"2400\" loading=\"lazy\"\/>Anita Borch\n<ul>\n<li>Trendforsker\u00a0ved Forbruksforskningsinstituttet SIFO, Oslo Met<\/li>\n<\/ul>\n<\/li>\n<\/ul>\n<p><strong>\u2013 V\u00e5re studier viser at barn og unge \u00f8nsker seg ting fordi de vil passe inn blant de andre som ogs\u00e5 har tilsvarende ting. Det vi ogs\u00e5 vet, er at det \u00e5 ha fine ting eller dyre kl\u00e6r, bare er \u00e9n av mange ting som gj\u00f8r at de passer inn.<\/strong><\/p>\n<p>Hun sier at \u00e5 v\u00e6re god i sport, ha en fin personlighet, og v\u00e6re snill ogs\u00e5 spiller en stor rolle i det \u00e5 ikke f\u00f8le p\u00e5 utenforskap.<\/p>\n<p>\u2013 Det er ikke garantert at hvis de f\u00e5r seg en fin jakke eller en dyr genser, at de likevel f\u00e5r innpass. Dette handler ogs\u00e5 om \u00e5 f\u00e5 gaver de kan snakke om med jevnaldrende, sier Borch.<\/p>\n<p>\u2013 Men er det s\u00e5 rart at en 13-\u00e5ring \u00f8nsker seg det samme som jenter p\u00e5 sin egen alder?<\/p>\n<p>\u2013 Nei, det er ikke rart i det hele tatt. Om de f\u00e5r den dyre gaven er jo det et synlig bevis p\u00e5 at de passer inn.<\/p>\n<p>Dette er Omvendt julenisse<\/p>\n<ul>\n<li>I oktober 2012 startet Runar Abrahamsen, i samarbeid med Thor Johan Andersen, Egil Holte, Emil S\u00f8lyst og Hanne H\u00e5konsen &#8211; et prosjekt som fikk navnet Omvendt Julenisse.<\/li>\n<li>I l\u00f8pet av denne tiden har folk engasjert seg positivt og Omvendt Julenisse er i dag et samfunn av hjelpere.<\/li>\n<li>Omvendt Julenisse er en organisasjon som jobber for \u00e5 gi vanskeligstilte barnefamilier en hyggelig jul \u00e5 se fram mot uansett situasjon.<\/li>\n<\/ul>\n<p>Kilde: Omvendt julenisse<\/p>\n<p>H\u00e5rstrikk og ullsokker<\/p>\n<p>Jula 2025 st\u00e5r snart for d\u00f8ren for Runar Abrahamsen og hjelperne hans i \u00abOmvendt julenisse\u00bb.<\/p>\n<p>Han er opptatt av at alle skal f\u00e5 en fin og varm jul, og at det ikke er gavene det skal st\u00e5 p\u00e5.<\/p>\n<p>    <img class=\"dhtb__img--YLLyL\" alt=\"En mann som st\u00e5r ved et juletre\" loading=\"lazy\" fetchpriority=\"auto\" style=\"--_horizontal-object-position: max(100%, min(0px, calc(0.50 * 100% - 0.50 * 100vw + 50vw))) max(100%, min(0px, calc(0.50 * 100% - 0.50 * 100vh + 50vh))); --_vertical-object-position: max(100%, min(0px, calc(0.50 * 100% - 0.50 * 100vw + 50vw))) max(100%, min(0px, calc(0.50 * 100% - 0.50 * 100vh + 50vh)));\" \/><\/p>\n<p>Runar Abrahamsen i &raquo; Omvendt julenisse&raquo; h\u00e5per alle g\u00e5r en varm og fin jul i m\u00f8te.<\/p>\n<p>Foto: H\u00e5kon Lie \/ NRK<\/p>\n<p>Runar Abrahamsen i &raquo; Omvendt julenisse&raquo; h\u00e5per alle g\u00e5r en varm og fin jul i m\u00f8te.<\/p>\n<p> Foto: H\u00e5kon Lie \/ NRK<\/p>\n<p><strong>\u2013 P\u00e5 \u00f8nsketreet v\u00e5rt kan det henge alt fra h\u00e5rstrikk, ullsokker, ullt\u00f8y, puslespill til familiespill. Har du 15 kroner til overs, og har lyst til \u00e5 donere en h\u00e5rstrikk, s\u00e5 er det ting som hjelper oss.<\/strong><\/p>\n<p>Og om du har en feitere lommebok, skal ikke Abrahamsen hindre deg i \u00e5 bidra.<\/p>\n<p>\u2013 Har du mulighet til \u00e5 kj\u00f8pe en dyrere gave, som du f\u00f8ler ikke skal \u00f8delegge lommeboka di, s\u00e5 er du hjertelig velkommen til \u00e5 v\u00e6re med.<\/p>\n<p>    Hei<\/p>\n<p>Takk for at du leser. Har du tips eller innspill\u00a0til saken\u00a0eller andre ting vi\u00a0b\u00f8r skrive\u00a0om? Send meg gjerne en e-post!<\/p>\n<p>Tidligere har jeg blant annet\u00a0skrevet\u00a0disse sakene:<\/p>\n<p>Publisert<\/p>\n<p>19.12.2025, kl. 13.29<\/p>\n<p>Oppdatert<\/p>\n<p>19.12.2025, kl. 15.36<\/p>\n","protected":false},"excerpt":{"rendered":"Saken oppsummert: Stadig flere dyre julegave\u00f8nsker, som iPhone og PlayStation5, henger p\u00e5 \u00f8nsketr\u00e6r over hele landet. R\u00f8de Kors&hellip;\n","protected":false},"author":2,"featured_media":117563,"comment_status":"","ping_status":"","sticky":false,"template":"","format":"standard","meta":{"footnotes":""},"categories":[5],"tags":[20,21,24,25,15,19,22,23,17,18,13,30,28,29,14,16,26,27],"class_list":{"0":"post-117562","1":"post","2":"type-post","3":"status-publish","4":"format-standard","5":"has-post-thumbnail","7":"category-overskrifter","8":"tag-breaking-news","9":"tag-breakingnews","10":"tag-featured-news","11":"tag-featurednews","12":"tag-headlines","13":"tag-hovedoppslag","14":"tag-latest-news","15":"tag-latestnews","16":"tag-main-news","17":"tag-mainnews","18":"tag-news","19":"tag-no","20":"tag-norge","21":"tag-norway","22":"tag-nyheter","23":"tag-overskrifter","24":"tag-top-stories","25":"tag-topstories"},"share_on_mastodon":{"url":"https:\/\/pubeurope.com\/@no\/115747081622042995","error":""},"_links":{"self":[{"href":"https:\/\/www.europesays.com\/no\/wp-json\/wp\/v2\/posts\/117562","targetHints":{"allow":["GET"]}}],"collection":[{"href":"https:\/\/www.europesays.com\/no\/wp-json\/wp\/v2\/posts"}],"about":[{"href":"https:\/\/www.europesays.com\/no\/wp-json\/wp\/v2\/types\/post"}],"author":[{"embeddable":true,"href":"https:\/\/www.europesays.com\/no\/wp-json\/wp\/v2\/users\/2"}],"replies":[{"embeddable":true,"href":"https:\/\/www.europesays.com\/no\/wp-json\/wp\/v2\/comments?post=117562"}],"version-history":[{"count":0,"href":"https:\/\/www.europesays.com\/no\/wp-json\/wp\/v2\/posts\/117562\/revisions"}],"wp:featuredmedia":[{"embeddable":true,"href":"https:\/\/www.europesays.com\/no\/wp-json\/wp\/v2\/media\/117563"}],"wp:attachment":[{"href":"https:\/\/www.europesays.com\/no\/wp-json\/wp\/v2\/media?parent=117562"}],"wp:term":[{"taxonomy":"category","embeddable":true,"href":"https:\/\/www.europesays.com\/no\/wp-json\/wp\/v2\/categories?post=117562"},{"taxonomy":"post_tag","embeddable":true,"href":"https:\/\/www.europesays.com\/no\/wp-json\/wp\/v2\/tags?post=117562"}],"curies":[{"name":"wp","href":"https:\/\/api.w.org\/{rel}","templated":true}]}}