{"id":117566,"date":"2025-12-19T16:07:27","date_gmt":"2025-12-19T16:07:27","guid":{"rendered":"https:\/\/www.europesays.com\/no\/117566\/"},"modified":"2025-12-19T16:07:27","modified_gmt":"2025-12-19T16:07:27","slug":"integrated-wind-solutions-vil-blase-utbytter-over-aksjonaerene","status":"publish","type":"post","link":"https:\/\/www.europesays.com\/no\/117566\/","title":{"rendered":"Integrated Wind Solutions vil bl\u00e5se utbytter over aksjon\u00e6rene"},"content":{"rendered":"<p><a href=\"https:\/\/www.finansavisen.no\/energi\/2025\/11\/25\/8309683\/ny-resultatrekord-for-havvindselskap\" target=\"_blank\" rel=\"nofollow noopener\">Etter tredje kvartal uttalte konsernsjef Lars Henrik R\u00f8ren <\/a>i Integrated Wind Solutions (IWS) at selskapet vil generere betydelig kontantstr\u00f8m fremover.<\/p>\n<p>Bakgrunnen er at det er ferdig med alle nybyggingsinvesteringer og har alle fart\u00f8yene i arbeid.<\/p>\n<p>N\u00e5 varsler han at det skal dryppe p\u00e5 aksjon\u00e6rene. Hvert kvartal.<\/p>\n<p><b>\u2013 Den f\u00f8rste distribusjonen planlegges for f\u00f8rste kvartal neste \u00e5r. Styret vil endelig beslutte hvordan distribusjonen skal skje, og hvilken st\u00f8rrelse det vil v\u00e6re, sier konsernsjefen.<\/b><\/p>\n<p>Noe av bakgrunnen til at det skal distribueres kapital til eierne er ogs\u00e5 at IWS har inng\u00e5tt en avtale om en st\u00f8rre og forbedret l\u00e5nepakke.<\/p>\n<p>Selskapet har f\u00e5tt utvidet en sikret l\u00e5nefasilitet fra 166,3 millioner euro til 208,5 millioner euro, inkludert en kredittfasilitet p\u00e5 20 millioner euro.<\/p>\n<p><b>\u2013 Dette skjer som en f\u00f8lge av at vi n\u00e5 har g\u00e5tt inn i en utelukkende operasjonell fase, og at fasen med bygging av v\u00e5re f\u00f8rste seks Skywalker-konstruksjonsskip er tilbakelagt, sier R\u00f8ren.<\/b><\/p>\n<p>\u2013 Jeg vil si at vi har g\u00e5tt fra \u00e5 ha hatt et meget godt forhold til v\u00e5rt bankkonsortium, til at det n\u00e5 er blitt enda bedre, legger han til.<\/p>\n<p class=\"subhead\" data-element-type=\"subhead\" data-element-label=\"Mellomtittel\">Ordrebok for 2028<\/p>\n<p><b>I tillegg til forbedret l\u00e5nepakke og utbyttevarsel, meldte IWS fredag at det har f\u00e5tt en to\u00e5rig forlengelse p\u00e5 en \u00abeksisterende strategisk avtale\u00bb i Europa. Flere av fart\u00f8yene vil bli benyttet i kontrakten.<\/b><\/p>\n<p>\u2013 Vi bygger allerede f\u00f8rste backlog for 2028 som en del av dette. Det viser hvor sterkt forhold vi har til denne kunden, sier R\u00f8ren.<\/p>\n<p>Med avtalen sikrer IWS seg oppdrag i 600 dager i 2028 og 180 dager i 2029. I tillegg kommer mulighet for forlengelse frem til 2032. Avtalen \u00e5pner ogs\u00e5 for muligheter til \u00e5 delta i prosjekter i hele Asia-Stillehavsregionen.<\/p>\n<p><b>Den nye avtalen vil \u00f8ke ordrereserven med rundt 36 millioner euro, inkludert en eventuell forlengelse. Det tilsvarer en \u00f8kning i ordrereserven p\u00e5 36 prosent sammenlignet med utgangen av tredje kvartal.<\/b><\/p>\n<p>\u2013 Vi har tidligere formidlet at 2026 for alle praktiske form\u00e5l er utsolgt, og vi har annonsert betydelig med arbeid for 2027. N\u00e5 skaper vi alts\u00e5 allerede betydelig visibilitet for 2028, og for s\u00e5 vidt ogs\u00e5 mer komfort deretter.<\/p>\n<p>IWS er notert p\u00e5 Oslo B\u00f8rs. Aksjen steg 2,6 prosent til 46,60 kroner fredag. Det priser egenkapitalen til 1,86 milliarder kroner. Hittil i \u00e5r er imidlertid IWS-aksjen ned et par prosent.<\/p>\n","protected":false},"excerpt":{"rendered":"Etter tredje kvartal uttalte konsernsjef Lars Henrik R\u00f8ren i Integrated Wind Solutions (IWS) at selskapet vil generere betydelig&hellip;\n","protected":false},"author":2,"featured_media":117567,"comment_status":"","ping_status":"","sticky":false,"template":"","format":"standard","meta":{"footnotes":""},"categories":[56],"tags":[60,61,62,30,28,29],"class_list":{"0":"post-117566","1":"post","2":"type-post","3":"status-publish","4":"format-standard","5":"has-post-thumbnail","7":"category-naeringsliv","8":"tag-business","9":"tag-economy","10":"tag-naeringsliv","11":"tag-no","12":"tag-norge","13":"tag-norway"},"share_on_mastodon":{"url":"https:\/\/pubeurope.com\/@no\/115747097414544498","error":""},"_links":{"self":[{"href":"https:\/\/www.europesays.com\/no\/wp-json\/wp\/v2\/posts\/117566","targetHints":{"allow":["GET"]}}],"collection":[{"href":"https:\/\/www.europesays.com\/no\/wp-json\/wp\/v2\/posts"}],"about":[{"href":"https:\/\/www.europesays.com\/no\/wp-json\/wp\/v2\/types\/post"}],"author":[{"embeddable":true,"href":"https:\/\/www.europesays.com\/no\/wp-json\/wp\/v2\/users\/2"}],"replies":[{"embeddable":true,"href":"https:\/\/www.europesays.com\/no\/wp-json\/wp\/v2\/comments?post=117566"}],"version-history":[{"count":0,"href":"https:\/\/www.europesays.com\/no\/wp-json\/wp\/v2\/posts\/117566\/revisions"}],"wp:featuredmedia":[{"embeddable":true,"href":"https:\/\/www.europesays.com\/no\/wp-json\/wp\/v2\/media\/117567"}],"wp:attachment":[{"href":"https:\/\/www.europesays.com\/no\/wp-json\/wp\/v2\/media?parent=117566"}],"wp:term":[{"taxonomy":"category","embeddable":true,"href":"https:\/\/www.europesays.com\/no\/wp-json\/wp\/v2\/categories?post=117566"},{"taxonomy":"post_tag","embeddable":true,"href":"https:\/\/www.europesays.com\/no\/wp-json\/wp\/v2\/tags?post=117566"}],"curies":[{"name":"wp","href":"https:\/\/api.w.org\/{rel}","templated":true}]}}