{"id":117568,"date":"2025-12-19T16:08:16","date_gmt":"2025-12-19T16:08:16","guid":{"rendered":"https:\/\/www.europesays.com\/no\/117568\/"},"modified":"2025-12-19T16:08:16","modified_gmt":"2025-12-19T16:08:16","slug":"stores-privatflybruk-tok-av-i-2025","status":"publish","type":"post","link":"https:\/\/www.europesays.com\/no\/117568\/","title":{"rendered":"St\u00f8res privatflybruk tok av i 2025"},"content":{"rendered":"<p>    Av de 11,4 millioner kronene statsminister Jonas Gahr St\u00f8re har brukt p\u00e5 privatfly siden 2021, er 43 prosent brukt i \u00e5r.<\/p>\n<p>\n        Statsminister Jonas Gahr St\u00f8re har i \u00e5r tatt ti reiser med privatfly.<br \/>\n        Ole Berg-Rusten \/ NTB\n    <\/p>\n<p class=\"kicker t29 tertiary color_mobile_tertiary\" style=\"\">Innenriks<\/p>\n<p>\nSiden november 2021 har regjeringen brukt over 17 millioner kroner p\u00e5 privatfly. Statsministeren alene st\u00e5r for 11,4 millioner kroner, mens Utenriksdepartementet har brukt 6,1 millioner fram til august i \u00e5r, skriver <a href=\"https:\/\/e24.no\/naeringsliv\/i\/8pwzoE\/stoeres-privatflybruk-skjoet-til-vaers-i-2025\" target=\"_blank\" rel=\"nofollow noopener\">E24. <\/a><\/p>\n<p>I \u00e5r har St\u00f8re tatt ti reiser med privatfly, til en kostnad p\u00e5 nesten 5 millioner kroner. Det er mer enn dobbelt s\u00e5 mange som i fjor. Da det ble fire turer.<\/p>\n<p>\u2013 Som hovedregel flyr statsministeren rutefly n\u00e5r han skal reise, skriver kommunikasjonssjef Ann Kristin Hjukse ved Statsministerens kontor i en epost til E24.<\/p>\n<p>Hun opplyser at leiefly bare brukes i s\u00e6rlige tilfeller n\u00e5r det er n\u00f8dvendig av sikkerhetsmessige grunner, eller n\u00e5r tidsbruk og effektivitet tilsier det.<\/p>\n<p>\u2013 Det har v\u00e6rt flere slike reiser dette \u00e5ret som f\u00f8lge av oppf\u00f8lging av den sikkerhetspolitiske situasjonen, blant annet til m\u00f8ter for statsledere og regjeringssjefer i Polen, Egypt og Albania, skriver Hjukse.<\/p>\n<p>Den siste turen gikk 4. desember til Storbritannia for m\u00f8te med statsminister Keir Starmer og bes\u00f8k ved den skotske milit\u00e6rbasen Lossiemouth. Turen kostet 401.980 kroner.<\/p>\n<p>En ny rammeavtale for leiefly har nettopp tr\u00e5dt i kraft, med en maksimal ramme p\u00e5 24 millioner kroner over fire \u00e5r.<\/p>\n","protected":false},"excerpt":{"rendered":"Av de 11,4 millioner kronene statsminister Jonas Gahr St\u00f8re har brukt p\u00e5 privatfly siden 2021, er 43 prosent&hellip;\n","protected":false},"author":2,"featured_media":117569,"comment_status":"","ping_status":"","sticky":false,"template":"","format":"standard","meta":{"footnotes":""},"categories":[12],"tags":[20,21,24,25,15,22,23,13,30,28,29,14,16,26,27,42,43,44,45],"class_list":{"0":"post-117568","1":"post","2":"type-post","3":"status-publish","4":"format-standard","5":"has-post-thumbnail","7":"category-verden","8":"tag-breaking-news","9":"tag-breakingnews","10":"tag-featured-news","11":"tag-featurednews","12":"tag-headlines","13":"tag-latest-news","14":"tag-latestnews","15":"tag-news","16":"tag-no","17":"tag-norge","18":"tag-norway","19":"tag-nyheter","20":"tag-overskrifter","21":"tag-top-stories","22":"tag-topstories","23":"tag-verden","24":"tag-world","25":"tag-world-news","26":"tag-worldnews"},"share_on_mastodon":{"url":"https:\/\/pubeurope.com\/@no\/115747101460063413","error":""},"_links":{"self":[{"href":"https:\/\/www.europesays.com\/no\/wp-json\/wp\/v2\/posts\/117568","targetHints":{"allow":["GET"]}}],"collection":[{"href":"https:\/\/www.europesays.com\/no\/wp-json\/wp\/v2\/posts"}],"about":[{"href":"https:\/\/www.europesays.com\/no\/wp-json\/wp\/v2\/types\/post"}],"author":[{"embeddable":true,"href":"https:\/\/www.europesays.com\/no\/wp-json\/wp\/v2\/users\/2"}],"replies":[{"embeddable":true,"href":"https:\/\/www.europesays.com\/no\/wp-json\/wp\/v2\/comments?post=117568"}],"version-history":[{"count":0,"href":"https:\/\/www.europesays.com\/no\/wp-json\/wp\/v2\/posts\/117568\/revisions"}],"wp:featuredmedia":[{"embeddable":true,"href":"https:\/\/www.europesays.com\/no\/wp-json\/wp\/v2\/media\/117569"}],"wp:attachment":[{"href":"https:\/\/www.europesays.com\/no\/wp-json\/wp\/v2\/media?parent=117568"}],"wp:term":[{"taxonomy":"category","embeddable":true,"href":"https:\/\/www.europesays.com\/no\/wp-json\/wp\/v2\/categories?post=117568"},{"taxonomy":"post_tag","embeddable":true,"href":"https:\/\/www.europesays.com\/no\/wp-json\/wp\/v2\/tags?post=117568"}],"curies":[{"name":"wp","href":"https:\/\/api.w.org\/{rel}","templated":true}]}}