{"id":117570,"date":"2025-12-19T16:09:17","date_gmt":"2025-12-19T16:09:17","guid":{"rendered":"https:\/\/www.europesays.com\/no\/117570\/"},"modified":"2025-12-19T16:09:17","modified_gmt":"2025-12-19T16:09:17","slug":"kommentar-nekrolog-arthur-arntzen","status":"publish","type":"post","link":"https:\/\/www.europesays.com\/no\/117570\/","title":{"rendered":"Kommentar: Nekrolog: Arthur Arntzen"},"content":{"rendered":"\n<p class=\"_paragraph_o9xde_4 _paragraph_xtcu6_10 layout-component text-serif-m layout-normal text-serif-m layout-padded\">Sjelden har et d\u00f8dsfall utl\u00f8st st\u00f8rre latterkuler. Men n\u00e5r vi n\u00e5 minnes <a href=\"https:\/\/www.vg.no\/rampelys\/i\/kaRgBa\/arthur-arntzen-med-ny-bok\" data-track-element-type=\"Link\" data-track-id=\"link:kaRgBa\" class=\"_link_o9xde_39\" rel=\"nofollow noopener\" target=\"_blank\">den ford\u00f8mte nordlendingen,<\/a> er det med flirfull takknemlighet for hans berikende bidrag til sinnets munterhet.<\/p>\n<p class=\"_paragraph_o9xde_4 _paragraph_xtcu6_10 layout-component text-serif-m layout-normal text-serif-m layout-padded\">For mange er Arthur Arntzen evig forbundet med Oluf. Eller \u00abgamlingen\u00bb, som Arthur selv kalte ham.<\/p>\n<p class=\"_paragraph_o9xde_4 _paragraph_xtcu6_10 layout-component text-serif-m layout-normal text-serif-m layout-padded\">En av de store misforst\u00e5elser i norsk popul\u00e6rkultur er Oluf som Arthur Arntzens alter ego.<\/p>\n<p class=\"_paragraph_o9xde_4 _paragraph_xtcu6_10 layout-component text-serif-m layout-normal text-serif-m layout-padded\">Vel var de to s\u00e5pass uatskillelige at opphavsmannen fors\u00f8kte \u00e5 ta livet av ham langt flere ganger enn VG fors\u00f8kte \u00e5 avlive Arthur Arntzen.<\/p>\n<p class=\"_paragraph_o9xde_4 _paragraph_xtcu6_10 layout-component text-serif-m layout-normal layout-padded\"><strong class=\"_strong_o9xde_25\">Les ogs\u00e5:<\/strong> <a href=\"https:\/\/www.vg.no\/i\/16nnPM\" data-track-element-type=\"Link\" data-track-id=\"link:16nnPM\" class=\"_link_o9xde_39\" rel=\"nofollow noopener\" target=\"_blank\">Arthur \u00abOluf\u00bb Arntzen er d\u00f8d<\/a><\/p>\n<p class=\"_paragraph_o9xde_4 _paragraph_xtcu6_10 layout-component text-serif-m layout-normal text-serif-m layout-padded\">Ved en inkurie meldte VG hans d\u00f8dsfall i 2021. Da avisen beklaget feiltagelsen var responsen fra \u00abavd\u00f8de\u00bb umiskjennelig Arntzensk:<\/p>\n<p class=\"_paragraph_o9xde_4 _paragraph_xtcu6_10 layout-component text-serif-m layout-normal text-serif-m layout-padded\">\u2013 VG har beklaga at \u00e6 ikkje e dau!<\/p>\n<p><img alt=\"\u2013 VG HAR BEKLAGA AT \u00c6 IKKJE E DAU !!  Foto: Terje Mortensen \/ VG\" class=\"_image_qp4xg_65 layout-component layout-normal\" data-fullscreen- data-track-element-type=\"Article image fullscreen\" data-track-name=\"ImageFullscreen\" decoding=\"async\" loading=\"lazy\" height=\"2028\" itemprop=\"image\"  src=\"https:\/\/www.europesays.com\/no\/wp-content\/uploads\/2025\/12\/69e64150-9377-4565-bd9e-9bdb0169f956\"  style=\"object-position:0% 0%\" width=\"1425\"\/>\u2013 VG HAR BEKLAGA AT \u00c6 IKKJE E DAU !!  Foto: Terje Mortensen \/ VG<\/p>\n<p class=\"_paragraph_o9xde_4 _paragraph_xtcu6_10 layout-component text-serif-m layout-normal text-serif-m layout-padded\">Men karakteren Oluf og Arthur Arntzens karakter var det som i dag kalles ikke-kompatible.<\/p>\n<p class=\"_paragraph_o9xde_4 _paragraph_xtcu6_10 layout-component text-serif-m layout-normal text-serif-m layout-padded\">Den drikkfeldige d\u00f8genikten Oluf var arbeidsjernet og avholdsmannen Arthur Arntzens rake motsetning. <\/p>\n<p class=\"_paragraph_o9xde_4 _paragraph_xtcu6_10 layout-component text-serif-m layout-normal text-serif-m layout-padded\">I likhet med Bj\u00f8rn Sands \u00abStutum\u00bb-figur, ble Oluf mediet Arthur Arntzen kunne bruke til \u00e5 karikere folkelige vrangforestillinger ved \u00e5 bl\u00e5se dem opp til det latterlige.<\/p>\n<p class=\"_paragraph_o9xde_4 _paragraph_xtcu6_10 layout-component text-serif-m layout-normal text-serif-m layout-padded\">Og i likhet med Bj\u00f8rn Sand m\u00f8tte Arthur Arntzen kritikk fra hold som tok karikaturen bokstavelig.<\/p>\n<p class=\"_paragraph_o9xde_4 _paragraph_xtcu6_10 layout-component text-serif-m layout-normal text-serif-m layout-padded\">Det betyr slett ikke at Arthur Arntzens humor manglet et underliggende alvor. Tvert imot var det seri\u00f8se, ofte dypt alvorlige underlaget, selve fundamentet for det han holdt p\u00e5 med.<\/p>\n<p class=\"_paragraph_o9xde_4 _paragraph_xtcu6_10 layout-component text-serif-m layout-normal text-serif-m layout-padded\">Oluf-skikkelsen oppsto som en revyfigur i ungdomslaget Freidig i Tromsdalen, der ten\u00e5ringen Arthur baserte karakteren p\u00e5 opplevelser han selv hadde hatt som dreng p\u00e5 en g\u00e5rd i Balsfjord. <\/p>\n<p class=\"_paragraph_o9xde_4 _paragraph_xtcu6_10 layout-component text-serif-m layout-normal text-serif-m layout-padded\">I tillegg satt han mang en kveld p\u00e5 Nattkafeen i Troms\u00f8 og lyttet til lokale fortellerstemmer, den ene mer kreativ enn den andre.<\/p>\n<p><img alt=\"TOSPANN: Tore Skoglund ble Olufs nye makker etter H\u00e5kon Karlsen.  Foto: Jon Eeg \/ NTB\" class=\"_image_qp4xg_65 layout-component layout-normal\" data-fullscreen- data-track-element-type=\"Article image fullscreen\" data-track-name=\"ImageFullscreen\" decoding=\"async\" loading=\"lazy\" height=\"3232\" itemprop=\"image\"  src=\"https:\/\/www.europesays.com\/no\/wp-content\/uploads\/2025\/12\/454cd173-e70f-4a57-b146-0d7564fad564\"  style=\"object-position:0% 0%\" width=\"4866\"\/>TOSPANN: Tore Skoglund ble Olufs nye makker etter H\u00e5kon Karlsen.  Foto: Jon Eeg \/ NTB<\/p>\n<p class=\"_paragraph_o9xde_4 _paragraph_xtcu6_10 layout-component text-serif-m layout-normal text-serif-m layout-padded\">I 1964 fikk Oluf selskap av \u00abhan Karlsen\u00bb, dav\u00e6rende distriktssjef i NRK Troms, H\u00e5kon Karlsen, og i 15 \u00e5r opptr\u00e5dte duoen p\u00e5 scener over hele landet, samt i radio og TV. Plater og b\u00f8ker ble det ogs\u00e5. <\/p>\n<p class=\"_paragraph_o9xde_4 _paragraph_xtcu6_10 layout-component text-serif-m layout-normal text-serif-m layout-padded\">P\u00e5 1980-tallet ble Tore Skoglund hans nye makker, gjerne ogs\u00e5 sammen med Asle Myrvoll i rollen som Olufs mindre begavede s\u00f8nn, Lars. Storseilet Emma, Olufs drakoniske hustru, s\u00e5 vi aldri fysisk. Men hun var desto mer til stede i det verbale universet kjent som Raillkattlia.<\/p>\n<p class=\"_paragraph_o9xde_4 _paragraph_xtcu6_10 layout-component text-serif-m layout-normal text-serif-m layout-padded\">Ved siste \u00e5rtusenskifte k\u00e5ret NRK Nitimes lyttere Arthur Arntzen til \u00e5rhundrets morsomste nordmann. En soleklar seier foran revykongen Leif Juster og den munnrappe trubaduren \u00d8ystein Sunde.<\/p>\n<p><img alt=\"TAKK OG PRIS: Som flirosof ble Arthur Arntzen i 1997 tildelt Folkehelseprisen.  Foto: Jon Eeg \/ NTB\" class=\"_image_qp4xg_65 layout-component layout-normal\" data-fullscreen- data-track-element-type=\"Article image fullscreen\" data-track-name=\"ImageFullscreen\" decoding=\"async\" loading=\"lazy\" height=\"2000\" itemprop=\"image\"  src=\"https:\/\/www.europesays.com\/no\/wp-content\/uploads\/2025\/12\/549b2133-a433-4dbe-b7b2-b6b359d25be6\"  style=\"object-position:0% 0%\" width=\"1276\"\/>TAKK OG PRIS: Som flirosof ble Arthur Arntzen i 1997 tildelt Folkehelseprisen.  Foto: Jon Eeg \/ NTB<\/p>\n<p class=\"_paragraph_o9xde_4 _paragraph_xtcu6_10 layout-component text-serif-m layout-normal text-serif-m layout-padded\">Etter at Olufs adelsmerke, skinnlua, var lagt vekk, og \u00abgamlingen\u00bb endelig pensjonert, fortsatte Arthur Arntzen sitt virke som flirosof \u2013 en nyopprettet akademisk stilling i flirologi ved Universitetet i Troms\u00f8, spesialsydd for den nordnorske humoristen.<\/p>\n<p class=\"_paragraph_o9xde_4 _paragraph_xtcu6_10 layout-component text-serif-m layout-normal text-serif-m layout-padded\">Han var mannen med knapt fullf\u00f8rt folkeskole som ble professor, og som fortsatte \u00e5 bruke folkelige vendinger i akademias tjeneste. <\/p>\n<p class=\"_paragraph_o9xde_4 _paragraph_xtcu6_10 layout-component text-serif-m layout-normal text-serif-m layout-padded\">Dermed oppsto forelesningsrekken \u00abDet latterlige alvor\u00bb, en fargerik bel\u00e6ring om humorens betydning i hverdagslivet generelt og for ham spesielt.<\/p>\n<p class=\"_paragraph_o9xde_4 _paragraph_xtcu6_10 layout-component text-serif-m layout-normal text-serif-m layout-padded\">Selv om noen akademikere, som vanlig, mente Arthur Arntzens lek med nordnorsk mytologi grenset til det selvh\u00f8ytidelige, tok han folket med storm. Som vanlig.<\/p>\n<p class=\"_paragraph_o9xde_4 _paragraph_xtcu6_10 layout-component text-serif-m layout-normal text-serif-m layout-padded\">Beveget fortalte han om foreldrene, om faren som m\u00f8tte sin mer enn alminnelig tilm\u00e5lte motgang med taushet og bitterhet, og om moren, som hadde den stikk motsatte tiln\u00e6rming til livet: <\/p>\n<p class=\"_paragraph_o9xde_4 _paragraph_xtcu6_10 layout-component text-serif-m layout-normal text-serif-m layout-padded\">\u00abN\u00e5r alt var som j\u00e6vligst for ho mamma, og det ikkje kunne bli stort verre, ja da satte ho s\u00e6 ned, kj\u00e6rringa, og flirte s\u00e5 ho pessa s\u00e6 ut &#8230;\u00bb<\/p>\n<p class=\"_paragraph_o9xde_4 _paragraph_xtcu6_10 layout-component text-serif-m layout-normal text-serif-m layout-padded\">Det m\u00e5 ha v\u00e6rt Arthur Arntzen han hadde inni skolten sin, han Hamsun, da han skrev om det \u00abforunderlige nordlandsspr\u00e5k \u2013 ravgalt indtil kunst\u00bb.<\/p>\n<p><img decoding=\"async\" alt=\"Bilde av Petter Wessel Zapffe (1899\u20131990)\" class=\"_image_ygndg_42\" height=\"47\" itemprop=\"image\" loading=\"lazy\"  src=\"https:\/\/www.europesays.com\/no\/wp-content\/uploads\/2025\/12\/fb637fb5-a53b-45f4-bead-574c027a9ef4\"  width=\"40\"\/><strong class=\"_name_ygndg_51 title-serif-xs\">Petter Wessel Zapffe (1899\u20131990)<\/strong><\/p>\n<p class=\"_paragraph_o9xde_4 _paragraph_xtcu6_10 layout-component text-serif-m layout-normal text-serif-m layout-padded\">Latteren har v\u00e6rt en forutsetning for \u00e5 klare seg nordp\u00e5, forklarte Arntzen. <\/p>\n<p class=\"_paragraph_o9xde_4 _paragraph_xtcu6_10 layout-component text-serif-m layout-normal text-serif-m layout-padded\">Her m\u00e5tte man ty til fliret f\u00f8r tungsinnet tok en, en ren og skj\u00e6r overlevelsesmekanisme og ikke fordi \u00abhumor er en trend i tiden\u00bb, som det het i et Dagblad-sitat som den tidligere Dagbladet-journalisten Arntzen gjerne viste til for \u00e5 eksemplifisere ulikhetene mellom ekte og konstruert vidd.<\/p>\n<p class=\"_paragraph_o9xde_4 _paragraph_xtcu6_10 layout-component text-serif-m layout-normal text-serif-m layout-padded\">Arthur Arntzen postulerte tesen om \u00ablatteren som gr\u00e5tens tvillingbror\u00bb, og brukte ofte eksempler fra Petter Wessel Zapffes testamente, den nordnorske humorbibelen \u00abVett og uvett\u00bb.<\/p>\n<p class=\"_paragraph_o9xde_4 _paragraph_xtcu6_10 layout-component text-serif-m layout-normal text-serif-m layout-padded\">Der Nord-Norges store filosof disputerte om det tragiske, tok Nord-Norges store flirosof utgangspunkt i det humoristiske. <\/p>\n<p class=\"_paragraph_o9xde_4 _paragraph_xtcu6_10 layout-component text-serif-m layout-normal text-serif-m layout-padded\">Konklusjonen var sammenfallende.<\/p>\n<p><img alt=\"DR\u00d8MTE OM \u00c5 BLI PREST: Arthur Arntzen i Elverh\u00f8y kirke i Troms.  Foto: Terje Mortensen \/ VG\" class=\"_image_qp4xg_65 layout-component layout-normal\" data-fullscreen- data-track-element-type=\"Article image fullscreen\" data-track-name=\"ImageFullscreen\" decoding=\"async\" loading=\"lazy\" height=\"2848\" itemprop=\"image\"  src=\"https:\/\/www.europesays.com\/no\/wp-content\/uploads\/2025\/12\/92332b9c-c5b7-413c-86fb-9718d5572525\"  style=\"object-position:0% 0%\" width=\"4288\"\/>DR\u00d8MTE OM \u00c5 BLI PREST: Arthur Arntzen i Elverh\u00f8y kirke i Troms.  Foto: Terje Mortensen \/ VG<\/p>\n<p class=\"_paragraph_o9xde_4 _paragraph_xtcu6_10 layout-component text-serif-m layout-normal text-serif-m layout-padded\">\u00abGl\u00f8gg og godslig og tindrende i sin mangel p\u00e5 boklig flinkhet navigerer han uforferdet blant malplasserte fremmedord og halvglemte bibelsteder og skadeskutte vendinger,\u00bb skrev Nils M. Knutsen i forordet til \u00abVett og uvett\u00bb. <\/p>\n<p class=\"_paragraph_o9xde_4 _paragraph_xtcu6_10 layout-component text-serif-m layout-normal text-serif-m layout-padded\">Den samme uttrykksfulle og herlig ukorrekte munterheten som ogs\u00e5 var grunnlaget for humoren hos Arthur Arntzen.<\/p>\n<p class=\"_paragraph_o9xde_4 _paragraph_xtcu6_10 layout-component text-serif-m layout-normal text-serif-m layout-padded\">Selv om Olufs vokabular kunne indikere noe annet, var Arthur Arntzen en religi\u00f8s mann med et avklart forhold til V\u00e5rherre. <\/p>\n<p class=\"_paragraph_o9xde_4 _paragraph_xtcu6_10 layout-component text-serif-m layout-normal text-serif-m layout-padded\">Ved siden av humoren var gudstroen det som holdt \u00abden ford\u00f8mte nordlendingen\u00bb i vater n\u00e5r livet r\u00f8ynet p\u00e5, mente han.<\/p>\n<p class=\"_paragraph_o9xde_4 _paragraph_xtcu6_10 layout-component text-serif-m layout-normal text-serif-m layout-padded\">S\u00e5 da forargede s\u00f8ringer hadde sett Oluf p\u00e5 TV og klaget spr\u00e5kbruken inn for Kringkastingsr\u00e5det, kunne Arntzen forklare at det nordnorske folkem\u00e5let er en legering av tro og b\u00f8nn i et hardt hverdagsliv: <\/p>\n<p class=\"_paragraph_o9xde_4 _paragraph_xtcu6_10 layout-component text-serif-m layout-normal text-serif-m layout-padded\">\u00abI st\u00e6rk motsetning tel relion, har bainnskap aildri starta kriga. Nei, d\u00e6m begyinne som regel med b\u00f8nn, men einde med bainnskap n\u00e5r ugjerninga e gjort. Ikkje det \u00e6 veit har bainnskap laga nokka st\u00f8rre baluba i byan og bygden v\u00e5res heiller, leks\u00e5 relion. \u00c6 e heilt enig med han Nikolaus n\u00e5r han p\u00e5st\u00e5r: \u2013 Det kan bli mykkje meir h\u00e6lvete av \u00e5 be einn \u00e5 bainnes.\u00bb<\/p>\n<p class=\"_paragraph_o9xde_4 _paragraph_xtcu6_10 layout-component text-serif-m layout-normal text-serif-m layout-padded\"><strong class=\"_strong_o9xde_25\">Amen, Arthur!<\/strong><\/p>\n<p class=\"_paragraph_o9xde_4 _paragraph_xtcu6_10 layout-component text-serif-m layout-normal text-serif-m layout-padded\">Arthur Arntzen ble 88 flirfulle \u00e5r.<\/p>\n<p>Les ogs\u00e5<br \/>\n   Dette er en kommentar. Kommentaren gir uttrykk for skribentens holdning. <\/p>\n","protected":false},"excerpt":{"rendered":"Sjelden har et d\u00f8dsfall utl\u00f8st st\u00f8rre latterkuler. Men n\u00e5r vi n\u00e5 minnes den ford\u00f8mte nordlendingen, er det med&hellip;\n","protected":false},"author":2,"featured_media":117571,"comment_status":"","ping_status":"","sticky":false,"template":"","format":"standard","meta":{"footnotes":""},"categories":[10],"tags":[14133,20,21,24,25,15,669,955,22,23,692,2332,13,30,28,29,14,16,26,27],"class_list":{"0":"post-117570","1":"post","2":"type-post","3":"status-publish","4":"format-standard","5":"has-post-thumbnail","7":"category-norge","8":"tag-arthur-arntzen","9":"tag-breaking-news","10":"tag-breakingnews","11":"tag-featured-news","12":"tag-featurednews","13":"tag-headlines","14":"tag-humor","15":"tag-kultur-og-underholdning","16":"tag-latest-news","17":"tag-latestnews","18":"tag-minneord","19":"tag-nekrolog","20":"tag-news","21":"tag-no","22":"tag-norge","23":"tag-norway","24":"tag-nyheter","25":"tag-overskrifter","26":"tag-top-stories","27":"tag-topstories"},"share_on_mastodon":{"url":"https:\/\/pubeurope.com\/@no\/115747105437999427","error":""},"_links":{"self":[{"href":"https:\/\/www.europesays.com\/no\/wp-json\/wp\/v2\/posts\/117570","targetHints":{"allow":["GET"]}}],"collection":[{"href":"https:\/\/www.europesays.com\/no\/wp-json\/wp\/v2\/posts"}],"about":[{"href":"https:\/\/www.europesays.com\/no\/wp-json\/wp\/v2\/types\/post"}],"author":[{"embeddable":true,"href":"https:\/\/www.europesays.com\/no\/wp-json\/wp\/v2\/users\/2"}],"replies":[{"embeddable":true,"href":"https:\/\/www.europesays.com\/no\/wp-json\/wp\/v2\/comments?post=117570"}],"version-history":[{"count":0,"href":"https:\/\/www.europesays.com\/no\/wp-json\/wp\/v2\/posts\/117570\/revisions"}],"wp:featuredmedia":[{"embeddable":true,"href":"https:\/\/www.europesays.com\/no\/wp-json\/wp\/v2\/media\/117571"}],"wp:attachment":[{"href":"https:\/\/www.europesays.com\/no\/wp-json\/wp\/v2\/media?parent=117570"}],"wp:term":[{"taxonomy":"category","embeddable":true,"href":"https:\/\/www.europesays.com\/no\/wp-json\/wp\/v2\/categories?post=117570"},{"taxonomy":"post_tag","embeddable":true,"href":"https:\/\/www.europesays.com\/no\/wp-json\/wp\/v2\/tags?post=117570"}],"curies":[{"name":"wp","href":"https:\/\/api.w.org\/{rel}","templated":true}]}}