{"id":117572,"date":"2025-12-19T16:13:02","date_gmt":"2025-12-19T16:13:02","guid":{"rendered":"https:\/\/www.europesays.com\/no\/117572\/"},"modified":"2025-12-19T16:13:02","modified_gmt":"2025-12-19T16:13:02","slug":"rob-og-michele-reiners-dodsarsak-er-klar","status":"publish","type":"post","link":"https:\/\/www.europesays.com\/no\/117572\/","title":{"rendered":"Rob og Michele Reiners d\u00f8ds\u00e5rsak er klar"},"content":{"rendered":"<p class=\"kicker \" style=\"\">Rob og Michele Reiner:<\/p>\n<p>  Hollywood-paret gikk bort s\u00f8ndag forrige uke. N\u00e5 er d\u00f8ds\u00e5rsaken offentliggjort.<\/p>\n<p>\n    D\u00d8DSFALL: 14. desember ble Michele Singer Reiner og Rob Reiner funnet d\u00f8de. Foto: NTB\n  <\/p>\n<p id=\"text\" class=\"svelte-1bgec1z\">I samarbeid med<\/p>\n<p>     <img decoding=\"async\" src=\"https:\/\/www.europesays.com\/no\/wp-content\/uploads\/2025\/12\/fishermansFriend.png\" alt=\"kommersiell logo\" class=\"svelte-1bgec1z\"\/>          <\/p>\n<p>Stjerneregiss\u00f8ren\u00a0<a href=\"https:\/\/www.seher.no\/kjendis\/barna-bryter-tausheten\/83999774\" rel=\"nofollow noopener\" target=\"_blank\">Rob Reiner og hans kone Michele<\/a>\u00a0ble s\u00f8ndag forrige uke funnet d\u00f8de i hjemmet sitt i Los Angeles. De\u00a0ble henholdvis 78 og 68 \u00e5r gamle.<\/p>\n<p>Parets 32 \u00e5r gamle s\u00f8nn Nicholas \u00abNick\u00bb Reiner ble kort tid senere\u00a0<a href=\"https:\/\/www.seher.no\/kjendis\/barna-bryter-tausheten\/83999774\" rel=\"nofollow noopener\" target=\"_blank\">arrestert og siktet for drap p\u00e5 begge foreldrene<\/a>.\u00a0<\/p>\n<p>    <a itemprop=\"url\" href=\"https:\/\/www.seher.no\/kjendis\/bryter-tausheten\/83996315\" rel=\"nofollow noopener\" target=\"_blank\"><\/p>\n<p>        <img loading=\"lazy\" decoding=\"async\" src=\"https:\/\/www.europesays.com\/no\/wp-content\/uploads\/2025\/12\/83996523.webp\" width=\"980\" height=\"441\" title=\"Bryter tausheten\" alt=\"\" class=\"lazyload\" style=\"--aspect-ratio-image: 2.22; \"\/><\/p>\n<p>        Bryter tausheten<\/p>\n<p>    <\/a><\/p>\n<p>D\u00f8ds\u00e5rsaken fastsl\u00e5r n\u00e5 at paret d\u00f8de som f\u00f8lge av skader med skarp gjenstand, if\u00f8lge rettsmedisiner i Los Angeles. Det skriver <a href=\"https:\/\/www.tmz.com\/2025\/12\/17\/rob-reiner-cause-of-death\/\" rel=\"nofollow noopener\" target=\"_blank\">TMZ<\/a>\u00a0onsdag kveld norsk tid.\u00a0\u00a0<\/p>\n<p> Tirsdag kveld uttalte politiet i Los Angeles i en pressekonferanse at de vil ta ut tiltale med to punkter for overlagt drap av f\u00f8rste grad mot Nick Reiner for drapene p\u00e5 foreldrene Rob og Michele. <\/p>\n<p>        <img loading=\"lazy\" decoding=\"async\" src=\"https:\/\/www.europesays.com\/no\/wp-content\/uploads\/2025\/12\/84000501.webp\" width=\"667\" height=\"581\" title=\"FAR OG S\u00d8NN: De siste dagene har det kommet frem flere oppsiktsvekkende detaljer rundt drapet. Her er Rob og Nick avbildet sammen i 2015. Foto: SplashNews.com \/ NTB\" alt=\"\" class=\"\" style=\"--aspect-ratio-image: 1.15; \"\/><\/p>\n<p>\n        FAR OG S\u00d8NN: De siste dagene har det kommet frem flere oppsiktsvekkende detaljer rundt drapet. Her er Rob og Nick avbildet sammen i 2015. Foto: SplashNews.com \/ NTB\n    <\/p>\n<p>Nathan Hochman, politisjef i Los Angeles, uttalte at anklagene har en maksimumsstraff p\u00e5 livstid i fengsel uten pr\u00f8vel\u00f8slatelse.<\/p>\n<p> Tidligere onsdag ankom Nick Reiner retten i Los Angeles, hvor det ble en kjapp h\u00f8ring. Det er hittil ikke kjent hvordan kjendiss\u00f8nnen stiller seg til siktelsene. Det f\u00f8rste formelle rettsm\u00f8tet finner sted 7. januar neste \u00e5r. <\/p>\n<p>        \u00abUTVIST\u00bb: Prins Andrew er ikke lenger prins og er \u00abutvist\u00bb fra kongefamilien p\u00e5 grunn av sine forbindelser til Jeffrey Epstein. Reporter: Sanne Holt\/ R\u00f8d L\u00f8per. Video: NTB\/ Stella Pictures\/ AFP\/ YouTube\/ BBC\/ Netflix\/ 60Minutes Australia<\/p>\n<p>If\u00f8lge\u00a0<a href=\"https:\/\/www.forbes.com\/sites\/conormurray\/2025\/12\/17\/nick-reiner-makes-first-court-appearance-does-not-enter-plea\/\" rel=\"nofollow noopener\" target=\"_blank\">Forbes\u00a0<\/a>sa Nicks forsvarer at det er \u00absv\u00e6rt komplekse og alvorlige sp\u00f8rsm\u00e5l knyttet til denne saken\u00bb. Han ba derfor offentligheten \u00abom \u00e5 ikke d\u00f8mme for raskt\u00bb.\u00a0<\/p>\n<p>        <img loading=\"lazy\" decoding=\"async\" src=\"https:\/\/www.europesays.com\/no\/wp-content\/uploads\/2025\/12\/84000507.webp\" width=\"686\" height=\"707\" title=\"FAMILIE: Familien var samlet p\u00e5 den r\u00f8de l\u00f8peren for to m\u00e5neder siden. Fra venstre: Rob Reiner, Michele Singer Reiner, Romy Reiner og Nick Reiner p\u00e5 premieren til \u00abSpinal Tap II\u00bb i oktober 2025. Foto: Aude Guerrucci \/ REUTERS \/ NTB\" alt=\"\" class=\"\" style=\"--aspect-ratio-image: 0.97; \"\/><\/p>\n<p>\n        FAMILIE: Familien var samlet p\u00e5 den r\u00f8de l\u00f8peren for to m\u00e5neder siden. Fra venstre: Rob Reiner, Michele Singer Reiner, Romy Reiner og Nick Reiner p\u00e5 premieren til \u00abSpinal Tap II\u00bb i oktober 2025. Foto: Aude Guerrucci \/ REUTERS \/ NTB\n    <\/p>\n<p>Politiet uttalte tirsdag at det ikke var noen indikasjoner p\u00e5 at Nick Reiner\u00a0<a href=\"https:\/\/www.seher.no\/kjendis\/nye-detaljer\/83994778\" rel=\"nofollow noopener\" target=\"_blank\">var p\u00e5virket av narkotika p\u00e5 tidspunktet drapet fant sted.\u00a0<\/a><\/p>\n<p> Kjendiss\u00f8nnen har hyret inn stjerneadvokat Alan Jackson, som tidligere har v\u00e6rt forsvarer for Harvey Weinstein og Kevin Spacey. <\/p>\n","protected":false},"excerpt":{"rendered":"Rob og Michele Reiner: Hollywood-paret gikk bort s\u00f8ndag forrige uke. N\u00e5 er d\u00f8ds\u00e5rsaken offentliggjort. D\u00d8DSFALL: 14. desember ble&hellip;\n","protected":false},"author":2,"featured_media":117573,"comment_status":"","ping_status":"","sticky":false,"template":"","format":"standard","meta":{"footnotes":""},"categories":[58],"tags":[10108,377,71,479,2543,14018,30,28,29,13950,72],"class_list":{"0":"post-117572","1":"post","2":"type-post","3":"status-publish","4":"format-standard","5":"has-post-thumbnail","7":"category-underholdning","8":"tag-dodsarsak","9":"tag-drap","10":"tag-entertainment","11":"tag-kjendis","12":"tag-kjendisdesken","13":"tag-michele-singer-reiner","14":"tag-no","15":"tag-norge","16":"tag-norway","17":"tag-rob-reiner","18":"tag-underholdning"},"share_on_mastodon":{"url":"https:\/\/pubeurope.com\/@no\/115747121307826657","error":""},"_links":{"self":[{"href":"https:\/\/www.europesays.com\/no\/wp-json\/wp\/v2\/posts\/117572","targetHints":{"allow":["GET"]}}],"collection":[{"href":"https:\/\/www.europesays.com\/no\/wp-json\/wp\/v2\/posts"}],"about":[{"href":"https:\/\/www.europesays.com\/no\/wp-json\/wp\/v2\/types\/post"}],"author":[{"embeddable":true,"href":"https:\/\/www.europesays.com\/no\/wp-json\/wp\/v2\/users\/2"}],"replies":[{"embeddable":true,"href":"https:\/\/www.europesays.com\/no\/wp-json\/wp\/v2\/comments?post=117572"}],"version-history":[{"count":0,"href":"https:\/\/www.europesays.com\/no\/wp-json\/wp\/v2\/posts\/117572\/revisions"}],"wp:featuredmedia":[{"embeddable":true,"href":"https:\/\/www.europesays.com\/no\/wp-json\/wp\/v2\/media\/117573"}],"wp:attachment":[{"href":"https:\/\/www.europesays.com\/no\/wp-json\/wp\/v2\/media?parent=117572"}],"wp:term":[{"taxonomy":"category","embeddable":true,"href":"https:\/\/www.europesays.com\/no\/wp-json\/wp\/v2\/categories?post=117572"},{"taxonomy":"post_tag","embeddable":true,"href":"https:\/\/www.europesays.com\/no\/wp-json\/wp\/v2\/tags?post=117572"}],"curies":[{"name":"wp","href":"https:\/\/api.w.org\/{rel}","templated":true}]}}