{"id":117577,"date":"2025-12-19T16:19:22","date_gmt":"2025-12-19T16:19:22","guid":{"rendered":"https:\/\/www.europesays.com\/no\/117577\/"},"modified":"2025-12-19T16:19:22","modified_gmt":"2025-12-19T16:19:22","slug":"kan-bli-stengte-veier-i-nord-i-romjula","status":"publish","type":"post","link":"https:\/\/www.europesays.com\/no\/117577\/","title":{"rendered":"Kan bli stengte veier i nord i romjula"},"content":{"rendered":"<p class=\"kicker color_mobile_bg-green text-black color_mobile_text-black mobile-hasTextPadding\" style=\"\">Juleutfart:<\/p>\n<p>  I juleutfarten i \u00e5r er det to dager som skiller seg ut som de verste. Ett sted kan det bli mange stengte veier.<\/p>\n<p>\n    STENGTE VEIER: &#8211; Romjula i nord kan by p\u00e5 mye vind og sn\u00f8fokk. Bilistene her b\u00f8r forberede seg p\u00e5 at mange veier kan bli stengt, sier meteorolog Rafael Escobar L\u00f8vdahl. Foto: Ba\u030ard Aslak Nordb\u00f8\/Statens vegvesen\n  <\/p>\n<p>Mens de fleste nordlendinger holder seg hjemme i jula,<br \/>\nr\u00f8mmer rundt halvparten av folk i Oslo fra byen. Det viser en<br \/>\nreisevaneunders\u00f8kelse som Statens vegvesen har gjort. <\/p>\n<p>Det betyr at det er p\u00e5 \u00d8stlandet<br \/>\ndet er st\u00f8rst fare for k\u00f8 og kaos p\u00e5 veiene under juleutfarten. Omtrent halvparten av de<br \/>\nsom reiser bort bruker nemlig bilen for \u00e5 komme seg dit de skal, forteller Kurt<br \/>\nJomar Breistrand, avdelingsdirekt\u00f8r p\u00e5 Vegtrafikksentralen i Statens vegvesen.<\/p>\n<p>&#8211; Det er noen dager som peker seg ut som de store<br \/>\nk\u00f8-dagene. Juleutfarten starter allerede fredag 19. desember, men vi venter<br \/>\nen topp lille julaften. Andre juledag venter vi mye trafikk med folk som skal<br \/>\nhjem fra julefeiringen.<\/p>\n<p>&#8211; Dersom du laster ned appen <a href=\"https:\/\/www.vegvesen.no\/trafikk\" class=\"\" rel=\"nofollow noopener\" target=\"_blank\">Vegvesen trafikk<\/a>, f\u00e5r du<br \/>\nhele tida varsel om hvordan trafikken flyter p\u00e5 veiene dit du skal, hvilke<br \/>\nfjelloverganger som er stengt og direkte bilder fra v\u00e5re kameraer p\u00e5 utsatte<br \/>\nveistrekninger, sier Breistrand.<\/p>\n<p>        Tips oss i denne saken<\/p>\n<p class=\"subtitle\">Blir du sittende fast i k\u00f8 i jula? Ring oss p\u00e5 2400 eller skriv til oss her:<\/p>\n<p>    <a itemprop=\"url\" href=\"https:\/\/dinside.dagbladet.no\/motor\/advarer-falsk-trygghet\/83876691\" rel=\"nofollow noopener\" target=\"_blank\"><\/p>\n<p>        <img loading=\"lazy\" decoding=\"async\" src=\"https:\/\/www.europesays.com\/no\/wp-content\/uploads\/2025\/12\/83876703.webp\" width=\"980\" height=\"441\" title=\"Advarer: - Falsk trygghet\" alt=\"\" class=\"lazyload\" style=\"--aspect-ratio-image: 2.22; \"\/><\/p>\n<p>        Advarer: &#8211; Falsk trygghet<\/p>\n<p>    <\/a><\/p>\n<p>Problemveiene<\/p>\n<p>P\u00e5 veitrafikksentralene har de god oversikt over alt som<br \/>\nskjer i trafikken og hvilke veier som ofte har k\u00f8-problemer:<\/p>\n<p>&#8211; Det er mange som skal kj\u00f8re E6 nordover fra Oslo<br \/>\nmot Lillehammer. Her m\u00e5 du vente k\u00f8er. Det samme p\u00e5 E6 i \u00d8stfold, p\u00e5 E18<br \/>\ns\u00f8rover fra Oslo og p\u00e5 E16 mot H\u00f8nefoss, forteller Gunnar Dovland,<br \/>\ntrafikkoperat\u00f8r p\u00e5 Vegtrafikksentralen \u00d8st til DinSide.<\/p>\n<p>        <img loading=\"lazy\" decoding=\"async\" src=\"https:\/\/www.europesays.com\/no\/wp-content\/uploads\/2025\/12\/84003973.webp\" width=\"980\" height=\"559\" title=\"BURDE IKKE V\u00c6RE N\u00d8DVENDIG: - Det burde v\u00e6re n\u00f8dvendig \u00e5 si det, men vi opplever stadig at bilister mister hjulet under kj\u00f8ring. Sjekk at hjulboltene sitter som de skal f\u00f8r du legger ut p\u00e5 tur. Har du i tillegg gode vinterdekk, kommer du deg sikkert fram, sier Gunnar Dovland, trafikkoperat\u00f8r p\u00e5 Veitrafikksentralen \u00d8st. Foto: Mirva Kakko\" alt=\"\" class=\"\" style=\"--aspect-ratio-image: 1.75; \"\/><\/p>\n<p>\n        BURDE IKKE V\u00c6RE N\u00d8DVENDIG: &#8211; Det burde v\u00e6re n\u00f8dvendig \u00e5 si det, men vi opplever stadig at bilister mister hjulet under kj\u00f8ring. Sjekk at hjulboltene sitter som de skal f\u00f8r du legger ut p\u00e5 tur. Har du i tillegg gode vinterdekk, kommer du deg sikkert fram, sier Gunnar Dovland, trafikkoperat\u00f8r p\u00e5 Veitrafikksentralen \u00d8st. Foto: Mirva Kakko\n    <\/p>\n<p>Han oppfordrer folk til \u00e5 sjekke at bilen er klar for en<br \/>\nlangtur p\u00e5 vinterf\u00f8re:<\/p>\n<p>&#8211; Legger du ut med d\u00e5rlige vinterdekk, er det \u00e5 be<br \/>\nom problemer. En annen ting som man skulle tro det ikke var n\u00f8dvendig \u00e5 si, er<br \/>\n\u00e5 huske \u00e5 sjekke at hjulboltene sitter. Vi opplever stadig at det er biler som<br \/>\nmister hjul langs veien. Pass i tillegg p\u00e5 at takboksen er skikkelig festet og<br \/>\nat du ikke laster bilen for tung. Mange elbiler har overraskende lav nyttelast,<br \/>\nsier Dovland.<\/p>\n<p>Han oppfordrer deg til \u00e5 tenke at ferien starter n\u00e5r du<br \/>\nsetter deg i bilen. Da kan familien nyte en tur uten stress og farlige<br \/>\nforbikj\u00f8ringer. <\/p>\n<p>    <a itemprop=\"url\" href=\"https:\/\/dinside.dagbladet.no\/motor\/denne-lyden-er-darlig-nytt\/83808303\" rel=\"nofollow noopener\" target=\"_blank\"><\/p>\n<p>        <img loading=\"lazy\" decoding=\"async\" src=\"https:\/\/www.europesays.com\/no\/wp-content\/uploads\/2025\/12\/1766161162_746_83809070.webp\" width=\"147\" height=\"98\" title=\"Denne lyden er d\u00e5rlig nytt\" alt=\"\" class=\"lazyload\" style=\"--aspect-ratio-image: 1.50; \"\/><\/p>\n<p>        Denne lyden er d\u00e5rlig nytt<\/p>\n<p>    <\/a><\/p>\n<p>\u00a0&#8211; Her blir det utfordrende<\/p>\n<p>Hvor store problemer det blir i juleutfarten, avhenger mye av<br \/>\nv\u00e6ret. Bilister i S\u00f8r-Norge ser ut til \u00e5 slippe billig unna, forteller vakthavende<br \/>\nmeteorolog Rafael Escobar L\u00f8vdahl i Meteorologisk institutt til DinSide:<\/p>\n<p>&#8211; I s\u00f8r har vi et uv\u00e6r som passerer n\u00e5 natt til<br \/>\nfredag. Det gir sterk kuling og sn\u00f8fokk p\u00e5 fjellovergangene. Fra fredag<br \/>\nettermiddag roer det seg. V\u00e6r obs p\u00e5 at det likevel kan bli noen kuldegrader og<br \/>\nglatte veier enkelte steder. Romjula ser grei ut, sier statsmeteorologen.<\/p>\n<p>For bilister i nord er ikke utsiktene like gode:<\/p>\n<p>&#8211; I Troms og Finnmark er det jo vinter allerede. De<br \/>\nf\u00f8rste dagene er det ikke ventet mer v\u00e6r enn det nordlendingene fint klarer av.<br \/>\nI romjula derimot, kan det bli vanskeligere, med mye vind, en god del sn\u00f8 og sn\u00f8fokk. P\u00e5 hjemturen<br \/>\nfra julefeiringen kan bilistene i nord vente seg mange stengte veier. Her<br \/>\ngjelder de \u00e5 f\u00f8lge med p\u00e5 v\u00e6rmeldingene, r\u00e5der L\u00f8vdahl. <\/p>\n","protected":false},"excerpt":{"rendered":"Juleutfart: I juleutfarten i \u00e5r er det to dager som skiller seg ut som de verste. Ett sted&hellip;\n","protected":false},"author":2,"featured_media":117578,"comment_status":"","ping_status":"","sticky":false,"template":"","format":"standard","meta":{"footnotes":""},"categories":[10],"tags":[20,21,267,24,25,15,14152,3024,22,23,217,13,30,28,29,14,16,1899,26,27,6263],"class_list":{"0":"post-117577","1":"post","2":"type-post","3":"status-publish","4":"format-standard","5":"has-post-thumbnail","7":"category-norge","8":"tag-breaking-news","9":"tag-breakingnews","10":"tag-elbil","11":"tag-featured-news","12":"tag-featurednews","13":"tag-headlines","14":"tag-juleutfart","15":"tag-ko","16":"tag-latest-news","17":"tag-latestnews","18":"tag-motor","19":"tag-news","20":"tag-no","21":"tag-norge","22":"tag-norway","23":"tag-nyheter","24":"tag-overskrifter","25":"tag-statens-vegvesen","26":"tag-top-stories","27":"tag-topstories","28":"tag-vinter"},"share_on_mastodon":{"url":"https:\/\/pubeurope.com\/@no\/115747144804385721","error":""},"_links":{"self":[{"href":"https:\/\/www.europesays.com\/no\/wp-json\/wp\/v2\/posts\/117577","targetHints":{"allow":["GET"]}}],"collection":[{"href":"https:\/\/www.europesays.com\/no\/wp-json\/wp\/v2\/posts"}],"about":[{"href":"https:\/\/www.europesays.com\/no\/wp-json\/wp\/v2\/types\/post"}],"author":[{"embeddable":true,"href":"https:\/\/www.europesays.com\/no\/wp-json\/wp\/v2\/users\/2"}],"replies":[{"embeddable":true,"href":"https:\/\/www.europesays.com\/no\/wp-json\/wp\/v2\/comments?post=117577"}],"version-history":[{"count":0,"href":"https:\/\/www.europesays.com\/no\/wp-json\/wp\/v2\/posts\/117577\/revisions"}],"wp:featuredmedia":[{"embeddable":true,"href":"https:\/\/www.europesays.com\/no\/wp-json\/wp\/v2\/media\/117578"}],"wp:attachment":[{"href":"https:\/\/www.europesays.com\/no\/wp-json\/wp\/v2\/media?parent=117577"}],"wp:term":[{"taxonomy":"category","embeddable":true,"href":"https:\/\/www.europesays.com\/no\/wp-json\/wp\/v2\/categories?post=117577"},{"taxonomy":"post_tag","embeddable":true,"href":"https:\/\/www.europesays.com\/no\/wp-json\/wp\/v2\/tags?post=117577"}],"curies":[{"name":"wp","href":"https:\/\/api.w.org\/{rel}","templated":true}]}}