{"id":117579,"date":"2025-12-19T16:22:26","date_gmt":"2025-12-19T16:22:26","guid":{"rendered":"https:\/\/www.europesays.com\/no\/117579\/"},"modified":"2025-12-19T16:22:26","modified_gmt":"2025-12-19T16:22:26","slug":"halvor-egner-granerud-har-giftet-seg","status":"publish","type":"post","link":"https:\/\/www.europesays.com\/no\/117579\/","title":{"rendered":"Halvor Egner Granerud har giftet seg"},"content":{"rendered":"<p class=\"kicker \" style=\"\">Tar forholdet et steg videre<\/p>\n<p>  &#8211; Det er noe vi har tenkt p\u00e5 en stund, sier skihopperen.\u00a0<\/p>\n<p>\n    NYGIFT: Onsdag giftet Halvor og Karoline seg. Her ved en annen anledning. Foto: Skjermbilde: @halvorgranerud \/ Instagram\n  <\/p>\n<p>I et innlegg p\u00e5 Instagram avsl\u00f8rer skihopper Halvor Egner Granerud (29) at han har giftet seg med sin utk\u00e5rede Karoline Nilsen.\u00a0<\/p>\n<p class=\"no_italic m-no_italic font-weight-bold m-font-weight-bold\" data-lab-italic=\"\" data-lab-font_weight=\"font-weight-bold\">Innlegget viser flere bilder fra bryllupsdagen, som fant sted p\u00e5 Oslo R\u00e5dhus onsdag.\u00a0<\/p>\n<p class=\"no_italic m-no_italic\" data-lab-italic=\"\">Overfor <a href=\"https:\/\/www.dagbladet.no\/sport\/na-er-de-gift\/83999630\" rel=\"nofollow noopener\" target=\"_blank\">Dagbladet <\/a>avsl\u00f8rer skihopperen at dette er noe de har tenkt p\u00e5 en stund, og at de fant ledig tid i Oslo R\u00e5dhus i dag.\u00a0<\/p>\n<p class=\"font-weight-bold m-font-weight-bold\" data-lab-font_weight=\"font-weight-bold\">&#8211; Vi hadde en hyggelig seanse med familien. S\u00e5 dro vi videre til Hotel Bristol og hadde en afternoon tea der. N\u00e5 har vi en liten samling, f\u00f8r det er vanlig hverdag i morgen, r\u00f8per Halvor til avisen.\u00a0<\/p>\n<p>        <img loading=\"lazy\" decoding=\"async\" src=\"https:\/\/www.europesays.com\/no\/wp-content\/uploads\/2025\/12\/83999748.webp\" width=\"667\" height=\"734\" title=\"SM\u00c5BARNSFORELDRE: Karoline og Halvor ble foreldre for f\u00f8rste gang i juli. N\u00e5 har de ogs\u00e5 blitt mann og kone. Foto: Skjermbilde: @halvorgranerud \/ Instagram\" alt=\"\" class=\"\" style=\"--aspect-ratio-image: 0.91; \"\/><\/p>\n<p>\n        SM\u00c5BARNSFORELDRE: Karoline og Halvor ble foreldre for f\u00f8rste gang i juli. N\u00e5 har de ogs\u00e5 blitt mann og kone. Foto: Skjermbilde: @halvorgranerud \/ Instagram\n    <\/p>\n<p>Han kan ogs\u00e5 avsl\u00f8re hvordan frieriet fant sted.\u00a0<\/p>\n<p>&#8211; Akkurat det er litt artig. Jeg ville ha barn, mens Karoline ville v\u00e6re gift f\u00f8rst. Da signerte jeg p\u00e5 at hvis vi fikk barn, s\u00e5 skulle vi gifte oss. Frieriet var babyen, sier Halvor til Dagbladet.\u00a0<\/p>\n<p>        VOKST OPP: Prinsessen er nesten ikke til \u00e5 kjenne igjen i en ny video som er delt av det svenske kongehuset. Reporter: Caroline Vagle. Video: Instagram\/@kungahuset \/ Kine Falch.<\/p>\n<p>Gladnyheten kommer bare m\u00e5neder etter at Halvor og Karoline fikk sitt f\u00f8rste barn sammen. Babynyheten delte paret i et felles innlegg p\u00e5 Instagram, som viste et bilde av s\u00f8nnen i en seng.\u00a0<\/p>\n<p>\u00abHusets nye konge\u00bb, skrev de den gang.\u00a0<\/p>\n<p>I et senere innlegg la ikke skihopperen skjul p\u00e5 at han stortrives i den nye rollen som pappa.\u00a0<\/p>\n<p>\u00abNyter dette nye livet\u00bb, skrev han til et bilde av seg selv med s\u00f8nnen p\u00e5 brystet.\u00a0<\/p>\n<p>Halvor Egner Granerud er en av Norges st\u00f8rste skihoppere. Han har blant annet 25 individuelle verdenscupseiere &#8211; det meste av alle norske herrer i moderne tid.\u00a0<\/p>\n<p>        <img loading=\"lazy\" decoding=\"async\" src=\"https:\/\/www.europesays.com\/no\/wp-content\/uploads\/2025\/12\/83999949.webp\" width=\"667\" height=\"661\" title=\"COMEBACK: Halvor Egner Granerud kom seg tilbake fra skaden han p\u00e5dro seg i vinter. Her under verdenscuprennet i Klingenthal i Tyskland i desember. Foto: Jens Schlueter \/ AFP \/ NTB\" alt=\"\" class=\"\" style=\"--aspect-ratio-image: 1.01; \"\/><\/p>\n<p>\n        COMEBACK: Halvor Egner Granerud kom seg tilbake fra skaden han p\u00e5dro seg i vinter. Her under verdenscuprennet i Klingenthal i Tyskland i desember. Foto: Jens Schlueter \/ AFP \/ NTB\n    <\/p>\n<p>Vinteren 2025 p\u00e5dro han seg en alvorlig kneskade under trening, noe som f\u00f8rte til at han m\u00e5tte st\u00e5 over VM p\u00e5 hjemmebane i Trondheim.\u00a0<\/p>\n<p>        \u00abSKAL VI DANSE\u00bb: For f\u00f8rste gang f\u00e5r vi bli med bak dommerpanelet i Skal vi danse for \u00e5 se hvilke skjulte hemmeligheter som befinner seg der. Video: R\u00f8d L\u00f8per \/ Karolina Rusov-Hansen \/ Sanne Holt<\/p>\n<p>Han var derimot tilbake i hoppbakken i august &#8211; klar for sesongen og med sikte mot OL neste \u00e5r. If\u00f8lge Dagbladet reiser han til Engelberg i Sveits i helgen, og ligger forel\u00f8pig p\u00e5 19. plass i verdenscupen.\u00a0<\/p>\n","protected":false},"excerpt":{"rendered":"Tar forholdet et steg videre &#8211; Det er noe vi har tenkt p\u00e5 en stund, sier skihopperen.\u00a0 NYGIFT:&hellip;\n","protected":false},"author":2,"featured_media":117580,"comment_status":"","ping_status":"","sticky":false,"template":"","format":"standard","meta":{"footnotes":""},"categories":[59],"tags":[4104,12126,14153,479,30,28,29,83,82],"class_list":{"0":"post-117579","1":"post","2":"type-post","3":"status-publish","4":"format-standard","5":"has-post-thumbnail","7":"category-sport","8":"tag-eksklusivt","9":"tag-halvor-egner-granerud","10":"tag-karoline-nilsen","11":"tag-kjendis","12":"tag-no","13":"tag-norge","14":"tag-norway","15":"tag-sport","16":"tag-sports"},"share_on_mastodon":{"url":"https:\/\/pubeurope.com\/@no\/115747156567684764","error":""},"_links":{"self":[{"href":"https:\/\/www.europesays.com\/no\/wp-json\/wp\/v2\/posts\/117579","targetHints":{"allow":["GET"]}}],"collection":[{"href":"https:\/\/www.europesays.com\/no\/wp-json\/wp\/v2\/posts"}],"about":[{"href":"https:\/\/www.europesays.com\/no\/wp-json\/wp\/v2\/types\/post"}],"author":[{"embeddable":true,"href":"https:\/\/www.europesays.com\/no\/wp-json\/wp\/v2\/users\/2"}],"replies":[{"embeddable":true,"href":"https:\/\/www.europesays.com\/no\/wp-json\/wp\/v2\/comments?post=117579"}],"version-history":[{"count":0,"href":"https:\/\/www.europesays.com\/no\/wp-json\/wp\/v2\/posts\/117579\/revisions"}],"wp:featuredmedia":[{"embeddable":true,"href":"https:\/\/www.europesays.com\/no\/wp-json\/wp\/v2\/media\/117580"}],"wp:attachment":[{"href":"https:\/\/www.europesays.com\/no\/wp-json\/wp\/v2\/media?parent=117579"}],"wp:term":[{"taxonomy":"category","embeddable":true,"href":"https:\/\/www.europesays.com\/no\/wp-json\/wp\/v2\/categories?post=117579"},{"taxonomy":"post_tag","embeddable":true,"href":"https:\/\/www.europesays.com\/no\/wp-json\/wp\/v2\/tags?post=117579"}],"curies":[{"name":"wp","href":"https:\/\/api.w.org\/{rel}","templated":true}]}}