{"id":117585,"date":"2025-12-19T16:41:12","date_gmt":"2025-12-19T16:41:12","guid":{"rendered":"https:\/\/www.europesays.com\/no\/117585\/"},"modified":"2025-12-19T16:41:12","modified_gmt":"2025-12-19T16:41:12","slug":"hellaveien-notteroy-vinglet-og-traff-andre-biler-det-er-flere-bulker-i-bilen","status":"publish","type":"post","link":"https:\/\/www.europesays.com\/no\/117585\/","title":{"rendered":"Hellaveien, N\u00f8tter\u00f8y | Vinglet og traff andre biler: \u2013 Det er flere bulker i bilen"},"content":{"rendered":"\n<p>En mann i 80-\u00e5rene ble stanset p\u00e5 Hellaveien p\u00e5 N\u00f8tter\u00f8y klokken 15.41.<\/p>\n<p><b>\u2013 Han holdt p\u00e5 \u00e5 krasjen med en annen bil, samt kj\u00f8rte veldig vinglete. Det er flere bulker i bilen, opplyser Ottar Steinst\u00f8, som er operasjonsleder i politiet. <\/b><\/p>\n<p>Politiet fikk melding fra en annen f\u00f8rer som ringte inn og sa at mannen ogs\u00e5 hadde v\u00e6rt borte i hennes bil.<\/p>\n<p>\u2013 Det opprettes sak og f\u00f8rerkortet ble beslaglagt, melder operasjonslederen.<\/p>\n<p>  <a href=\"https:\/\/www.tb.no\/5-76-2753507\" class=\"related-teaser has-image default-story-teaser article--c-eRUmMG article--c-eRUmMG-jKCPdD-design-default\" rel=\"nofollow noopener\" target=\"_blank\"><\/p>\n<p>    <img decoding=\"async\" loading=\"lazy\"  src=\"https:\/\/www.europesays.com\/no\/wp-content\/uploads\/2025\/12\/brann_minibuss_slukking.JPG\" alt=\"\" class=\"brick-c-cFOWSL\" style=\"\"\/><\/p>\n<p>\n            Les ogs\u00e5<\/p>\n<p>              Brann i minibuss\n        <\/p>\n<p>  <\/a><\/p>\n","protected":false},"excerpt":{"rendered":"En mann i 80-\u00e5rene ble stanset p\u00e5 Hellaveien p\u00e5 N\u00f8tter\u00f8y klokken 15.41. \u2013 Han holdt p\u00e5 \u00e5 krasjen&hellip;\n","protected":false},"author":2,"featured_media":10375,"comment_status":"","ping_status":"","sticky":false,"template":"","format":"standard","meta":{"footnotes":""},"categories":[10],"tags":[36,20,21,24,25,15,14154,22,23,13,30,28,29,4202,14,16,1510,26,27,941],"class_list":{"0":"post-117585","1":"post","2":"type-post","3":"status-publish","4":"format-standard","5":"has-post-thumbnail","7":"category-norge","8":"tag-art","9":"tag-breaking-news","10":"tag-breakingnews","11":"tag-featured-news","12":"tag-featurednews","13":"tag-headlines","14":"tag-hellaveien","15":"tag-latest-news","16":"tag-latestnews","17":"tag-news","18":"tag-no","19":"tag-norge","20":"tag-norway","21":"tag-notteroy","22":"tag-nyheter","23":"tag-overskrifter","24":"tag-story","25":"tag-top-stories","26":"tag-topstories","27":"tag-ulykker-og-hendelser"},"share_on_mastodon":{"url":"https:\/\/pubeurope.com\/@no\/115747231299305980","error":""},"_links":{"self":[{"href":"https:\/\/www.europesays.com\/no\/wp-json\/wp\/v2\/posts\/117585","targetHints":{"allow":["GET"]}}],"collection":[{"href":"https:\/\/www.europesays.com\/no\/wp-json\/wp\/v2\/posts"}],"about":[{"href":"https:\/\/www.europesays.com\/no\/wp-json\/wp\/v2\/types\/post"}],"author":[{"embeddable":true,"href":"https:\/\/www.europesays.com\/no\/wp-json\/wp\/v2\/users\/2"}],"replies":[{"embeddable":true,"href":"https:\/\/www.europesays.com\/no\/wp-json\/wp\/v2\/comments?post=117585"}],"version-history":[{"count":0,"href":"https:\/\/www.europesays.com\/no\/wp-json\/wp\/v2\/posts\/117585\/revisions"}],"wp:featuredmedia":[{"embeddable":true,"href":"https:\/\/www.europesays.com\/no\/wp-json\/wp\/v2\/media\/10375"}],"wp:attachment":[{"href":"https:\/\/www.europesays.com\/no\/wp-json\/wp\/v2\/media?parent=117585"}],"wp:term":[{"taxonomy":"category","embeddable":true,"href":"https:\/\/www.europesays.com\/no\/wp-json\/wp\/v2\/categories?post=117585"},{"taxonomy":"post_tag","embeddable":true,"href":"https:\/\/www.europesays.com\/no\/wp-json\/wp\/v2\/tags?post=117585"}],"curies":[{"name":"wp","href":"https:\/\/api.w.org\/{rel}","templated":true}]}}