{"id":117588,"date":"2025-12-19T16:49:50","date_gmt":"2025-12-19T16:49:50","guid":{"rendered":"https:\/\/www.europesays.com\/no\/117588\/"},"modified":"2025-12-19T16:49:50","modified_gmt":"2025-12-19T16:49:50","slug":"okonomi-norges-bank-gladnyhet-for-alle-med-lonn","status":"publish","type":"post","link":"https:\/\/www.europesays.com\/no\/117588\/","title":{"rendered":"\u00d8konomi, Norges Bank | Gladnyhet for alle med l\u00f8nn"},"content":{"rendered":"\n<p>[<a href=\"https:\/\/www.nettavisen.no\/okonomi\/gode-nyheter-om-lonnsvekst-og-inflasjon-i-2026\/s\/5-95-2786909\" rel=\"Follow nofollow noopener\" target=\"_blank\">NETTAVISEN<\/a>]: Norges Bank holder renten uendret. Det kom fram p\u00e5 torsdagens rentem\u00f8te og var ganske som forventet.<\/p>\n<p>Norges Bank meldte ogs\u00e5 at de ikke har hastverk med \u00e5 sette ned renten.<\/p>\n<p>Det blir derfor ikke full jubel for boligl\u00e5nskundene. I hvert fall ikke enn\u00e5.<\/p>\n<p>Renteutsiktene er lite endret og banken ansl\u00e5r kun et eller to kutt neste \u00e5r.<\/p>\n<p>Du kan likevel regne med vesentlig bedre kj\u00f8pekraft, if\u00f8lge sjef\u00f8konom Kyrre Knudsen i Sparebank 1 S\u00f8r-Norge.<\/p>\n<p>Peker p\u00e5 reall\u00f8nnsvekst neste \u00e5r<\/p>\n<p>Norges Bank venter neste \u00e5r at l\u00f8nnsveksten skal bli 4,2 prosent, og at vi f\u00e5r en inflasjon p\u00e5 2,4 prosent.<\/p>\n<p>\u2013 Det gir en reall\u00f8nnsvekst p\u00e5 1,8 prosent, sier Knudsen til Nettavisen.<\/p>\n<p>Det er i tr\u00e5d med hva regjeringen anslo i statsbudsjettet, og langt mer enn hva arbeidstakerorganisasjonene forventer. Partene i arbeidslivet forventet kun en l\u00f8nnsvekst p\u00e5 1,3 prosent. Det kom fram i den siste forventningsunders\u00f8kelsen gjennomf\u00f8rt av Norges Bank.<\/p>\n<p>Samtidig har vi hatt to rentekutt i \u00e5r, og f\u00e5r trolig minst et til neste \u00e5r.<\/p>\n<p>Folk som er i arbeid og betaler boligl\u00e5n ligger alts\u00e5 an til \u00e5 f\u00e5 mer \u00e5 rutte med.<\/p>\n<p>Roger Bj\u00f8rnstad, sjef\u00f8konom i LO, deler synet om at det g\u00e5r mot \u00f8kt kj\u00f8pekraft neste \u00e5r.<\/p>\n<p>\u2013 Jeg kommenterer ikke l\u00f8nnsvekst, men det er prognoser gitt av b\u00e5de Norges Bank og SSB som legger til grunn en reall\u00f8nns\u00f8kning. De virker realistiske, sier han til Nettavisen.<\/p>\n<p>\u00c9n ting er sikkert: Rentetoppen er n\u00e5dd for denne gangen.<\/p>\n<p>\u2013 Da kommer rentekuttet i mars<\/p>\n<p>I tillegg sitter Norge n\u00e5 alene p\u00e5 \u00abrentetronen\u00bb. Englands sentralbank satt ned renten torsdag timer etter Norges Bank holdt renten uendret.<\/p>\n<p>\u2013 Vi har den h\u00f8yeste renten i den vestlige verden. Det kan bidra til \u00e5 styrke kronen. Hvis kronen vender tilbake til septemberniv\u00e5et og vi f\u00e5r en kronestyrking allerede i januar eller februar, da vil vi f\u00e5 rentekutt i mars, sier Knudsen.<\/p>\n<p>Det hjelper nordmenn som \u00f8nsker en billigere sommerferie ogs\u00e5, p\u00e5peker sjef\u00f8konomen.<\/p>\n<p>Han ansl\u00e5r at kronen m\u00e5 styrkes med 40-50 \u00f8re ned til 11,5 eller 11,6 kroner.<\/p>\n<p>\u2013 Da har de hvert fall mulighet til \u00e5 sette ned renten, avslutter han.<\/p>\n","protected":false},"excerpt":{"rendered":"[NETTAVISEN]: Norges Bank holder renten uendret. Det kom fram p\u00e5 torsdagens rentem\u00f8te og var ganske som forventet. Norges&hellip;\n","protected":false},"author":2,"featured_media":117589,"comment_status":"","ping_status":"","sticky":false,"template":"","format":"standard","meta":{"footnotes":""},"categories":[56],"tags":[36,60,61,8950,62,30,28,241,29,572,1510],"class_list":{"0":"post-117588","1":"post","2":"type-post","3":"status-publish","4":"format-standard","5":"has-post-thumbnail","7":"category-naeringsliv","8":"tag-art","9":"tag-business","10":"tag-economy","11":"tag-levestandard","12":"tag-naeringsliv","13":"tag-no","14":"tag-norge","15":"tag-norges-bank","16":"tag-norway","17":"tag-okonomi","18":"tag-story"},"share_on_mastodon":{"url":"https:\/\/pubeurope.com\/@no\/115747266470826678","error":""},"_links":{"self":[{"href":"https:\/\/www.europesays.com\/no\/wp-json\/wp\/v2\/posts\/117588","targetHints":{"allow":["GET"]}}],"collection":[{"href":"https:\/\/www.europesays.com\/no\/wp-json\/wp\/v2\/posts"}],"about":[{"href":"https:\/\/www.europesays.com\/no\/wp-json\/wp\/v2\/types\/post"}],"author":[{"embeddable":true,"href":"https:\/\/www.europesays.com\/no\/wp-json\/wp\/v2\/users\/2"}],"replies":[{"embeddable":true,"href":"https:\/\/www.europesays.com\/no\/wp-json\/wp\/v2\/comments?post=117588"}],"version-history":[{"count":0,"href":"https:\/\/www.europesays.com\/no\/wp-json\/wp\/v2\/posts\/117588\/revisions"}],"wp:featuredmedia":[{"embeddable":true,"href":"https:\/\/www.europesays.com\/no\/wp-json\/wp\/v2\/media\/117589"}],"wp:attachment":[{"href":"https:\/\/www.europesays.com\/no\/wp-json\/wp\/v2\/media?parent=117588"}],"wp:term":[{"taxonomy":"category","embeddable":true,"href":"https:\/\/www.europesays.com\/no\/wp-json\/wp\/v2\/categories?post=117588"},{"taxonomy":"post_tag","embeddable":true,"href":"https:\/\/www.europesays.com\/no\/wp-json\/wp\/v2\/tags?post=117588"}],"curies":[{"name":"wp","href":"https:\/\/api.w.org\/{rel}","templated":true}]}}