{"id":117590,"date":"2025-12-19T16:52:37","date_gmt":"2025-12-19T16:52:37","guid":{"rendered":"https:\/\/www.europesays.com\/no\/117590\/"},"modified":"2025-12-19T16:52:37","modified_gmt":"2025-12-19T16:52:37","slug":"snart-tomt-for-julebrunost-minker-raskt","status":"publish","type":"post","link":"https:\/\/www.europesays.com\/no\/117590\/","title":{"rendered":"Snart tomt for julebrunost: \u2013 Minker raskt"},"content":{"rendered":"<p>    Finlands president sikret seg denne uken en norsk julebrunost. N\u00e5 kan produktet snart v\u00e6re borte fra butikkene igjen. <\/p>\n<p>\n        Finlands president Alexander Stubb er blant dem som har sikret seg en julebrunost f\u00f8r lagrene t\u00f8mmes. Han fikk brunosten i julegave av statsminister Jonas Gahr St\u00f8re (Ap) i Berlin denne uken.<br \/>\n        Cornelius Poppe \/ NTB\n    <\/p>\n<p class=\"kicker t30 tertiary color_mobile_tertiary\" style=\"\">Innenriks<\/p>\n<p>\u2013 Vi kan melde om at hos oss begynner det n\u00e5 \u00e5 bli sv\u00e6rt lite julebrunost igjen p\u00e5 lager. Det aller meste er kj\u00f8rt ut til butikkene, s\u00e5 for andre presidenter, konger og vanlige folk som vil sikre seg julebrunost til jul, kan det v\u00e6re greit \u00e5 vite at n\u00e5 minker det raskt, skriver kommunikasjonssjef Tanita Kvein\u00e5 Gaze i Tine til NTB. <\/p>\n<p>Hun melder om rekordsalg av julebrunosten \u2013 70 prosent mer enn i fjor. <\/p>\n<p>\u2013 S\u00e5 det er klart at det begynner \u00e5 bli skrint da. <\/p>\n<p>Synn\u00f8ve: Lageret er allerede t\u00f8mt<\/p>\n<p>Det g\u00e5r ogs\u00e5 unna for Synn\u00f8ve Findens julebrunost, if\u00f8lge selskapet. <\/p>\n<p>\u2013 Den er s\u00e5 popul\u00e6r at lageret v\u00e5rt ble t\u00f8mt allerede i midten av november, rundt to uker tidligere enn i fjor, opplyser kommunikasjonsdirekt\u00f8r Sofie Oraug-Rygh. <\/p>\n<p>Hun forteller at alt som er produsert, n\u00e5 er ute i butikkene. <\/p>\n<p> \u2013 S\u00e5 du m\u00e5 v\u00e6re tidlig ute for \u00e5 sikre Synn\u00f8ve julebrunost til frokostbordet, skriver hun. <\/p>\n<p>Ettertraktet utenfor landegrensene<\/p>\n<p>Mandag denne uken hadde statsminister Jonas Gahr St\u00f8re (Ap) med seg en julebrunost i bagasjen da han dro til toppm\u00f8te i Berlin. <\/p>\n<p>Julegaven skulle til Finlands president Alexander Stubb \u2013 som tydeligvis er blitt hektet. <\/p>\n<p> \u2013 Finlands president sendte meg en melding for noen dager siden og spurte om jeg kunne skaffe Tines julebrunost, som er en delikatesse. Den er litt s\u00f8tere og med litt mer krydder, fortalte statsministeren til NTB i Berlin.<\/p>\n<p>\u2013 Han sendte meg bilde p\u00e5 SMS av en tom innpakning. Tom plast. Han var g\u00e5tt tom, sa St\u00f8re. <\/p>\n<p>Den finske presidenten ble s\u00e5 glad for gaven at han senere forstyrret St\u00f8re under et pressetreff \u2013 og ropte ut sin takknemlighet. <\/p>\n<p>\u2013 Det vakte begeistring, vil jeg si, sier statsministeren.<\/p>\n<p>Ett tonn igjen<\/p>\n<p>Her til lands har julebrunosten v\u00e6rt en snakkis lenge.<\/p>\n<p>I flere \u00e5r har mediene skrevet om at produktet rives ut av butikkhyllene. Og 2025 ser ikke ut til \u00e5 v\u00e6re et unntak. <\/p>\n<p>N\u00e5 er det cirka 1 tonn igjen av Tines julebrunost, opplyser selskapet. <\/p>\n<p>\u2013 Det er fordelt p\u00e5 lagre rundt om i hele landet. Interessen for julebrunosten har tatt helt av, sier kommunikasjonssjefen. <\/p>\n<p>En av dem som tidligere har st\u00e5tt fram som stor fan av julebrunosten, er kjendis\u00f8konom Hallgeir Kvadsheim. <\/p>\n<p>\nI fjor fortalte han <a href=\"https:\/\/www.godt.no\/aktuelt\/i\/73Rv3v\/hallgeir-kvadsheim-jubler-ikke-et-sekund-for-tidlig\" target=\"_blank\" rel=\"nofollow noopener\">VG <\/a><br \/>\nat han hadde hamstret store mengder som skulle vare hele \u00e5ret.<\/p>\n","protected":false},"excerpt":{"rendered":"Finlands president sikret seg denne uken en norsk julebrunost. N\u00e5 kan produktet snart v\u00e6re borte fra butikkene igjen.&hellip;\n","protected":false},"author":2,"featured_media":117591,"comment_status":"","ping_status":"","sticky":false,"template":"","format":"standard","meta":{"footnotes":""},"categories":[12],"tags":[20,21,24,25,15,22,23,13,30,28,29,14,16,26,27,42,43,44,45],"class_list":{"0":"post-117590","1":"post","2":"type-post","3":"status-publish","4":"format-standard","5":"has-post-thumbnail","7":"category-verden","8":"tag-breaking-news","9":"tag-breakingnews","10":"tag-featured-news","11":"tag-featurednews","12":"tag-headlines","13":"tag-latest-news","14":"tag-latestnews","15":"tag-news","16":"tag-no","17":"tag-norge","18":"tag-norway","19":"tag-nyheter","20":"tag-overskrifter","21":"tag-top-stories","22":"tag-topstories","23":"tag-verden","24":"tag-world","25":"tag-world-news","26":"tag-worldnews"},"share_on_mastodon":{"url":"https:\/\/pubeurope.com\/@no\/115747274460262728","error":""},"_links":{"self":[{"href":"https:\/\/www.europesays.com\/no\/wp-json\/wp\/v2\/posts\/117590","targetHints":{"allow":["GET"]}}],"collection":[{"href":"https:\/\/www.europesays.com\/no\/wp-json\/wp\/v2\/posts"}],"about":[{"href":"https:\/\/www.europesays.com\/no\/wp-json\/wp\/v2\/types\/post"}],"author":[{"embeddable":true,"href":"https:\/\/www.europesays.com\/no\/wp-json\/wp\/v2\/users\/2"}],"replies":[{"embeddable":true,"href":"https:\/\/www.europesays.com\/no\/wp-json\/wp\/v2\/comments?post=117590"}],"version-history":[{"count":0,"href":"https:\/\/www.europesays.com\/no\/wp-json\/wp\/v2\/posts\/117590\/revisions"}],"wp:featuredmedia":[{"embeddable":true,"href":"https:\/\/www.europesays.com\/no\/wp-json\/wp\/v2\/media\/117591"}],"wp:attachment":[{"href":"https:\/\/www.europesays.com\/no\/wp-json\/wp\/v2\/media?parent=117590"}],"wp:term":[{"taxonomy":"category","embeddable":true,"href":"https:\/\/www.europesays.com\/no\/wp-json\/wp\/v2\/categories?post=117590"},{"taxonomy":"post_tag","embeddable":true,"href":"https:\/\/www.europesays.com\/no\/wp-json\/wp\/v2\/tags?post=117590"}],"curies":[{"name":"wp","href":"https:\/\/api.w.org\/{rel}","templated":true}]}}