{"id":117595,"date":"2025-12-19T17:07:23","date_gmt":"2025-12-19T17:07:23","guid":{"rendered":"https:\/\/www.europesays.com\/no\/117595\/"},"modified":"2025-12-19T17:07:23","modified_gmt":"2025-12-19T17:07:23","slug":"helse-bergen-bt-bergen-legevakt-mener-de-ga-forsvarlig-helsehjelp-til-linea-14","status":"publish","type":"post","link":"https:\/\/www.europesays.com\/no\/117595\/","title":{"rendered":"Helse, Bergen | BT: Bergen legevakt mener de ga forsvarlig helsehjelp til Linea (14)"},"content":{"rendered":"\n<p>Linea Solheim Hjortland (14) d\u00f8de i september som f\u00f8lge av en blodpropp i lungen. I forkant av d\u00f8dsfallet var hun i kontakt med Bergen legevakt to ganger, men ble sendt hjem begge gangene.<\/p>\n<p>N\u00e5 har Bergen legevakt levert sin redegj\u00f8relse til Statsforvalteren, melder <a href=\"https:\/\/www.bt.no\/helse\/i\/e781j4\/linea-hjortland-14-doede-braatt-bergen-legevakt-mener-helsehjelpen-var-forsvarlig\" rel=\"Follow nofollow noopener\" target=\"_blank\">BT<\/a>.<\/p>\n<p>  <a href=\"https:\/\/www.ba.no\/5-8-3195142\" class=\"related-teaser has-image default-story-teaser article--c-eRUmMG article--c-eRUmMG-jKCPdD-design-default\" rel=\"nofollow noopener\" target=\"_blank\"><\/p>\n<p>    <img decoding=\"async\" loading=\"lazy\"  src=\"https:\/\/www.europesays.com\/no\/wp-content\/uploads\/2025\/12\/eFsH4YFb_Z8_Redigert.jpg\" alt=\"\" class=\"brick-c-cFOWSL\" style=\"\"\/><\/p>\n<p>\n            Les ogs\u00e5<\/p>\n<p>              Legevakten politianmeldt etter Lineas (14) d\u00f8d: \u2013 En stor svikt\n        <\/p>\n<p>  <\/a><\/p>\n<p>I redegj\u00f8relsen konkluderer legevakten med at helsehjelpen som ble gitt var forsvarlig og i tr\u00e5d med gjeldende retningslinjer. De erkjenner imidlertid at det kan ha skjedd brudd p\u00e5 taushetsplikten, skriver avisen. <\/p>\n<p>   <img decoding=\"async\" width=\"7847\" height=\"5179\" fetchpriority=\"low\"  loading=\"lazy\"  src=\"https:\/\/www.europesays.com\/no\/wp-content\/uploads\/2025\/12\/EH9_0835_Redigert_1.JPG\" alt=\"\" class=\"brick-c-cFOWSL\" style=\"--brick-image-ratio: 7847 \/ 5179;\"\/><\/p>\n<p>      Mamma Sarah Solheim Hjortland f\u00f8rte ordet da hun og pappa Tommy Hjortland delte historien om datteren Linea med pressen i begynnelsen av november.<br \/>\n      Foto: EIRIK HAGES\u00c6TER\n    <\/p>\n<p>Foreldrene har tidligere uttalt at de f\u00f8ler seg sviktet av helsevesenet og har anmeldt b\u00e5de legevakten og datterens fastlege.<\/p>\n<p>\u2013 Vi opplever at ting som blir skrevet i uttalelsene fra legene ikke stemmer med hendelsen, sier mamma Sarah Solheim Hjortland til avisen.<\/p>\n<p>   <img decoding=\"async\" width=\"8256\" height=\"5504\" fetchpriority=\"low\"  loading=\"lazy\"  src=\"https:\/\/www.europesays.com\/no\/wp-content\/uploads\/2025\/12\/EH8_4618_Redigert.JPG\" alt=\"\" class=\"brick-c-cFOWSL\" style=\"--brick-image-ratio: 8256 \/ 5504;\"\/><\/p>\n<p>      Mamma Sarah Solheim Hjortland og pappa Tommy Hjortland mener Bergen legevakt sviktet da de mistet datteren Linea.<br \/>\n      Foto: EIRIK HAGES\u00c6TER\n    <\/p>\n<p>Politiadvokat Kristina Munkejord opplyser til BT at de venter p\u00e5 en innstilling fra Statsforvalteren, f\u00f8r de bestemmer seg for om de \u00e5pner etterforskning.<\/p>\n<p>Statsforvalteren i Vestland har opprettet tilsynssak for \u00e5 vurdere om det foreligger brudd p\u00e5 forsvarlighetskravet, og vil ikke kommentere saken f\u00f8r den er ferdigbehandlet.<\/p>\n","protected":false},"excerpt":{"rendered":"Linea Solheim Hjortland (14) d\u00f8de i september som f\u00f8lge av en blodpropp i lungen. I forkant av d\u00f8dsfallet&hellip;\n","protected":false},"author":2,"featured_media":117596,"comment_status":"","ping_status":"","sticky":false,"template":"","format":"standard","meta":{"footnotes":""},"categories":[10],"tags":[36,444,20,21,576,24,25,15,736,22,23,13,30,28,29,14,16,1510,26,27],"class_list":{"0":"post-117595","1":"post","2":"type-post","3":"status-publish","4":"format-standard","5":"has-post-thumbnail","7":"category-norge","8":"tag-art","9":"tag-bergen","10":"tag-breaking-news","11":"tag-breakingnews","12":"tag-dodsfall","13":"tag-featured-news","14":"tag-featurednews","15":"tag-headlines","16":"tag-helse","17":"tag-latest-news","18":"tag-latestnews","19":"tag-news","20":"tag-no","21":"tag-norge","22":"tag-norway","23":"tag-nyheter","24":"tag-overskrifter","25":"tag-story","26":"tag-top-stories","27":"tag-topstories"},"share_on_mastodon":{"url":"https:\/\/pubeurope.com\/@no\/115747334189050376","error":""},"_links":{"self":[{"href":"https:\/\/www.europesays.com\/no\/wp-json\/wp\/v2\/posts\/117595","targetHints":{"allow":["GET"]}}],"collection":[{"href":"https:\/\/www.europesays.com\/no\/wp-json\/wp\/v2\/posts"}],"about":[{"href":"https:\/\/www.europesays.com\/no\/wp-json\/wp\/v2\/types\/post"}],"author":[{"embeddable":true,"href":"https:\/\/www.europesays.com\/no\/wp-json\/wp\/v2\/users\/2"}],"replies":[{"embeddable":true,"href":"https:\/\/www.europesays.com\/no\/wp-json\/wp\/v2\/comments?post=117595"}],"version-history":[{"count":0,"href":"https:\/\/www.europesays.com\/no\/wp-json\/wp\/v2\/posts\/117595\/revisions"}],"wp:featuredmedia":[{"embeddable":true,"href":"https:\/\/www.europesays.com\/no\/wp-json\/wp\/v2\/media\/117596"}],"wp:attachment":[{"href":"https:\/\/www.europesays.com\/no\/wp-json\/wp\/v2\/media?parent=117595"}],"wp:term":[{"taxonomy":"category","embeddable":true,"href":"https:\/\/www.europesays.com\/no\/wp-json\/wp\/v2\/categories?post=117595"},{"taxonomy":"post_tag","embeddable":true,"href":"https:\/\/www.europesays.com\/no\/wp-json\/wp\/v2\/tags?post=117595"}],"curies":[{"name":"wp","href":"https:\/\/api.w.org\/{rel}","templated":true}]}}