{"id":117599,"date":"2025-12-19T17:11:10","date_gmt":"2025-12-19T17:11:10","guid":{"rendered":"https:\/\/www.europesays.com\/no\/117599\/"},"modified":"2025-12-19T17:11:10","modified_gmt":"2025-12-19T17:11:10","slug":"sk-brann-bergen-ellen-46-havnet-midt-i-dramaet-jeg-har-fatt-meg-en-stokk","status":"publish","type":"post","link":"https:\/\/www.europesays.com\/no\/117599\/","title":{"rendered":"SK Brann, Bergen | Ellen (46) havnet midt i dramaet: \u2013 Jeg har f\u00e5tt meg en st\u00f8kk"},"content":{"rendered":"\n<p>BERGEN <a href=\"https:\/\/www.ba.no\/ellen-46-havnet-midt-i-dramaet-jeg-har-fatt-meg-en-stokk\/s\/5-8-3253546\" rel=\"Follow nofollow noopener\" target=\"_blank\">(Bergensavisen):<\/a> \u2013 Jeg tenkte bare: H\u00e5per ingen tr\u00e5kker p\u00e5 meg, sa hun i etterkant.<\/p>\n<p>Jarnung har jobbet som frivillig vakt p\u00e5 stadion i ti \u00e5r. Aldri har hun opplevd noe som er i n\u00e6rheten av det som skjedde for en dr\u00f8y uke siden.<\/p>\n<p>11. desember m\u00f8ttes Brann og Fenerbache i Europa League. Hun var som vanlig p\u00e5 jobb, men denne kampdagen ble ikke som de andre hun har v\u00e6rt tilstede p\u00e5.<\/p>\n<p>Som sektoransvarlig for BT-tribunen, som ligger rett ved bortetribunen, hvor det befant seg 1000 tilreisende Fenerbah\u00e7e-fans, fulgte hun \u00e5rv\u00e5kent med etter kampslutt. S\u00e5 tok det helt fyr.<\/p>\n<p>Fenerbah\u00e7e-fansen, som nettopp hadde sett laget sitt knuse Brann 4-0, s\u00e5 r\u00f8dt. Urolighetene startet da det ble viftet med et kurdisk flagg og ett  p\u00e5 hjemmetribunen.<\/p>\n<p>Lenge har det v\u00e6rt politiske gnisninger og uro mellom tyrkere og kurdere i Tyrkia. For \u00e5 si det mildt.<\/p>\n<p>\n          Stopp video<\/p>\n<p>          <video data-standalone=\"false\" preload=\"none\" muted=\"\" loop=\"\" playsinline=\"\" autoplay=\"\"><\/p>\n<p>          <\/video>\n        <\/p>\n<p>Illsinte tyrkiske fans klatret over gjerder og sperringer, og det oppsto ville sl\u00e5sskamper inne p\u00e5 tribunen og i gangene inne p\u00e5 tribunen.<\/p>\n<p>\u2013 Jeg l\u00f8p til for \u00e5 hjelpe og for \u00e5 pr\u00f8ve \u00e5 f\u00e5 folk i sikkerhet, men ble l\u00f8pt rett ned. Jeg ble liggende i trappen, mens folk hoppet og l\u00f8p rundt meg. Jeg var redd for at noen skulle tr\u00e5kke p\u00e5 meg, forklarte hun etter kampen.<\/p>\n<p>Kritisk til politiet<\/p>\n<p>Videoer viser dramatikken som utspilte seg. Hun havnet nederst i det som n\u00e6rmest s\u00e5 ut som en m\u00f8lje, der menn slo og sparket l\u00f8s p\u00e5 hverandre rundt henne.<\/p>\n<p><b>Les ogs\u00e5: <a href=\"https:\/\/www.nettavisen.no\/sport\/freddy-dos-santos-ansatt-i-norges-fotballforbund\/s\/5-95-2789146\" rel=\"Follow nofollow noopener\" target=\"_blank\">Freddy dos Santos ansatt i Norges Fotballforbund<\/a><\/b><\/p>\n<p>BA snakket med Jarnung cirka to timer etter hendelsen.<\/p>\n<p>Da forsikret hun om at det gikk fint med henne.<\/p>\n<p>   <img decoding=\"async\" width=\"6192\" height=\"4128\" fetchpriority=\"low\"  loading=\"lazy\"  src=\"https:\/\/www.europesays.com\/no\/wp-content\/uploads\/2025\/12\/ABK_8054.JPG\" alt=\"\" class=\"brick-c-cFOWSL\" style=\"--brick-image-ratio: 6192 \/ 4128;\"\/><\/p>\n<p>      Ellen Jarnung etterlyste hjelp fra politiet gjennom sambandet.<br \/>\n      Foto: Emil Weatherhead Breistein\n    <\/p>\n<p>\u2013 Da det skjedde, var jeg s\u00e5 full av adrenalin. Men i ettertid har det v\u00e6rt litt t\u00f8ft, sa Jarnung med bristende stemme.<\/p>\n<p>Da oppt\u00f8yene oppsto ropte hun i sambandet etter assistanse. Hun var ikke veldig imponert over politiet like etterp\u00e5.<\/p>\n<p>\u2013 Det sto tre politimenn mot bortefansen under kampen, men etterp\u00e5 var de vekke. Jeg vet ikke hvor de var. Jeg ropte \u00abhvor er politiet, hvor er politiet\u00bb. Jeg synes det tok veldig lang tid f\u00f8r de kom til, sa hun.<\/p>\n<p><b>Les ogs\u00e5: <a href=\"https:\/\/www.nettavisen.no\/sport\/netflix-nyhet-ny-ara-for-digital-fotball\/s\/5-95-2788904\" rel=\"Follow nofollow noopener\" target=\"_blank\">Netflix-nyhet: \u2013 Ny \u00e6ra for digital fotball<\/a><\/b><\/p>\n<p>Videoene bekrefter at det kun var vektere og frivillige i n\u00e6rheten. Etter en stund kom \u00e9n politimann til.<\/p>\n<p>Operasjonsleder i Vest politidistrikt, Bjarte Rebnord, ble forelagt kritikken natten etter kampslutt.<\/p>\n<p>\u2013 Jeg har ikke grunnlag til \u00e5 uttale meg om dette i kveld, sa Rebnord til BA da.<\/p>\n<p>\u2013 Frivillig sl\u00e5tt i bakhodet<\/p>\n<p>Til slutt var det en vekter som hjalp Jarnung p\u00e5 beina igjen.<\/p>\n<p>\u2013 Det blir nok en tur p\u00e5 legevakten fredag, sa hun etter at dramaet var over.<\/p>\n<p>If\u00f8lge Jarnung var hun ikke den eneste som fikk kjenne Fenerbah\u00e7e-fansens vrede p\u00e5 kroppen.<\/p>\n<p>   <img decoding=\"async\" width=\"6192\" height=\"4128\" fetchpriority=\"low\"  loading=\"lazy\"  src=\"https:\/\/www.europesays.com\/no\/wp-content\/uploads\/2025\/12\/ABK_8031+%281%29.jpg\" alt=\"\" class=\"brick-c-cFOWSL\" style=\"--brick-image-ratio: 6192 \/ 4128;\"\/><\/p>\n<p>      Her er det en kar som tar kraftig tak i Ellen.<br \/>\n      Foto: Emil Weatherhead Breistein\n    <\/p>\n<p>\u2013 En annen frivillig ble sl\u00e5tt i bakhodet. Det st\u00e5r etter forholdene bra til med vedkommende. Jeg har nettopp kj\u00f8rt henne hjem.<\/p>\n<p>\u2013 Men det skal ikke v\u00e6re s\u00e5nn som dette. Det er hoderystende. Det var virkelig kaotiske tilstander, uttalte 46-\u00e5ringen, som derfor ville at BA skulle fortelle hennes historie og vise bildene fra stygge voldsscenene som utspant seg.<\/p>\n<p>\u2013 Vil du fortsette som frivillig vakt p\u00e5 stadion?<\/p>\n<p>\u2013 Ja, det tror jeg. Jeg kan ikke la s\u00e5nt \u00f8delegge. Det er klart, det har satt en st\u00f8kk i meg. Men det g\u00e5r bra, alts\u00e5, sa hun tappert etter hendelsen forrige torsdag.<\/p>\n","protected":false},"excerpt":{"rendered":"BERGEN (Bergensavisen): \u2013 Jeg tenkte bare: H\u00e5per ingen tr\u00e5kker p\u00e5 meg, sa hun i etterkant. Jarnung har jobbet&hellip;\n","protected":false},"author":2,"featured_media":111571,"comment_status":"","ping_status":"","sticky":false,"template":"","format":"standard","meta":{"footnotes":""},"categories":[59],"tags":[30,28,29,83,82],"class_list":{"0":"post-117599","1":"post","2":"type-post","3":"status-publish","4":"format-standard","5":"has-post-thumbnail","7":"category-sport","8":"tag-no","9":"tag-norge","10":"tag-norway","11":"tag-sport","12":"tag-sports"},"share_on_mastodon":{"url":"https:\/\/pubeurope.com\/@no\/115747349244037474","error":""},"_links":{"self":[{"href":"https:\/\/www.europesays.com\/no\/wp-json\/wp\/v2\/posts\/117599","targetHints":{"allow":["GET"]}}],"collection":[{"href":"https:\/\/www.europesays.com\/no\/wp-json\/wp\/v2\/posts"}],"about":[{"href":"https:\/\/www.europesays.com\/no\/wp-json\/wp\/v2\/types\/post"}],"author":[{"embeddable":true,"href":"https:\/\/www.europesays.com\/no\/wp-json\/wp\/v2\/users\/2"}],"replies":[{"embeddable":true,"href":"https:\/\/www.europesays.com\/no\/wp-json\/wp\/v2\/comments?post=117599"}],"version-history":[{"count":0,"href":"https:\/\/www.europesays.com\/no\/wp-json\/wp\/v2\/posts\/117599\/revisions"}],"wp:featuredmedia":[{"embeddable":true,"href":"https:\/\/www.europesays.com\/no\/wp-json\/wp\/v2\/media\/111571"}],"wp:attachment":[{"href":"https:\/\/www.europesays.com\/no\/wp-json\/wp\/v2\/media?parent=117599"}],"wp:term":[{"taxonomy":"category","embeddable":true,"href":"https:\/\/www.europesays.com\/no\/wp-json\/wp\/v2\/categories?post=117599"},{"taxonomy":"post_tag","embeddable":true,"href":"https:\/\/www.europesays.com\/no\/wp-json\/wp\/v2\/tags?post=117599"}],"curies":[{"name":"wp","href":"https:\/\/api.w.org\/{rel}","templated":true}]}}