{"id":117614,"date":"2025-12-19T17:33:19","date_gmt":"2025-12-19T17:33:19","guid":{"rendered":"https:\/\/www.europesays.com\/no\/117614\/"},"modified":"2025-12-19T17:33:19","modified_gmt":"2025-12-19T17:33:19","slug":"stopperkjempene-ute-mot-villa","status":"publish","type":"post","link":"https:\/\/www.europesays.com\/no\/117614\/","title":{"rendered":"Stopperkjempene ute mot Villa"},"content":{"rendered":"<p>        Shaun Brooks &#8211; CameraSport\n    <\/p>\n<p class=\"kicker font-weight-bold m-font-weight-bold tertiary color_mobile_tertiary\" style=\"\">AMORIM BEKREFTER:<\/p>\n<p>Manchester United m\u00e5 klare seg uten b\u00e5de Matthijs de Ligt og Harry Maguire n\u00e5r de s\u00f8ndag tar turen til Villa Park for \u00e5 m\u00f8te Aston Villa. Det bekreftet R\u00faben Amorim p\u00e5 fredagens pressekonferanse.\u00a0<\/p>\n<p>Maguire har v\u00e6rt ute siden bortekampen mot Tottenham 8. november, mens De Ligt ikke har v\u00e6rt i aksjon siden seieren i en annen del av London, borte mot Crystal Palace den 30. november.<\/p>\n<p>Det har v\u00e6rt rapporter om at Maguire n\u00e6rmer seg et comeback, men verken han eller De Ligt er alts\u00e5 klare til \u00e5 spille s\u00f8ndag.\u00a0<\/p>\n<p>Ingen andre spillere har p\u00e5dratt seg skader siden forrige kamp.<\/p>\n<p>Fra f\u00f8r m\u00e5 United klare seg uten trioen Noussair Mazraoui, Amad og Bryan Mbeumo som alle deltar i Afrikamesterskapet. I tillegg er Casemiro suspendert.\u00a0<\/p>\n<p>Amorim er klar p\u00e5 at det er en t\u00f8ff kamp som venter United s\u00f8ndag. P\u00e5 sp\u00f8rsm\u00e5l om Aston Villa er en reell tittelutfordrer svarer han:\u00a0<\/p>\n<p>&#8211; Alt kan skje. De har en manager med mye erfaring og du merker at det er et veldig modent lag som ikke f\u00e5r panikk n\u00e5r de taper eller blir overveldet n\u00e5r de vinner. Det er et veldig sterkt lag. Om de kommer til \u00e5 kjempe hele veien inn (til slutten av sesongen) vet jeg ikke, men de er kapable til det.\u00a0<\/p>\n","protected":false},"excerpt":{"rendered":"Shaun Brooks &#8211; CameraSport AMORIM BEKREFTER: Manchester United m\u00e5 klare seg uten b\u00e5de Matthijs de Ligt og Harry&hellip;\n","protected":false},"author":2,"featured_media":117615,"comment_status":"","ping_status":"","sticky":false,"template":"","format":"standard","meta":{"footnotes":""},"categories":[59],"tags":[30,28,29,83,82],"class_list":{"0":"post-117614","1":"post","2":"type-post","3":"status-publish","4":"format-standard","5":"has-post-thumbnail","7":"category-sport","8":"tag-no","9":"tag-norge","10":"tag-norway","11":"tag-sport","12":"tag-sports"},"share_on_mastodon":{"url":"https:\/\/pubeurope.com\/@no\/115747435471747526","error":""},"_links":{"self":[{"href":"https:\/\/www.europesays.com\/no\/wp-json\/wp\/v2\/posts\/117614","targetHints":{"allow":["GET"]}}],"collection":[{"href":"https:\/\/www.europesays.com\/no\/wp-json\/wp\/v2\/posts"}],"about":[{"href":"https:\/\/www.europesays.com\/no\/wp-json\/wp\/v2\/types\/post"}],"author":[{"embeddable":true,"href":"https:\/\/www.europesays.com\/no\/wp-json\/wp\/v2\/users\/2"}],"replies":[{"embeddable":true,"href":"https:\/\/www.europesays.com\/no\/wp-json\/wp\/v2\/comments?post=117614"}],"version-history":[{"count":0,"href":"https:\/\/www.europesays.com\/no\/wp-json\/wp\/v2\/posts\/117614\/revisions"}],"wp:featuredmedia":[{"embeddable":true,"href":"https:\/\/www.europesays.com\/no\/wp-json\/wp\/v2\/media\/117615"}],"wp:attachment":[{"href":"https:\/\/www.europesays.com\/no\/wp-json\/wp\/v2\/media?parent=117614"}],"wp:term":[{"taxonomy":"category","embeddable":true,"href":"https:\/\/www.europesays.com\/no\/wp-json\/wp\/v2\/categories?post=117614"},{"taxonomy":"post_tag","embeddable":true,"href":"https:\/\/www.europesays.com\/no\/wp-json\/wp\/v2\/tags?post=117614"}],"curies":[{"name":"wp","href":"https:\/\/api.w.org\/{rel}","templated":true}]}}