{"id":117618,"date":"2025-12-19T17:39:11","date_gmt":"2025-12-19T17:39:11","guid":{"rendered":"https:\/\/www.europesays.com\/no\/117618\/"},"modified":"2025-12-19T17:39:11","modified_gmt":"2025-12-19T17:39:11","slug":"bekrefter-haster-videre-dagbladet","status":"publish","type":"post","link":"https:\/\/www.europesays.com\/no\/117618\/","title":{"rendered":"Bekrefter: Haster videre &#8211; Dagbladet"},"content":{"rendered":"<ol>\n<li><a href=\"https:\/\/news.google.com\/rss\/articles\/CBMic0FVX3lxTE5JT25ZUXJrX0Q3Wmh3dmRyQlR2TmZVNTVYMG1QN09rTzlIRFBoREJmN3FrRklleUJMdUlEU2dGZHlxcmNPS25SV2h0VWhtQ0pkMGlFZ05aUUNJN2lXdlNsaC1hYkNyaE9QT1UzOWVhekhDVjA?oc=5\" target=\"_blank\" rel=\"nofollow noopener\">Bekrefter: Haster videre<\/a>&nbsp;&nbsp;Dagbladet<\/li>\n<li><a href=\"https:\/\/news.google.com\/rss\/articles\/CBMiwwFBVV95cUxOdXpkdUNCa2FwbHNDZ2hkZVJJYUN6SjRIeEZnNzVkaWJKaVlGVW1IWGFOMGdaSDE3Rld0aGo1ZC1pLXMzQmlocVNaX2xsWmVEOGVCbDgtTERfRFRoWDVaWVRIX2Vyc2tMTjFzQUZUNV9tbHBsbjJUVHlYRkQwR0JydXczSTdEWGJkTU9RRkE5dnE0eG9zTTlNTFRfeHdCR3g5Q1JkU1BQLXZ0WFR5NkNmQWRTYXlZUEg0ekUya1RuNUxHaVk?oc=5\" target=\"_blank\" rel=\"nofollow noopener\">Skal vi danse, Catalin Mihu | \u00abSkal vi danse\u00bb: Iselin Gutormsen med klar finale-beskjed: \u2013 Hun er ikke den beste<\/a>&nbsp;&nbsp;Nettavisen<\/li>\n<li><a href=\"https:\/\/news.google.com\/rss\/articles\/CBMiigFBVV95cUxNLWRJcDdsallTMWJuYk1TWndjS01PVkFYX0lVSTVxcjFSdFpWNlc3YVVkalZhUWtZOEI2MHBRU0REaUNsUklIZUExTGJMYm11bXRkQmhWdHRpQk9ZSXVFdjhIRUhlTDR3MGZjdGhtdnRXekZoRXJUc3FqNGFWcWVOYWdpbmE4aXg4ZlE?oc=5\" target=\"_blank\" rel=\"nofollow noopener\">Nyhet, Kjendis | Vill festing bak kulissene: \u2013 Ikke \u00e9n avholdskveld<\/a>&nbsp;&nbsp;\u00d8stlandets Blad<\/li>\n<li><a href=\"https:\/\/news.google.com\/rss\/articles\/CBMiggFBVV95cUxOd1Rnc2g4OG1Fc2pzTWhoUFJqbFd5WDFPMU1NX1JfMkloRjdJQlZ1RU1PNGlqZnAtcmZTMk9LdlFUSDRDWGk2cUVTQmh3UnBYd2REeDhIb0drS0NEQUFCOTNpalFBT0UxYk5hVGgzMjhYNTFnZjViOERCeTJIX3M5Vm53?oc=5\" target=\"_blank\" rel=\"nofollow noopener\">Skal vi danse-finale: \u00c9n av disse vinner<\/a>&nbsp;&nbsp;Norsk Tipping<\/li>\n<li><a href=\"https:\/\/news.google.com\/rss\/articles\/CBMiqAFBVV95cUxOWk9JTGsyZi1wZ0FTRUZXUkpRcXpWMFNKOGItZzlJRmk0VWVzck03Yk8xVEpEbWhIRW1iNlptSkFqaUpNVjJSWjB1QmZWS0IwSmJqNTQyTTd0MXM3MXg0TWlRZ1psaWZ5T2s5ZHhjTC1IdEhkQ1E5eWE4RHlvdi1NZTh4N0NRSmx4MEo4RG1UcEVkZThBY2FLaDEtMlJaaGJsbmhCcFVWMnA?oc=5\" target=\"_blank\" rel=\"nofollow noopener\">Kultur, TV 2 | \u2013 Vi har nok s\u00f8lv i Kongsberg, s\u00e5 det hadde v\u00e6rt g\u00f8y med gull<\/a>&nbsp;&nbsp;Laagendalsposten<\/li>\n<\/ol>\n","protected":false},"excerpt":{"rendered":"Bekrefter: Haster videre&nbsp;&nbsp;Dagbladet Skal vi danse, Catalin Mihu | \u00abSkal vi danse\u00bb: Iselin Gutormsen med klar finale-beskjed: \u2013&hellip;\n","protected":false},"author":2,"featured_media":117619,"comment_status":"","ping_status":"","sticky":false,"template":"","format":"standard","meta":{"footnotes":""},"categories":[5],"tags":[20,21,24,25,15,19,2286,479,22,23,17,18,13,30,28,29,14,16,2280,26,27],"class_list":{"0":"post-117618","1":"post","2":"type-post","3":"status-publish","4":"format-standard","5":"has-post-thumbnail","7":"category-overskrifter","8":"tag-breaking-news","9":"tag-breakingnews","10":"tag-featured-news","11":"tag-featurednews","12":"tag-headlines","13":"tag-hovedoppslag","14":"tag-jan-thomas","15":"tag-kjendis","16":"tag-latest-news","17":"tag-latestnews","18":"tag-main-news","19":"tag-mainnews","20":"tag-news","21":"tag-no","22":"tag-norge","23":"tag-norway","24":"tag-nyheter","25":"tag-overskrifter","26":"tag-skal-vi-danse","27":"tag-top-stories","28":"tag-topstories"},"share_on_mastodon":{"url":"https:\/\/pubeurope.com\/@no\/115747459301624781","error":""},"_links":{"self":[{"href":"https:\/\/www.europesays.com\/no\/wp-json\/wp\/v2\/posts\/117618","targetHints":{"allow":["GET"]}}],"collection":[{"href":"https:\/\/www.europesays.com\/no\/wp-json\/wp\/v2\/posts"}],"about":[{"href":"https:\/\/www.europesays.com\/no\/wp-json\/wp\/v2\/types\/post"}],"author":[{"embeddable":true,"href":"https:\/\/www.europesays.com\/no\/wp-json\/wp\/v2\/users\/2"}],"replies":[{"embeddable":true,"href":"https:\/\/www.europesays.com\/no\/wp-json\/wp\/v2\/comments?post=117618"}],"version-history":[{"count":0,"href":"https:\/\/www.europesays.com\/no\/wp-json\/wp\/v2\/posts\/117618\/revisions"}],"wp:featuredmedia":[{"embeddable":true,"href":"https:\/\/www.europesays.com\/no\/wp-json\/wp\/v2\/media\/117619"}],"wp:attachment":[{"href":"https:\/\/www.europesays.com\/no\/wp-json\/wp\/v2\/media?parent=117618"}],"wp:term":[{"taxonomy":"category","embeddable":true,"href":"https:\/\/www.europesays.com\/no\/wp-json\/wp\/v2\/categories?post=117618"},{"taxonomy":"post_tag","embeddable":true,"href":"https:\/\/www.europesays.com\/no\/wp-json\/wp\/v2\/tags?post=117618"}],"curies":[{"name":"wp","href":"https:\/\/api.w.org\/{rel}","templated":true}]}}