{"id":117620,"date":"2025-12-19T17:40:36","date_gmt":"2025-12-19T17:40:36","guid":{"rendered":"https:\/\/www.europesays.com\/no\/117620\/"},"modified":"2025-12-19T17:40:36","modified_gmt":"2025-12-19T17:40:36","slug":"ole-gunnar-solskjaer-age-hareide","status":"publish","type":"post","link":"https:\/\/www.europesays.com\/no\/117620\/","title":{"rendered":"Ole Gunnar Solskj\u00e6r, \u00c5ge Hareide"},"content":{"rendered":"\n<p><b><a href=\"https:\/\/www.nettavisen.no\/sport\/ole-gunnar-solskjar-hyller-age-hareide-han-var-en-kraftpakke\/s\/5-95-2789370\" rel=\"Follow nofollow noopener\" target=\"_blank\">Nettavisen:<\/a> <\/b>\u2013 \u00c5ge er og var min mentor. Jeg har l\u00e6rt s\u00e5 mye av \u00c5ge gjennom mitt fotball-liv og vi har mistet en \u00abtrue great\u00bb! Han var en kraftpakke av en mann, verdens mest smittsomme entusiasme, smil og latter. Han har satt sine spor mange steder i fotballverdenen, uttaler Ole Gunnar Solskj\u00e6r til <a href=\"https:\/\/www.tv2.no\/sport\/solskjaer-til-tv-2-age-er-og-var-min-mentor\/18399674\/\" rel=\"Follow nofollow noopener\" target=\"_blank\">TV 2.<\/a><\/p>\n<p>Solskj\u00e6r fikk sitt gjennombrudd i fotballen da han hadde Hareide som trener i Molde p\u00e5 1990-tallet. Senere hadde Solskj\u00e6r Hareide som trener p\u00e5 landslaget.<\/p>\n<p><b><a href=\"https:\/\/www.tk.no\/sport\/rokke-hyller-hareide-mer-enn-en-fotballtrener\/s\/5-95-2788757\" rel=\"Follow nofollow noopener\" target=\"_blank\">Les ogs\u00e5: R\u00f8kke: \u2013 Mer enn en fotballtrener<\/a><\/b><\/p>\n<p>   <img decoding=\"async\" width=\"2718\" height=\"1957\" fetchpriority=\"low\"  loading=\"lazy\"  src=\"https:\/\/www.europesays.com\/no\/wp-content\/uploads\/2025\/12\/NTB_1a19bxxAXN8.jpg\" alt=\"Oslo 20040427&#10;Fotball. Landslaget trener p\u00e5 Bislett stadion dagen f\u00f8r privatlandskampen mot Russland.&#10;Landslagstrener \u00c5ge Hareide instruerer her Ole Gunnar Solskj\u00e6r under fotballandslagets trening.&#10;Foto: Cornelius Poppe \/ NTB\" class=\"brick-c-cFOWSL\" style=\"--brick-image-ratio: 2718 \/ 1957;\"\/><\/p>\n<p>      LANDSLAGET: Ole Gunnar Solskj\u00e6r og \u00c5ge Hareide under en landslagssamling da Hareide var landslagstrener.<br \/>\n      Foto: Cornelius Poppe (NTB)\n    <\/p>\n<p>Solskj\u00e6r beskriver Hareide som en leder og inspirator som fikk med seg spillerne mot m\u00e5let som ett lag.<\/p>\n<p>\u2013 Jeg vil savne alle v\u00e5re gode samtaler, men sitte igjen med s\u00e5 mange gode minner. Vi tenker alle p\u00e5 Annbj\u00f8rg, Bendik, Anne Henrikke og resten av familien hans n\u00e5, uttaler Solskj\u00e6r.<\/p>\n<p>Hareide d\u00f8de torsdag, 72 \u00e5r gammel.<\/p>\n<p>\u2013 Pappa sovnet inn i kveld, hjemme sammen med familien rundt seg. N\u00e5 har han spilt sin siste kamp. Vi er evig takknemlig for all kj\u00e6rlighet vi har f\u00e5tt i tiden han har v\u00e6rt syk, sa s\u00f8nnen Bendik Hareide i en uttalelse.<\/p>\n<p>Fotballprofilen fikk p\u00e5vist hjernekreft i sommer, og i november ble sykdommen offentlig kjent da landslagstrener St\u00e5le Solbakken sendte en hilsen til Hareide dagen f\u00f8r Norges m\u00f8te med Italia p\u00e5 San Siro.<\/p>\n","protected":false},"excerpt":{"rendered":"Nettavisen: \u2013 \u00c5ge er og var min mentor. Jeg har l\u00e6rt s\u00e5 mye av \u00c5ge gjennom mitt fotball-liv&hellip;\n","protected":false},"author":2,"featured_media":117621,"comment_status":"","ping_status":"","sticky":false,"template":"","format":"standard","meta":{"footnotes":""},"categories":[59],"tags":[11648,36,92,30,28,29,505,83,82,1510],"class_list":{"0":"post-117620","1":"post","2":"type-post","3":"status-publish","4":"format-standard","5":"has-post-thumbnail","7":"category-sport","8":"tag-age-hareide","9":"tag-art","10":"tag-fotball","11":"tag-no","12":"tag-norge","13":"tag-norway","14":"tag-ole-gunnar-solskjaer","15":"tag-sport","16":"tag-sports","17":"tag-story"},"share_on_mastodon":{"url":"https:\/\/pubeurope.com\/@no\/115747463456387205","error":""},"_links":{"self":[{"href":"https:\/\/www.europesays.com\/no\/wp-json\/wp\/v2\/posts\/117620","targetHints":{"allow":["GET"]}}],"collection":[{"href":"https:\/\/www.europesays.com\/no\/wp-json\/wp\/v2\/posts"}],"about":[{"href":"https:\/\/www.europesays.com\/no\/wp-json\/wp\/v2\/types\/post"}],"author":[{"embeddable":true,"href":"https:\/\/www.europesays.com\/no\/wp-json\/wp\/v2\/users\/2"}],"replies":[{"embeddable":true,"href":"https:\/\/www.europesays.com\/no\/wp-json\/wp\/v2\/comments?post=117620"}],"version-history":[{"count":0,"href":"https:\/\/www.europesays.com\/no\/wp-json\/wp\/v2\/posts\/117620\/revisions"}],"wp:featuredmedia":[{"embeddable":true,"href":"https:\/\/www.europesays.com\/no\/wp-json\/wp\/v2\/media\/117621"}],"wp:attachment":[{"href":"https:\/\/www.europesays.com\/no\/wp-json\/wp\/v2\/media?parent=117620"}],"wp:term":[{"taxonomy":"category","embeddable":true,"href":"https:\/\/www.europesays.com\/no\/wp-json\/wp\/v2\/categories?post=117620"},{"taxonomy":"post_tag","embeddable":true,"href":"https:\/\/www.europesays.com\/no\/wp-json\/wp\/v2\/tags?post=117620"}],"curies":[{"name":"wp","href":"https:\/\/api.w.org\/{rel}","templated":true}]}}