{"id":117624,"date":"2025-12-19T17:45:32","date_gmt":"2025-12-19T17:45:32","guid":{"rendered":"https:\/\/www.europesays.com\/no\/117624\/"},"modified":"2025-12-19T17:45:32","modified_gmt":"2025-12-19T17:45:32","slug":"ullensvang-jondal-forarkortbeslag-etter-front-mot-front-pa-fv-550","status":"publish","type":"post","link":"https:\/\/www.europesays.com\/no\/117624\/","title":{"rendered":"Ullensvang, Jondal | F\u00f8rarkortbeslag etter front-mot-front p\u00e5 fv. 550"},"content":{"rendered":"\n<p>Politiet fekk melding om ulykka klokka 19, og<a href=\"https:\/\/www.hardanger-folkeblad.no\/siste-nytt-fra-indre-hardanger\/s\/5-22-384210?p=lc-10721139-7218-hardangerfolkeblad\" rel=\"Follow nofollow noopener\" target=\"_blank\"> alle naudetatane rykte ut til staden.<\/a><\/p>\n<p>Ulykka skal ha skjedd like utom Sv\u00e5sand i retning Herand p\u00e5 fv. 550.<\/p>\n<p><b>\u2013 Den eine bilen blei liggande p\u00e5 sida midt i vegen, som var stengd i fleire timar. Det var ikkje passasje, opplyser innsatsleiar ved Hardanger politistasjon, Svein Buer.<\/b><\/p>\n<p>I alt var det tre personar involverte i ulykka, alle menn i ten\u00e5ra.<\/p>\n<p>Det er 80-sone p\u00e5 staden der ulykka skjedde, og det var store materielle skadar p\u00e5 bilane. Det er ikkje meld om personskadar.<\/p>\n<p><b>\u2013 Den eine f\u00f8raren har f\u00e5tt f\u00f8rarkortet sitt beslaglagd etter ulykka. Politiet meiner at han har k\u00f8yrd aktlaust og for\u00e5rsaka ulykka, opplyser Buer som fortel at politiet har oppretta sak.<\/b><\/p>\n<p>Politiet har avh\u00f8yrt dei tre involverte og meiner dei har grei oversikt over kva som har skjedd.<\/p>\n<p>\u2013 S\u00e5 f\u00e5r me sj\u00e5 kva vidare etterforsking viser, kommenterer innsatsleiaren.<\/p>\n<p>Vegen blei opna att klokka 22:30 med dirigering og klokka 22:48 blei det opna for fri ferdsle.<\/p>\n<p>\u2013 Det var stengd ei stund sidan ein m\u00e5tte rydde og spyle i etterkant. Det var ein del lekkasje, seier Buer.<\/p>\n","protected":false},"excerpt":{"rendered":"Politiet fekk melding om ulykka klokka 19, og alle naudetatane rykte ut til staden. Ulykka skal ha skjedd&hellip;\n","protected":false},"author":2,"featured_media":34604,"comment_status":"","ping_status":"","sticky":false,"template":"","format":"standard","meta":{"footnotes":""},"categories":[10],"tags":[36,20,21,24,25,15,14159,14158,7531,22,23,13,30,28,29,14,16,254,1510,26,27,224,457,1204],"class_list":{"0":"post-117624","1":"post","2":"type-post","3":"status-publish","4":"format-standard","5":"has-post-thumbnail","7":"category-norge","8":"tag-art","9":"tag-breaking-news","10":"tag-breakingnews","11":"tag-featured-news","12":"tag-featurednews","13":"tag-headlines","14":"tag-herand","15":"tag-jondal","16":"tag-kollisjon","17":"tag-latest-news","18":"tag-latestnews","19":"tag-news","20":"tag-no","21":"tag-norge","22":"tag-norway","23":"tag-nyheter","24":"tag-overskrifter","25":"tag-politi","26":"tag-story","27":"tag-top-stories","28":"tag-topstories","29":"tag-trafikk","30":"tag-ullensvang","31":"tag-ulykker"},"share_on_mastodon":{"url":"https:\/\/pubeurope.com\/@no\/115747482962506350","error":""},"_links":{"self":[{"href":"https:\/\/www.europesays.com\/no\/wp-json\/wp\/v2\/posts\/117624","targetHints":{"allow":["GET"]}}],"collection":[{"href":"https:\/\/www.europesays.com\/no\/wp-json\/wp\/v2\/posts"}],"about":[{"href":"https:\/\/www.europesays.com\/no\/wp-json\/wp\/v2\/types\/post"}],"author":[{"embeddable":true,"href":"https:\/\/www.europesays.com\/no\/wp-json\/wp\/v2\/users\/2"}],"replies":[{"embeddable":true,"href":"https:\/\/www.europesays.com\/no\/wp-json\/wp\/v2\/comments?post=117624"}],"version-history":[{"count":0,"href":"https:\/\/www.europesays.com\/no\/wp-json\/wp\/v2\/posts\/117624\/revisions"}],"wp:featuredmedia":[{"embeddable":true,"href":"https:\/\/www.europesays.com\/no\/wp-json\/wp\/v2\/media\/34604"}],"wp:attachment":[{"href":"https:\/\/www.europesays.com\/no\/wp-json\/wp\/v2\/media?parent=117624"}],"wp:term":[{"taxonomy":"category","embeddable":true,"href":"https:\/\/www.europesays.com\/no\/wp-json\/wp\/v2\/categories?post=117624"},{"taxonomy":"post_tag","embeddable":true,"href":"https:\/\/www.europesays.com\/no\/wp-json\/wp\/v2\/tags?post=117624"}],"curies":[{"name":"wp","href":"https:\/\/api.w.org\/{rel}","templated":true}]}}