{"id":117630,"date":"2025-12-19T17:51:16","date_gmt":"2025-12-19T17:51:16","guid":{"rendered":"https:\/\/www.europesays.com\/no\/117630\/"},"modified":"2025-12-19T17:51:16","modified_gmt":"2025-12-19T17:51:16","slug":"dette-betyr-eu-lanet-for-ukraina","status":"publish","type":"post","link":"https:\/\/www.europesays.com\/no\/117630\/","title":{"rendered":"Dette betyr EU-l\u00e5net for Ukraina"},"content":{"rendered":"<p>\u2013 Dette vil \u00e5penbart gi Ukraina en fordel i forhandlingene.<br \/>\nNorge skal ogs\u00e5 p\u00e5 banen med sine 85 milliarder kroner, i tillegg til<br \/>\nbidragene fra andre nasjoner. Jeg tror Ukraina vil f\u00e5 mer i 2026 enn i 2025, med en<br \/>\ngaranti for tydelig st\u00f8tte inn i 2027.<\/p>\n<p>Det sier Erlend Bj\u00f8rtvedt, r\u00e5dgiver, analytiker og daglig<br \/>\nleder i analyseselskapet\u00a0Corisk.<\/p>\n<p>Selskapet har sammen med Norsk Utenrikspolitisk Institutt (NUPI)<br \/>\nutarbeidet\u00a0<a href=\"https:\/\/www.researchgate.net\/publication\/398136837_Europe&#039;s_choice_Military_and_economic_scenarios_for_the_War_in_Ukraine_Corisk_Report_Series_No_12_2025\" rel=\"nofollow noopener\" target=\"_blank\">en<br \/>\nstudie<\/a>\u00a0som tar for seg betydningen for Europa ved b\u00e5de ukrainsk og<br \/>\nrussisk seier i Ukraina.<\/p>\n<p>\u2013 Det er ikke sikkert at krigen varer s\u00e5 lenge. Russland har<br \/>\ningen eksterne garantier, og spiser av sitt eget pensjonsfond, som snart er<br \/>\nt\u00f8mt. Det kan like fort bli Russland som bukker under, uten de \u00f8konomiske<br \/>\nressursene, sier Bj\u00f8rtvedt.\u00a0<\/p>\n<p>                <img decoding=\"async\" src=\"https:\/\/www.europesays.com\/no\/wp-content\/uploads\/2025\/12\/10121019.webp\" width=\"480\" height=\"360\" title=\"Erlend Bj\u00f8rtvedt, daglig leder og analytiker i analyseselskapet Corisk.\" alt=\"Erlend Bj\u00f8rtvedt, daglig leder og analytiker i analyseselskapet Corisk.\" loading=\"lazy\" style=\"\"\/><\/p>\n<p>\n            Erlend Bj\u00f8rtvedt, daglig leder og analytiker i analyseselskapet Corisk.<br \/>\n            FOTO: Privat\n        <\/p>\n<p>L\u00e5net<\/p>\n<p>185 av 210 milliarder euro tilh\u00f8rende den russiske sentralbanken befinner seg i form av fryste midler i Belgia.\u00a0<\/p>\n<p>Natt til fredag skrev EU-president Antonio Costa\u00a0<a href=\"https:\/\/x.com\/eucopresident\/status\/2001833884024213533\" rel=\"nofollow\">p\u00e5 X<\/a>\u00a0at<br \/>\nen avtale om et l\u00e5n p\u00e5 90 milliarder euro til Ukraina var inng\u00e5tt.<\/p>\n<p>\u2013 Vi har en avtale. Beslutningen om \u00e5 stille 90 milliarder<br \/>\neuro til r\u00e5dighet til st\u00f8tte for Ukraina for 2026\u20132027 er godkjent. Vi<br \/>\nforpliktet oss. Vi leverte, skrev Costa.\u00a0<\/p>\n<p class=\"font-weight-bold m-font-weight-bold\" data-lab-font_weight=\"font-weight-bold\">90 milliarder euro utgj\u00f8r omtrent 1000 milliarder norske<br \/>\nkroner, eller omtrent et halvt norsk statsbudsjett.\u00a0<\/p>\n<p>EU-toppm\u00f8tet satt samlet hele torsdag og langt inn i natt<br \/>\ntil fredag f\u00f8r enigheten kom. To l\u00f8sninger ble diskutert: Enten bruk av<br \/>\nrussiske midler som ligger fryst i europeiske banker, eller \u00e5 ta opp et<br \/>\nfelles\u00a0EU-l\u00e5n, skriver NTB.<\/p>\n<p>Det f\u00f8rste alternativet m\u00f8tte motstand fra Belgia, der<br \/>\nmesteparten av de russiske pengene befinner seg. Landet frykter russisk<br \/>\ngjengjeldelse dersom pengene tas i bruk.<\/p>\n<p>Alternativ nummer to \u2013 \u00e5 gi Ukraina et l\u00e5n p\u00e5 90 milliarder<br \/>\neuro, ble redningsplanken. Dette krever imidlertid enstemmighet, og Ungarn<br \/>\nhadde tidligere sagt blankt nei til et slikt l\u00e5n. Men til slutt gikk det etter<br \/>\nat Ungarn, sammen med Slovakia og Tsjekkia, ikke trenger \u00e5 v\u00e6re garantister<br \/>\nfor\u00a0EU-l\u00e5net.<\/p>\n<p>        <a itemprop=\"url\" class=\"\" href=\"https:\/\/www.dagsavisen.no\/nyheter\/zelenskyj-om-eu-lan-styrker-virkelig-var-motstandskraft\/10119038\" data-k5a-url=\"https:\/\/www.dagsavisen.no\/a\/10119038\" rel=\"nofollow noopener\" target=\"_blank\"><\/p>\n<p>            Zelenskyj om EU-l\u00e5n: \u2013 Styrker virkelig v\u00e5r motstandskraft<\/p>\n<p>        <\/a><\/p>\n<p>Russisk kompensasjon?<\/p>\n<p>Avtalen g\u00e5r blant annet ut p\u00e5 at\u00a0EU\u00a0fortsatt<br \/>\nbeholder de fryste russiske midlene til Russland har gitt Ukraina kompensasjon<br \/>\nfor krigen. Ukraina trenger ikke betale tilbake l\u00e5net til\u00a0EU\u00a0f\u00f8r<br \/>\nlandet har mottatt russisk kompensasjon, if\u00f8lge Friedrich Merz, forbundskansler<br \/>\ni Tyskland, skriver NTB.<\/p>\n<p>Hvis Russland ikke gj\u00f8r opp for seg etter krigen, blir midlene brukt for \u00e5 dekke l\u00e5net som\u00a0EU\u00a0har gitt til<br \/>\nUkraina, forklarer Merz videre.<\/p>\n<p>Uten ny finansiering ville Ukraina ha risikert \u00e5 g\u00e5 p\u00e5 et<br \/>\nunderskudd p\u00e5 45\u201350 milliarder euro neste \u00e5r.<\/p>\n<p>Viktor Orban, statsminister i Ungarn, sier han allerede<br \/>\nanser pengene som tapt.<\/p>\n<p>\u2013 N\u00e5r Orb\u00e1n kaller dette tapte penger, tror han nok at EU<br \/>\naldri vil f\u00e5 pengene tilbake fra Ukraina fordi Russland ikke vil betale<br \/>\nkrigserstatning. At Russland ikke vil betale dette, betyr ikke n\u00f8dvendigvis at<br \/>\nRussland vinner krigen, sier Bj\u00f8rtvedt.<\/p>\n<p>                <img decoding=\"async\" src=\"https:\/\/www.europesays.com\/no\/wp-content\/uploads\/2025\/12\/10121021.webp\" width=\"480\" height=\"274\" title=\"Ungarns statsminister Viktor Orban ville ikke ta del i EUs l\u00e5n.\" alt=\"Ungarns statsminister Viktor Orban ville ikke ta del i EUs l\u00e5n.\" loading=\"lazy\" style=\"\"\/><\/p>\n<p>\n            Ungarns statsminister Viktor Orban ville ikke ta del i EUs l\u00e5n.<br \/>\n            FOTO: Yves Herman\/Reuters\/NTB\n        <\/p>\n<p>Propagandasmil<\/p>\n<p>Vladimir Putins spesialutsending, Kirill Dmitrijev, skal ha<br \/>\nsagt at EU-toppm\u00f8tets beslutning er en seier for Russland, fordi l\u00e5net ikke tar<br \/>\ngaranti i fryste russiske midler.<\/p>\n<p>Bj\u00f8rtvedt kj\u00f8per ikke optimismen.<\/p>\n<p>\u2013 Det er propaganda. De er neppe s\u00e6rlig forn\u00f8yde med at<br \/>\nUkraina finansieres. Med denne l\u00f8sningen har man ikke r\u00f8rt de russiske midlene.<br \/>\nGarantien bak dette l\u00e5net er egentlig kun EUs eget budsjett, sier han.<\/p>\n<p>\u2013 Det at EU har tatt opp et l\u00e5n, gj\u00f8r at man fordeler byrden<br \/>\nmellom EU-landene. Mesteparten av tidligere europeisk st\u00f8tte har v\u00e6rt i form av<br \/>\nbilaterale bidrag, som har utgjort 80 prosent av bidragene.\u00a0<\/p>\n<p>Nordeuropeiske land<br \/>\nhar gitt langt mer enn s\u00f8reuropeiske land som Spania, Italia og Hellas.<\/p>\n<p>Han tror at l\u00e5net \u00f8ker mulighetene for \u00e5 finansiere Ukraina<br \/>\nn\u00e5r ikke bare noen f\u00e5 land bist\u00e5r.<\/p>\n<p>\u2013 N\u00e5r Russland uttaler seg positivt, fordi man i juridisk<br \/>\nforstand ikke har r\u00f8rt de russiske midlene, s\u00e5 betyr dette bare en utsettelse<br \/>\nav det politiske slaget om \u00e5 ta av de midlene. Det kommer uansett. EU kunne ha<br \/>\noverkj\u00f8rt Belgia, men man velger \u00e5 ikke gj\u00f8re det, p\u00e5peker\u00a0Bj\u00f8rtvedt.<\/p>\n<p>        <a itemprop=\"url\" class=\"\" href=\"https:\/\/www.dagsavisen.no\/nyheter\/putin-tror-ikke-ukraina-er-klare-for-fredssamtaler\/10119955\" data-k5a-url=\"https:\/\/www.dagsavisen.no\/a\/10119955\" rel=\"nofollow noopener\" target=\"_blank\"><\/p>\n<p>            Putin: Tror ikke Ukraina er klare for fredssamtaler<\/p>\n<p>        <\/a><\/p>\n<p>Statsapparatet<\/p>\n<p>Bj\u00f8rtvedt sier at man allerede har begynt \u00e5 ta beslag p\u00e5 de<br \/>\nrussiske pengene. Dette er fordi tidligere l\u00e5n til Ukraina har tatt sikkerhet i<br \/>\nrenteavkastningen p\u00e5 de russiske pengene, som ogs\u00e5 er fryste russiske midler.<\/p>\n<p>\u2013 Rent juridisk har man da krysset en grense, og jeg sp\u00e5r at<br \/>\nEU f\u00f8r eller siden vil ta hele steget og beslaglegge disse midlene, til fordel<br \/>\nfor Ukraina, mener Bj\u00f8rtvedt.<\/p>\n<p>EUs midler skal bidra p\u00e5 tre m\u00e5ter: Til milit\u00e6r st\u00f8tte, noe<br \/>\nhumanit\u00e6r st\u00f8tte, og en stor del som g\u00e5r rett i det ukrainske<br \/>\nfinansdepartementets statsbudsjett. Det best\u00e5r av l\u00f8pende sivile og milit\u00e6re<br \/>\nkostnader, som ogs\u00e5 kan brukes til v\u00e5pen.\u00a0<\/p>\n<p>\u2013 Det som er bra for den ukrainske \u00f8konomien er at<br \/>\nskatteinntektene \u00f8ker jevnt og trutt. Det var et kjempefall i brutto<br \/>\nnasjonalprodukt i 2022, etter invasjonen. Men etter det har skatteinntektene<br \/>\n\u00f8kt jevnt, sier han.<\/p>\n<p>Bj\u00f8rtvedt p\u00e5peker at Ukraina ogs\u00e5 i 2026 \u00e5pner for en mye<br \/>\nst\u00f8rre eksport fra sin egen v\u00e5penindustri.<\/p>\n<p>\u2013 Det er stor ledig kapasitet i ukrainsk milit\u00e6rindustri. De<br \/>\nproduserer under halvparten av det de kunne ha produsert. De kan ikke produsere<br \/>\nbare for \u00e5 produsere, de er avhengige av kunder.<\/p>\n<p>                <img decoding=\"async\" src=\"https:\/\/www.europesays.com\/no\/wp-content\/uploads\/2025\/12\/10121039.webp\" width=\"480\" height=\"274\" title=\"Ukraina er i bedre stand enn f\u00f8r til \u00e5 produsere v\u00e5pen som droner.\" alt=\"Ukraina er i bedre stand enn f\u00f8r til \u00e5 produsere v\u00e5pen som droner.\" loading=\"lazy\" style=\"\"\/><\/p>\n<p>\n            Ukraina er i bedre stand enn f\u00f8r til \u00e5 produsere v\u00e5pen som droner.<br \/>\n            FOTO: Genya Savilov\/AFP\/NTB\n        <\/p>\n<p>Den plutselige og voldsomme pengebruken i 2022 f\u00f8rte ogs\u00e5<br \/>\ntil inflasjon. Fordelen for Ukrainas \u00f8konomi er at mer av deres egen<br \/>\nv\u00e5penproduksjon skjer ellers i Europa, for eksempel i Norge og Danmark.<\/p>\n<p>        <a itemprop=\"url\" class=\"\" href=\"https:\/\/www.dagsavisen.no\/nyheter\/na-er-stoltenbergs-skattekommisjon-klar-eigil-knutsen-blir-leder\/10120379\" data-k5a-url=\"https:\/\/www.dagsavisen.no\/a\/10120379\" rel=\"nofollow noopener\" target=\"_blank\"><\/p>\n<p>            N\u00e5 er Stoltenbergs skattekommisjon klar \u2013 Eigil Knutsen blir leder<\/p>\n<p>        <\/a><\/p>\n<p>Rapporten<\/p>\n<p>Rapporten, som Bj\u00f8rtvedt og Corisk har laget med NUPI, tar<br \/>\nh\u00f8yde for to mulige utfall. I utfall 2 ses det p\u00e5 kostnadene ved en ukrainsk<br \/>\nseier, som de konkluderer med at vil v\u00e6re langt billigere for Europa.<\/p>\n<p class=\"font-weight-bold m-font-weight-bold\" data-lab-font_weight=\"font-weight-bold\">Allikevel er ikke pengene i det nye l\u00e5net nok til \u00e5 sikre en<br \/>\nukrainsk seier.<\/p>\n<p>\u2013 Det m\u00e5 mer penger til for en seier for Ukraina. Garantien<br \/>\nfor l\u00e5net budsjetteres i EUs budsjett, ikke de individuelle medlemslandene.<br \/>\nDerfor vil medlemslandene ha det samme budsjettrommet til \u00e5 fortsette med<br \/>\nbilaterale bidrag til Ukraina.<\/p>\n<p>Bj\u00f8rtvedt mener at m\u00e5ten l\u00e5net er lagt opp p\u00e5 i<br \/>\nEU-budsjettet, \u00e5pner for st\u00f8rre st\u00f8tte til Ukraina enn i 2025.<\/p>\n<p>\u2013 Allikevel er det verdt \u00e5 huske at Europa er n\u00f8dt til \u00e5<br \/>\nveie opp for tidligere st\u00f8tte fra USA, som l\u00e5 p\u00e5 et sted mellom 35\u201340<br \/>\nmilliarder euro \u00e5rlig. For 2026 g\u00e5r det kun en milliard euro til Ukraina fra USA. Dette<br \/>\ner Europa n\u00f8dt til \u00e5 dekke, sier han.<\/p>\n<p>                <img decoding=\"async\" src=\"https:\/\/www.europesays.com\/no\/wp-content\/uploads\/2025\/12\/10121059.webp\" width=\"480\" height=\"274\" title=\"Enkelte av Russlands regioner har kuttet hardt i b\u00e5de l\u00f8nn og oppstartsbonus for sine soldater, p\u00e5 grunn av pengemangel. Nettopp disse pengene har tidligere s\u00f8rget for en jevn flyt av rekrutter.\" alt=\"Enkelte av Russlands regioner har kuttet hardt i b\u00e5de l\u00f8nn og oppstartsbonus for sine soldater, p\u00e5 grunn av pengemangel. Nettopp disse pengene har s\u00f8rget for en jevn flyt av rekrutter.\" loading=\"lazy\" style=\"\"\/><\/p>\n<p>\n            Enkelte av Russlands regioner har kuttet hardt i b\u00e5de l\u00f8nn og oppstartsbonus for sine soldater, p\u00e5 grunn av pengemangel. Nettopp disse pengene har tidligere s\u00f8rget for en jevn flyt av rekrutter.<br \/>\n            FOTO: Kirill Kudryavtsev\/AFP\/NTB\n        <\/p>\n<p>\u2013 I beste fall vil Ukraina sammenlagt f\u00e5 litt mer enn i<br \/>\n2025, n\u00e5r ogs\u00e5 land som for eksempel Norge, Canada og Japan bidrar.<br \/>\nVerdensbanken bidrar ogs\u00e5 med penger. Dette er allikevel ikke nok for \u00e5 beseire<br \/>\nRussland.<\/p>\n<p>Bj\u00f8rtvedt estimerer at totalsummen til Ukraina vil havne p\u00e5<br \/>\net sted mellom 60\u2013100 milliarder, alt ettersom hvor stor st\u00f8tten fra<br \/>\nverdenssamfunnet blir.<\/p>\n<p>Rapporten estimerer at en mulig seier ville krevd bidrag p\u00e5<br \/>\n258\u2013419 milliarder euro i 2026, men fallende allerede i 2027 til 138\u2013243<br \/>\nmilliarder euro p\u00e5 grunn av krigsopph\u00f8r og reduserte kostnader til flyktninger.<\/p>\n<p>\u2013 Midlene i l\u00e5net er nok til at Ukraina vil kunne holde<br \/>\nfronten, men de vil ikke kunne rykke s\u00e6rlig mye fram, og Russland vil kunne<br \/>\nfortsette utmattelseskrigen. Det er allikevel ikke gitt at det er Russland som<br \/>\nholder lengst i den, mener Bj\u00f8rtvedt.<\/p>\n<p>        <a itemprop=\"url\" class=\"\" href=\"https:\/\/www.dagsavisen.no\/kommentar\/halv-eu-seier\/10120169\" data-k5a-url=\"https:\/\/www.dagsavisen.no\/a\/10120169\" rel=\"nofollow noopener\" target=\"_blank\"><\/p>\n<p>            Splittelsen internt i EU er bekymrende<\/p>\n<p>        <\/a><\/p>\n<p>Stillingskrig<\/p>\n<p>\u2013 Ukraina har minst like stor utholdenhet som Russland i<br \/>\ndenne krigen, sier Bj\u00f8rtvedt.<\/p>\n<p>Han p\u00e5peker at frontene beveger seg like tregt som i f\u00f8rste<br \/>\nverdenskrig. Den lille bevegelsen i frontene som fant sted i sommer, kan knapt<br \/>\nsees p\u00e5 kartet.<\/p>\n<p class=\"italic m-italic\" data-lab-italic=\"italic\">\u2013 Kan det i fremtiden bli aktuelt \u00e5 bruke de fryste<br \/>\nrussiske pengene allikevel?<\/p>\n<p>\u2013 Hvis det skulle forekomme en lokal kollaps av fronten og<br \/>\nrusserne stormer frem rundt for eksempel Kramatorsk eller rykker fort fram mot<br \/>\nZaporizjzja by, s\u00e5 tror jeg man vil ta av de russiske midlene for \u00e5 kunne<br \/>\nbevilge langt mer til Ukrainas forsvar.<\/p>\n<p>Bj\u00f8rtvedt understreker at dette vil skje i form av\u00a0\u00e5 ta sikkerhet i selve midlene for et nytt l\u00e5n, og ikke bare rentene, slik som tidligere.<\/p>\n<p>P\u00e5 denne m\u00e5ten slipper man \u00e5 ta midlene direkte.<\/p>\n<p>                <img decoding=\"async\" src=\"https:\/\/www.europesays.com\/no\/wp-content\/uploads\/2025\/12\/10121073.webp\" width=\"480\" height=\"274\" title=\"En russisk soldat holder vakt ved atomkraftverket i Zaporizjzja. Kraftverket ligger p\u00e5 sydsiden av et elveleie. P\u00e5 andre siden av elven ligger Zaporizjzja by, som holdes av ukrainerne.\" alt=\"En russisk soldat holder vakt ved atomkraftverket i Zaporizjzja. Kraftverket ligger p\u00e5 sydsiden av et elveleie. P\u00e5 andre siden av elven ligger Zaporizjzja by, som holdes av ukrainerne.\" loading=\"lazy\" style=\"\"\/><\/p>\n<p>\n            En russisk soldat holder vakt ved atomkraftverket i Zaporizjzja. Kraftverket ligger p\u00e5 sydsiden av et elveleie. P\u00e5 andre siden av elven ligger Zaporizjzja by, som holdes av ukrainerne.<br \/>\n            FOTO: AP\/NTB\n        <\/p>\n<p>Siden det nye EU-l\u00e5net ikke tar sikkerhet i de russiske<br \/>\npengene, forutsetter ikke en slik handling en restrukturering av fredagens<br \/>\nl\u00e5n.\u00a0<\/p>\n<p>Derfor er diskusjonen om \u00e5 beslaglegge russiske penger mot<br \/>\nnorsk sikkerhet i oljefondet ikke helt d\u00f8d enda, om norske politikere skulle<br \/>\nbestemme seg for \u00e5 vekke liv i forslaget.<\/p>\n<p>\u2013 Hele l\u00e5net m\u00e5 budsjetteres i EUs budsjett. Jens<br \/>\nStoltenberg p\u00e5pekte dette under diskusjonen om norsk sikkerhet gjennom<br \/>\noljefondet tidligere: Et slikt l\u00e5n ville m\u00e5tte blitt kostnadsf\u00f8rt i<br \/>\nstatsbudsjettet. Dette er EU n\u00f8dt til n\u00e5, avslutter Bj\u00f8rtvedt.\u00a0<\/p>\n<p>\u00a0<\/p>\n","protected":false},"excerpt":{"rendered":"\u2013 Dette vil \u00e5penbart gi Ukraina en fordel i forhandlingene. Norge skal ogs\u00e5 p\u00e5 banen med sine 85&hellip;\n","protected":false},"author":2,"featured_media":117631,"comment_status":"","ping_status":"","sticky":false,"template":"","format":"standard","meta":{"footnotes":""},"categories":[12],"tags":[20,21,24,25,15,22,23,13,30,28,29,14,16,26,27,42,43,44,45],"class_list":{"0":"post-117630","1":"post","2":"type-post","3":"status-publish","4":"format-standard","5":"has-post-thumbnail","7":"category-verden","8":"tag-breaking-news","9":"tag-breakingnews","10":"tag-featured-news","11":"tag-featurednews","12":"tag-headlines","13":"tag-latest-news","14":"tag-latestnews","15":"tag-news","16":"tag-no","17":"tag-norge","18":"tag-norway","19":"tag-nyheter","20":"tag-overskrifter","21":"tag-top-stories","22":"tag-topstories","23":"tag-verden","24":"tag-world","25":"tag-world-news","26":"tag-worldnews"},"share_on_mastodon":{"url":"https:\/\/pubeurope.com\/@no\/115747507000393572","error":""},"_links":{"self":[{"href":"https:\/\/www.europesays.com\/no\/wp-json\/wp\/v2\/posts\/117630","targetHints":{"allow":["GET"]}}],"collection":[{"href":"https:\/\/www.europesays.com\/no\/wp-json\/wp\/v2\/posts"}],"about":[{"href":"https:\/\/www.europesays.com\/no\/wp-json\/wp\/v2\/types\/post"}],"author":[{"embeddable":true,"href":"https:\/\/www.europesays.com\/no\/wp-json\/wp\/v2\/users\/2"}],"replies":[{"embeddable":true,"href":"https:\/\/www.europesays.com\/no\/wp-json\/wp\/v2\/comments?post=117630"}],"version-history":[{"count":0,"href":"https:\/\/www.europesays.com\/no\/wp-json\/wp\/v2\/posts\/117630\/revisions"}],"wp:featuredmedia":[{"embeddable":true,"href":"https:\/\/www.europesays.com\/no\/wp-json\/wp\/v2\/media\/117631"}],"wp:attachment":[{"href":"https:\/\/www.europesays.com\/no\/wp-json\/wp\/v2\/media?parent=117630"}],"wp:term":[{"taxonomy":"category","embeddable":true,"href":"https:\/\/www.europesays.com\/no\/wp-json\/wp\/v2\/categories?post=117630"},{"taxonomy":"post_tag","embeddable":true,"href":"https:\/\/www.europesays.com\/no\/wp-json\/wp\/v2\/tags?post=117630"}],"curies":[{"name":"wp","href":"https:\/\/api.w.org\/{rel}","templated":true}]}}