{"id":117634,"date":"2025-12-19T17:53:13","date_gmt":"2025-12-19T17:53:13","guid":{"rendered":"https:\/\/www.europesays.com\/no\/117634\/"},"modified":"2025-12-19T17:53:13","modified_gmt":"2025-12-19T17:53:13","slug":"krise-nrk-sport-sportsnyheter-resultater-og-sendeplan","status":"publish","type":"post","link":"https:\/\/www.europesays.com\/no\/117634\/","title":{"rendered":"\u2013 Krise \u2013 NRK Sport \u2013 Sportsnyheter, resultater og sendeplan"},"content":{"rendered":"<p>Det ble en suksessfull sprint for de norske skiskytter-herrene fredag.<\/p>\n<p>For i Le Grand Bornand sikret Norge seg fire av de fem \u00f8verste plasseringene.<\/p>\n<p>Det likte svenske Sebastian Samuelsson d\u00e5rlig<\/p>\n<p>\u2013 Det er krise, jeg skal hjem n\u00e5 og virkelig fundere lenge hele kvelden for \u00e5 snu dette til i morgen, for fire nordmenn vil jeg ikke ha foran meg, sier han til NRK.<\/p>\n<p><img decoding=\"async\"   src=\"data:image\/gif;base64,R0lGODlhAQABAIAAAAAAAP\/\/\/yH5BAEAAAAALAAAAAABAAEAAAIBRAA7\" loading=\"eager\" alt=\"Sebastian Samuelsson etter sprinten i Le Grand Bornand.\" title=\"Foto: Anders Boine Verstad \/ NRK\"\/><\/p>\n<p class=\"\">IRRITERENDE: Svensken var s\u00e6rdeles misforn\u00f8yd med resultatet fredag.\n<\/p>\n<p>Foto: Anders Boine Verstad \/ NRK<\/p>\n<p>\u2013 Hvorfor er det krise?<\/p>\n<p>\u2013 Det er for d\u00e5rlig, nordmennene er gode, men s\u00e5 gode er de ikke, og jeg skal kunne sl\u00e5 dem.<\/p>\n<p>Johan-Olav Botn var ikke imponert over Samuelssons uttalelser.<\/p>\n<p>\u2013 Det er s\u00e5 idiotisk \u00e5 si. Han sier det bare p\u00e5 f\u00f8lelser, ogs\u00e5 nekter han \u00e5 se p\u00e5 resultatlista at det er s\u00e5 mange gode nordmenn. Det stemmer jo bare. Det er jo bare \u00e5 se p\u00e5 resultatlista de siste ti \u00e5ra. Han nekter \u00e5 se p\u00e5 fakta, sier Botn til NRK.\n<\/p>\n<p><img decoding=\"async\"   src=\"data:image\/gif;base64,R0lGODlhAQABAIAAAAAAAP\/\/\/yH5BAEAAAAALAAAAAABAAEAAAIBRAA7\" loading=\"eager\" alt=\"Skiskyting: Johan-Olav Botn under trening i Le Grand-Bornand\" title=\"Foto: Anders Boine Verstad \/ NRK\"\/><\/p>\n<p class=\"\">IDIOTISK: Botn var ikke s\u00e6rlig imponert over uttalelsene \u2013 eller prestasjonene til \u2013 Samuelsson.<\/p>\n<p>Foto: Anders Boine Verstad \/ NRK<\/p>\n<p>Han mener svensken ikke har levert varene til n\u00e5.<\/p>\n<p><strong>\u2013 Han klarer jo ikke lage overskrifter med resultatene sine, s\u00e5 da m\u00e5 han lage overskrifter p\u00e5 andre m\u00e5ter. F\u00f8ler han er en irriterende lillebror som skal ha oppmerksomhet hele tiden n\u00e5r han ikke klarer \u00e5 levere resultat.<\/strong><\/p>\n<p>Sj\u00e5stad Christiansen var p\u00e5 sin side enig med Samuelssons krise-uttalelse.<\/p>\n<p><strong>\u2013 Ja det er jeg helt enig i. Han m\u00e5 hjem og skamme seg, sier han til NRK og fortsetter:<\/strong><\/p>\n<p>\u2013 \u00abSebbe\u00bb har lenge v\u00e6rt som en lillebror for meg. Jeg er godt vant med det.<\/p>\n<p>Tror p\u00e5 OL<\/p>\n<p>Med to fulle hus var det Vetle Sj\u00e5stad Christiansen som gikk til topps i Le Grand Bornand fredag.<\/p>\n<p><strong>\u2013 Dette var ikke bare for seier. Der slo han inn OL-d\u00f8ra for godt, sier NRK-kommentator Torgeir Bj\u00f8rn<\/strong><strong> i det Sj\u00e5stad Christiansen kryssa m\u00e5lstreken.<\/strong><\/p>\n<p>\u2013 Kriterier er levert der, og da er han klar til OL, sier Ola Lunde.<\/p>\n<p>P\u00e5 sp\u00f8rsm\u00e5l fra NRK om dagens resultat er OL-billetten, svarer Sj\u00e5stad Christiansen:<\/p>\n<p><strong>\u2013 Det var det.<\/strong><\/p>\n<p><img decoding=\"async\"   src=\"data:image\/gif;base64,R0lGODlhAQABAIAAAAAAAP\/\/\/yH5BAEAAAAALAAAAAABAAEAAAIBRAA7\" loading=\"eager\" alt=\"\" title=\"Foto: OLIVIER CHASSIGNOLE \/ AFP \/ NTB\"\/><\/p>\n<p class=\"\">STERKT: Sj\u00e5stad Christiansen leverte varene fredag.<\/p>\n<p>Foto: OLIVIER CHASSIGNOLE \/ AFP \/ NTB<\/p>\n<p>I etterkant av sprinten var han en meget sliten mann.<\/p>\n<p>\u2013 Jeg fikk beskjed om at jeg skulle kjempe mot Dale p\u00e5 sisterunden der. S\u00e5 tenkte jeg at: dette g\u00e5r jo ikke. Jeg g\u00e5r mot verdens beste sisterunde-l\u00f8per her. Men jeg \u00abpaca\u00bb skikkelig bra i dag. Det var skikkelig tunge forhold som ikke passer meg i dag, sier han til NRK.<\/p>\n<p><img decoding=\"async\"   src=\"data:image\/gif;base64,R0lGODlhAQABAIAAAAAAAP\/\/\/yH5BAEAAAAALAAAAAABAAEAAAIBRAA7\" loading=\"eager\" alt=\"En mann i skikj\u00f8rerutstyr forbereder seg til \u00e5 skyte med en rifle under en konkurranse. Han er if\u00f8rt en svart lue med logoer og briller. Riflen er festet til en st\u00f8tte, og han har et m\u00e5lrettet blikk mot siktemidlet. Bakgrunnen viser sn\u00f8dekte omr\u00e5der som typisk kjennetegner vintersport. (Bildebeskrivelsen er laget av en KI-tjeneste)\" title=\"Foto: OLIVIER CHASSIGNOLE \/ AFP \/ NTB\"\/><\/p>\n<p>Foto: OLIVIER CHASSIGNOLE \/ AFP \/ NTB<\/p>\n<p>Johannes Dale-Skjevdal var f\u00f8rste nordmann i aksjon fredag. Han m\u00e5tte g\u00e5 to strafferunder i Le Grand Bornand, etter en bom p\u00e5 begge skytinger.<\/p>\n<p>Nordmannen reddet seg imidlertid inn med god fart i l\u00f8ypa og sikret seg andreplassen.<\/p>\n<p>\u2013 Jeg hadde ikke h\u00e5p om noe av dette her da jeg kom i m\u00e5l. S\u00e5 begynte ting plutselig \u00e5 se bra ut, og s\u00e5 kommer han j\u00e6velen der og \u00f8delegger alt, sier Dale-Skjevdal til NRK og viser til Sj\u00e5stad Christiansen.<\/p>\n<p>M\u00e5tte kaste opp<\/p>\n<p>Det har v\u00e6rt en sykdomspreget oppladning til rennene i Le Grand Bornand. Martin Uldal reiste denne uken hjem med sykdom, samtidig som Isak Leknes Frey kom ned torsdag, etter \u00e5 ha slitt med sykdom.<\/p>\n<p>Heller ikke Sturla Holm L\u00e6greid har v\u00e6rt helt pigg i forkant av fredagens renn.<\/p>\n<p>Etter sprinten var fredagens seiersherre helt utmattet.<\/p>\n<p>\u2013 Jeg m\u00e5tte ta en runde \u00e5 kaste opp litt. Jeg var s\u00e5 i kjelleren p\u00e5 siste runden der. Det kom med renters renter etter et kvarter der. Det var forferdelig, forteller Sj\u00e5stad Christiansen til NRK.<\/p>\n<p><img decoding=\"async\"   src=\"data:image\/gif;base64,R0lGODlhAQABAIAAAAAAAP\/\/\/yH5BAEAAAAALAAAAAABAAEAAAIBRAA7\" loading=\"eager\" alt=\"Vetle Sj\u00e5stad Christiansen p\u00e5 seierspallen etter sprinten i Le Grand Bornand.\" title=\"Foto: Anders Boine Verstad \/ NRK\"\/><\/p>\n<p class=\"\">TOPP: De to \u00f8verste plassene p\u00e5 dagens sprint gikk til Norge. \u00c9milien Jacquelin sikret tredjeplassen.<\/p>\n<p>Foto: Anders Boine Verstad \/ NRK<\/p>\n<p>Han omtaler rennet som fryktelig vondt, men fryktelig verdt det.<\/p>\n<p>\u2013 Det er vondt at det vi elsker mest, skal v\u00e6re s\u00e5 slitsomt.<\/p>\n<p>        St\u00e5le Solbakken: \u2013Jeg hater det<\/p>\n<p>    <img decoding=\"async\" class=\"playlist-item__img\" src=\"https:\/\/www.europesays.com\/no\/wp-content\/uploads\/2025\/12\/yySttM_laZA1gpvxWZWVcw2vyvuCpPYaA8HMt2L52Zdg.jpeg\"\/><br \/>\n     \u00abJinxer\u00bb Viking det med gull\u00f8let her<br \/>\n    00:39<\/p>\n<p>    <img decoding=\"async\" class=\"playlist-item__img\" src=\"https:\/\/www.europesays.com\/no\/wp-content\/uploads\/2025\/12\/8T8wo9gAULSdkm0hng4mdQqpl8NHrz4_ureOf9g97LhA.jpeg\"\/><br \/>\n     34 \u00e5r siden Viking tok gull<br \/>\n    01:08<\/p>\n<p>    <img decoding=\"async\" class=\"playlist-item__img\" src=\"https:\/\/www.europesays.com\/no\/wp-content\/uploads\/2025\/12\/wkEVta2glnNYKn7fuw5DvgHAEgT2Xe_VXCTURyRzZtsg.jpeg\"\/><br \/>\n     Feirer med \u00abgriddy\u00bb mot Brasil<br \/>\n    01:00<\/p>\n<p>\n          Vis flere\n        <\/p>\n<p>Publisert<\/p>\n<p>19.12.2025, kl. 15.17<\/p>\n<p>Oppdatert<\/p>\n<p>19.12.2025, kl. 17.57<\/p>\n","protected":false},"excerpt":{"rendered":"Det ble en suksessfull sprint for de norske skiskytter-herrene fredag. For i Le Grand Bornand sikret Norge seg&hellip;\n","protected":false},"author":2,"featured_media":117503,"comment_status":"","ping_status":"","sticky":false,"template":"","format":"standard","meta":{"footnotes":""},"categories":[5],"tags":[20,21,24,25,15,19,22,23,17,18,13,30,28,29,14,16,26,27],"class_list":{"0":"post-117634","1":"post","2":"type-post","3":"status-publish","4":"format-standard","5":"has-post-thumbnail","7":"category-overskrifter","8":"tag-breaking-news","9":"tag-breakingnews","10":"tag-featured-news","11":"tag-featurednews","12":"tag-headlines","13":"tag-hovedoppslag","14":"tag-latest-news","15":"tag-latestnews","16":"tag-main-news","17":"tag-mainnews","18":"tag-news","19":"tag-no","20":"tag-norge","21":"tag-norway","22":"tag-nyheter","23":"tag-overskrifter","24":"tag-top-stories","25":"tag-topstories"},"share_on_mastodon":{"url":"https:\/\/pubeurope.com\/@no\/115747514545302736","error":""},"_links":{"self":[{"href":"https:\/\/www.europesays.com\/no\/wp-json\/wp\/v2\/posts\/117634","targetHints":{"allow":["GET"]}}],"collection":[{"href":"https:\/\/www.europesays.com\/no\/wp-json\/wp\/v2\/posts"}],"about":[{"href":"https:\/\/www.europesays.com\/no\/wp-json\/wp\/v2\/types\/post"}],"author":[{"embeddable":true,"href":"https:\/\/www.europesays.com\/no\/wp-json\/wp\/v2\/users\/2"}],"replies":[{"embeddable":true,"href":"https:\/\/www.europesays.com\/no\/wp-json\/wp\/v2\/comments?post=117634"}],"version-history":[{"count":0,"href":"https:\/\/www.europesays.com\/no\/wp-json\/wp\/v2\/posts\/117634\/revisions"}],"wp:featuredmedia":[{"embeddable":true,"href":"https:\/\/www.europesays.com\/no\/wp-json\/wp\/v2\/media\/117503"}],"wp:attachment":[{"href":"https:\/\/www.europesays.com\/no\/wp-json\/wp\/v2\/media?parent=117634"}],"wp:term":[{"taxonomy":"category","embeddable":true,"href":"https:\/\/www.europesays.com\/no\/wp-json\/wp\/v2\/categories?post=117634"},{"taxonomy":"post_tag","embeddable":true,"href":"https:\/\/www.europesays.com\/no\/wp-json\/wp\/v2\/tags?post=117634"}],"curies":[{"name":"wp","href":"https:\/\/api.w.org\/{rel}","templated":true}]}}